{"id":1715,"date":"2026-09-05T18:13:38","date_gmt":"2026-09-05T18:13:38","guid":{"rendered":"https:\/\/direktno.info\/?p=1715"},"modified":"2026-09-05T18:13:40","modified_gmt":"2026-09-05T18:13:40","slug":"radan-ostojic-se-emotivno-oprostio-od-generala-mladica-video","status":"publish","type":"post","link":"https:\/\/direktno.info\/index.php\/2026\/09\/05\/radan-ostojic-se-emotivno-oprostio-od-generala-mladica-video\/","title":{"rendered":"Radan Ostoji\u0107 se emotivno oprostio od generala Mladi\u0107a (VIDEO)"},"content":{"rendered":"\n<p class=\"wp-block-paragraph\"><strong>Generale, oprosti nam, sada kad ide\u0161 Bogu na istinu \u017eelim da te zamolim da nam oprosti\u0161 svima. Cijelom srpskom narodu. <\/strong> Opra\u0161tao je i car Lazar i onima koji nisu \u010duli da je bio Kosovski boj i onima koji na njega nisu do\u0161li i onima koji su sa njega pobjegli. Oprosti i onima koji nikad nisu \u010duli da je bio odbrambeno &#8211; otad\u017ebinski rat, oprosti i onima koji su zakasnili na njega i onima koji su iz njega pobjegli, poru\u010dio je danas iz Beograda sa komemoracije Ratko Mladi\u0107u <strong>predsednik Bora\u010dke organizacije Republike Srpske (BORS), ministar rada i bora\u010dko-invalidske za\u0161tite Republike Srpske u Vladi RS Radan Ostoji\u0107.<\/strong><\/p>\n\n\n\n<p class=\"wp-block-paragraph\">Posebno je naglasio da je hri\u0161\u0107anski pra\u0161tati dodaju\u0107i da istorija koju nosimo u svom srcu to \u0107e vje\u010dno da pamti.<\/p>\n\n\n\n<figure class=\"wp-block-video\"><video height=\"720\" style=\"aspect-ratio: 720 \/ 720;\" width=\"720\" controls src=\"https:\/\/direktno.info\/wp-content\/uploads\/2026\/09\/70423.mp4\"><\/video><\/figure>\n\n\n\n<p class=\"wp-block-paragraph\">&#8211; Putuj generale u vje\u010dnost. Putuj u Carstvo nebesko. Putuj u u slobodu, u Vaskrsenje, putuj u u susret kosovskim junacima i svima onima koji su kroz istoriju ginuli za slobodu srpskog naroda. <strong>Putuj u zagrljaj svojoj k\u0107erci Ani, neka ti je laka crna zemlja, bla\u017een pokoj, Bog da ti du\u0161u prosti, zaklju\u010dio je Ostoji\u0107. <\/strong><\/p>\n","protected":false},"excerpt":{"rendered":"<p>Generale, oprosti nam, sada kad ide\u0161 Bogu na istinu \u017eelim da te zamolim da nam oprosti\u0161 svima. Cijelom<\/p>\n","protected":false},"author":1,"featured_media":1717,"comment_status":"open","ping_status":"open","sticky":false,"template":"","format":"standard","meta":{"footnotes":""},"categories":[32],"tags":[167,168,170,169,166,40,98,118,127],"class_list":["post-1715","post","type-post","status-publish","format-standard","has-post-thumbnail","hentry","category-pobjednik-dana","tag-boracka-organizacija-republike-srpske","tag-bors","tag-komemoracija","tag-ministarstvo-boracke-zastite","tag-radan-ostojic","tag-ratko-mladic","tag-republika-srpska","tag-srbija","tag-vlada-republike-srpske"],"yoast_head":"<!-- This site is optimized with the Yoast SEO plugin v28.3 - https:\/\/yoast.com\/product\/yoast-seo-wordpress\/ -->\n<title>Radan Ostoji\u0107 se emotivno oprostio od generala Mladi\u0107a (VIDEO) - Direktno<\/title>\n<meta name=\"robots\" content=\"index, follow, max-snippet:-1, max-image-preview:large, max-video-preview:-1\" \/>\n<link rel=\"canonical\" href=\"https:\/\/direktno.info\/index.php\/2026\/09\/05\/radan-ostojic-se-emotivno-oprostio-od-generala-mladica-video\/\" \/>\n<meta property=\"og:locale\" content=\"hr_HR\" \/>\n<meta property=\"og:type\" content=\"article\" \/>\n<meta property=\"og:title\" content=\"Radan Ostoji\u0107 se emotivno oprostio od generala Mladi\u0107a (VIDEO) - Direktno\" \/>\n<meta property=\"og:description\" content=\"Generale, oprosti nam, sada kad ide\u0161 Bogu na istinu \u017eelim da te zamolim da nam oprosti\u0161 svima. Cijelom\" \/>\n<meta property=\"og:url\" content=\"https:\/\/direktno.info\/index.php\/2026\/09\/05\/radan-ostojic-se-emotivno-oprostio-od-generala-mladica-video\/\" \/>\n<meta property=\"og:site_name\" content=\"Direktno\" \/>\n<meta property=\"article:publisher\" content=\"https:\/\/www.facebook.com\/share\/1Jy4gXyc5u\/\" \/>\n<meta property=\"article:published_time\" content=\"2026-09-05T18:13:38+00:00\" \/>\n<meta property=\"article:modified_time\" content=\"2026-09-05T18:13:40+00:00\" \/>\n<meta property=\"og:image\" content=\"http:\/\/direktno.info\/wp-content\/uploads\/2026\/09\/78925817_803-1.jpeg\" \/>\n\t<meta property=\"og:image:width\" content=\"575\" \/>\n\t<meta property=\"og:image:height\" content=\"575\" \/>\n\t<meta property=\"og:image:type\" content=\"image\/jpeg\" \/>\n<meta name=\"author\" content=\"Redakcija\" \/>\n<meta name=\"twitter:card\" content=\"summary_large_image\" \/>\n<meta name=\"twitter:label1\" content=\"Napisao\/la\" \/>\n\t<meta name=\"twitter:data1\" content=\"Redakcija\" \/>\n\t<meta name=\"twitter:label2\" content=\"Procijenjeno vrijeme \u010ditanja\" \/>\n\t<meta name=\"twitter:data2\" content=\"2 minute\" \/>\n<script type=\"application\/ld+json\" class=\"yoast-schema-graph\">{\"@context\":\"https:\\\/\\\/schema.org\",\"@graph\":[{\"@type\":\"Article\",\"@id\":\"https:\\\/\\\/direktno.info\\\/index.php\\\/2026\\\/09\\\/05\\\/radan-ostojic-se-emotivno-oprostio-od-generala-mladica-video\\\/#article\",\"isPartOf\":{\"@id\":\"https:\\\/\\\/direktno.info\\\/index.php\\\/2026\\\/09\\\/05\\\/radan-ostojic-se-emotivno-oprostio-od-generala-mladica-video\\\/\"},\"author\":{\"name\":\"Redakcija\",\"@id\":\"https:\\\/\\\/direktno.info\\\/#\\\/schema\\\/person\\\/05fbdaecab81c27dec7cc131a9b37be1\"},\"headline\":\"Radan Ostoji\u0107 se emotivno oprostio od generala Mladi\u0107a (VIDEO)\",\"datePublished\":\"2026-09-05T18:13:38+00:00\",\"dateModified\":\"2026-09-05T18:13:40+00:00\",\"mainEntityOfPage\":{\"@id\":\"https:\\\/\\\/direktno.info\\\/index.php\\\/2026\\\/09\\\/05\\\/radan-ostojic-se-emotivno-oprostio-od-generala-mladica-video\\\/\"},\"wordCount\":207,\"commentCount\":0,\"publisher\":{\"@id\":\"https:\\\/\\\/direktno.info\\\/#organization\"},\"image\":{\"@id\":\"https:\\\/\\\/direktno.info\\\/index.php\\\/2026\\\/09\\\/05\\\/radan-ostojic-se-emotivno-oprostio-od-generala-mladica-video\\\/#primaryimage\"},\"thumbnailUrl\":\"https:\\\/\\\/direktno.info\\\/wp-content\\\/uploads\\\/2026\\\/09\\\/78925817_803-1.jpeg\",\"keywords\":[\"Bora\u010dka organizacija Republike Srpske\",\"BORS\",\"Komemoracija\",\"Ministarstvo bora\u010dke za\u0161tite\",\"Radan Ostoji\u0107\",\"Ratko Mladi\u0107\",\"Republika Srpska\",\"Srbija\",\"Vlada Republike Srpske\"],\"articleSection\":[\"Pobjednik dana\"],\"inLanguage\":\"hr\",\"potentialAction\":[{\"@type\":\"CommentAction\",\"name\":\"Comment\",\"target\":[\"https:\\\/\\\/direktno.info\\\/index.php\\\/2026\\\/09\\\/05\\\/radan-ostojic-se-emotivno-oprostio-od-generala-mladica-video\\\/#respond\"]}]},{\"@type\":\"WebPage\",\"@id\":\"https:\\\/\\\/direktno.info\\\/index.php\\\/2026\\\/09\\\/05\\\/radan-ostojic-se-emotivno-oprostio-od-generala-mladica-video\\\/\",\"url\":\"https:\\\/\\\/direktno.info\\\/index.php\\\/2026\\\/09\\\/05\\\/radan-ostojic-se-emotivno-oprostio-od-generala-mladica-video\\\/\",\"name\":\"Radan Ostoji\u0107 se emotivno oprostio od generala Mladi\u0107a (VIDEO) - Direktno\",\"isPartOf\":{\"@id\":\"https:\\\/\\\/direktno.info\\\/#website\"},\"primaryImageOfPage\":{\"@id\":\"https:\\\/\\\/direktno.info\\\/index.php\\\/2026\\\/09\\\/05\\\/radan-ostojic-se-emotivno-oprostio-od-generala-mladica-video\\\/#primaryimage\"},\"image\":{\"@id\":\"https:\\\/\\\/direktno.info\\\/index.php\\\/2026\\\/09\\\/05\\\/radan-ostojic-se-emotivno-oprostio-od-generala-mladica-video\\\/#primaryimage\"},\"thumbnailUrl\":\"https:\\\/\\\/direktno.info\\\/wp-content\\\/uploads\\\/2026\\\/09\\\/78925817_803-1.jpeg\",\"datePublished\":\"2026-09-05T18:13:38+00:00\",\"dateModified\":\"2026-09-05T18:13:40+00:00\",\"breadcrumb\":{\"@id\":\"https:\\\/\\\/direktno.info\\\/index.php\\\/2026\\\/09\\\/05\\\/radan-ostojic-se-emotivno-oprostio-od-generala-mladica-video\\\/#breadcrumb\"},\"inLanguage\":\"hr\",\"potentialAction\":[{\"@type\":\"ReadAction\",\"target\":[\"https:\\\/\\\/direktno.info\\\/index.php\\\/2026\\\/09\\\/05\\\/radan-ostojic-se-emotivno-oprostio-od-generala-mladica-video\\\/\"]}]},{\"@type\":\"ImageObject\",\"inLanguage\":\"hr\",\"@id\":\"https:\\\/\\\/direktno.info\\\/index.php\\\/2026\\\/09\\\/05\\\/radan-ostojic-se-emotivno-oprostio-od-generala-mladica-video\\\/#primaryimage\",\"url\":\"https:\\\/\\\/direktno.info\\\/wp-content\\\/uploads\\\/2026\\\/09\\\/78925817_803-1.jpeg\",\"contentUrl\":\"https:\\\/\\\/direktno.info\\\/wp-content\\\/uploads\\\/2026\\\/09\\\/78925817_803-1.jpeg\",\"width\":575,\"height\":575},{\"@type\":\"BreadcrumbList\",\"@id\":\"https:\\\/\\\/direktno.info\\\/index.php\\\/2026\\\/09\\\/05\\\/radan-ostojic-se-emotivno-oprostio-od-generala-mladica-video\\\/#breadcrumb\",\"itemListElement\":[{\"@type\":\"ListItem\",\"position\":1,\"name\":\"Po\u010detna stranica\",\"item\":\"https:\\\/\\\/direktno.info\\\/\"},{\"@type\":\"ListItem\",\"position\":2,\"name\":\"Radan Ostoji\u0107 se emotivno oprostio od generala Mladi\u0107a (VIDEO)\"}]},{\"@type\":\"WebSite\",\"@id\":\"https:\\\/\\\/direktno.info\\\/#website\",\"url\":\"https:\\\/\\\/direktno.info\\\/\",\"name\":\"Direktno\",\"description\":\"\",\"publisher\":{\"@id\":\"https:\\\/\\\/direktno.info\\\/#organization\"},\"potentialAction\":[{\"@type\":\"SearchAction\",\"target\":{\"@type\":\"EntryPoint\",\"urlTemplate\":\"https:\\\/\\\/direktno.info\\\/?s={search_term_string}\"},\"query-input\":{\"@type\":\"PropertyValueSpecification\",\"valueRequired\":true,\"valueName\":\"search_term_string\"}}],\"inLanguage\":\"hr\"},{\"@type\":\"Organization\",\"@id\":\"https:\\\/\\\/direktno.info\\\/#organization\",\"name\":\"Direktno\",\"url\":\"https:\\\/\\\/direktno.info\\\/\",\"logo\":{\"@type\":\"ImageObject\",\"inLanguage\":\"hr\",\"@id\":\"https:\\\/\\\/direktno.info\\\/#\\\/schema\\\/logo\\\/image\\\/\",\"url\":\"https:\\\/\\\/direktno.info\\\/wp-content\\\/uploads\\\/2026\\\/08\\\/direktno_logo_white.png\",\"contentUrl\":\"https:\\\/\\\/direktno.info\\\/wp-content\\\/uploads\\\/2026\\\/08\\\/direktno_logo_white.png\",\"width\":1600,\"height\":340,\"caption\":\"Direktno\"},\"image\":{\"@id\":\"https:\\\/\\\/direktno.info\\\/#\\\/schema\\\/logo\\\/image\\\/\"},\"sameAs\":[\"https:\\\/\\\/www.facebook.com\\\/share\\\/1Jy4gXyc5u\\\/\"]},{\"@type\":\"Person\",\"@id\":\"https:\\\/\\\/direktno.info\\\/#\\\/schema\\\/person\\\/05fbdaecab81c27dec7cc131a9b37be1\",\"name\":\"Redakcija\",\"image\":{\"@type\":\"ImageObject\",\"inLanguage\":\"hr\",\"@id\":\"https:\\\/\\\/secure.gravatar.com\\\/avatar\\\/ede9d7f54b6164109c0b03742da40f108052ff362d7f85a6850f3cb67bd3d495?s=96&d=mm&r=g\",\"url\":\"https:\\\/\\\/secure.gravatar.com\\\/avatar\\\/ede9d7f54b6164109c0b03742da40f108052ff362d7f85a6850f3cb67bd3d495?s=96&d=mm&r=g\",\"contentUrl\":\"https:\\\/\\\/secure.gravatar.com\\\/avatar\\\/ede9d7f54b6164109c0b03742da40f108052ff362d7f85a6850f3cb67bd3d495?s=96&d=mm&r=g\",\"caption\":\"Redakcija\"},\"sameAs\":[\"http:\\\/\\\/direktno.info\"],\"url\":\"https:\\\/\\\/direktno.info\\\/index.php\\\/author\\\/novinar0603\\\/\"}]}<\/script>\n<!-- \/ Yoast SEO plugin. -->","yoast_head_json":{"title":"Radan Ostoji\u0107 se emotivno oprostio od generala Mladi\u0107a (VIDEO) - Direktno","robots":{"index":"index","follow":"follow","max-snippet":"max-snippet:-1","max-image-preview":"max-image-preview:large","max-video-preview":"max-video-preview:-1"},"canonical":"https:\/\/direktno.info\/index.php\/2026\/09\/05\/radan-ostojic-se-emotivno-oprostio-od-generala-mladica-video\/","og_locale":"hr_HR","og_type":"article","og_title":"Radan Ostoji\u0107 se emotivno oprostio od generala Mladi\u0107a (VIDEO) - Direktno","og_description":"Generale, oprosti nam, sada kad ide\u0161 Bogu na istinu \u017eelim da te zamolim da nam oprosti\u0161 svima. Cijelom","og_url":"https:\/\/direktno.info\/index.php\/2026\/09\/05\/radan-ostojic-se-emotivno-oprostio-od-generala-mladica-video\/","og_site_name":"Direktno","article_publisher":"https:\/\/www.facebook.com\/share\/1Jy4gXyc5u\/","article_published_time":"2026-09-05T18:13:38+00:00","article_modified_time":"2026-09-05T18:13:40+00:00","og_image":[{"width":575,"height":575,"url":"http:\/\/direktno.info\/wp-content\/uploads\/2026\/09\/78925817_803-1.jpeg","type":"image\/jpeg"}],"author":"Redakcija","twitter_card":"summary_large_image","twitter_misc":{"Napisao\/la":"Redakcija","Procijenjeno vrijeme \u010ditanja":"2 minute"},"schema":{"@context":"https:\/\/schema.org","@graph":[{"@type":"Article","@id":"https:\/\/direktno.info\/index.php\/2026\/09\/05\/radan-ostojic-se-emotivno-oprostio-od-generala-mladica-video\/#article","isPartOf":{"@id":"https:\/\/direktno.info\/index.php\/2026\/09\/05\/radan-ostojic-se-emotivno-oprostio-od-generala-mladica-video\/"},"author":{"name":"Redakcija","@id":"https:\/\/direktno.info\/#\/schema\/person\/05fbdaecab81c27dec7cc131a9b37be1"},"headline":"Radan Ostoji\u0107 se emotivno oprostio od generala Mladi\u0107a (VIDEO)","datePublished":"2026-09-05T18:13:38+00:00","dateModified":"2026-09-05T18:13:40+00:00","mainEntityOfPage":{"@id":"https:\/\/direktno.info\/index.php\/2026\/09\/05\/radan-ostojic-se-emotivno-oprostio-od-generala-mladica-video\/"},"wordCount":207,"commentCount":0,"publisher":{"@id":"https:\/\/direktno.info\/#organization"},"image":{"@id":"https:\/\/direktno.info\/index.php\/2026\/09\/05\/radan-ostojic-se-emotivno-oprostio-od-generala-mladica-video\/#primaryimage"},"thumbnailUrl":"https:\/\/direktno.info\/wp-content\/uploads\/2026\/09\/78925817_803-1.jpeg","keywords":["Bora\u010dka organizacija Republike Srpske","BORS","Komemoracija","Ministarstvo bora\u010dke za\u0161tite","Radan Ostoji\u0107","Ratko Mladi\u0107","Republika Srpska","Srbija","Vlada Republike Srpske"],"articleSection":["Pobjednik dana"],"inLanguage":"hr","potentialAction":[{"@type":"CommentAction","name":"Comment","target":["https:\/\/direktno.info\/index.php\/2026\/09\/05\/radan-ostojic-se-emotivno-oprostio-od-generala-mladica-video\/#respond"]}]},{"@type":"WebPage","@id":"https:\/\/direktno.info\/index.php\/2026\/09\/05\/radan-ostojic-se-emotivno-oprostio-od-generala-mladica-video\/","url":"https:\/\/direktno.info\/index.php\/2026\/09\/05\/radan-ostojic-se-emotivno-oprostio-od-generala-mladica-video\/","name":"Radan Ostoji\u0107 se emotivno oprostio od generala Mladi\u0107a (VIDEO) - Direktno","isPartOf":{"@id":"https:\/\/direktno.info\/#website"},"primaryImageOfPage":{"@id":"https:\/\/direktno.info\/index.php\/2026\/09\/05\/radan-ostojic-se-emotivno-oprostio-od-generala-mladica-video\/#primaryimage"},"image":{"@id":"https:\/\/direktno.info\/index.php\/2026\/09\/05\/radan-ostojic-se-emotivno-oprostio-od-generala-mladica-video\/#primaryimage"},"thumbnailUrl":"https:\/\/direktno.info\/wp-content\/uploads\/2026\/09\/78925817_803-1.jpeg","datePublished":"2026-09-05T18:13:38+00:00","dateModified":"2026-09-05T18:13:40+00:00","breadcrumb":{"@id":"https:\/\/direktno.info\/index.php\/2026\/09\/05\/radan-ostojic-se-emotivno-oprostio-od-generala-mladica-video\/#breadcrumb"},"inLanguage":"hr","potentialAction":[{"@type":"ReadAction","target":["https:\/\/direktno.info\/index.php\/2026\/09\/05\/radan-ostojic-se-emotivno-oprostio-od-generala-mladica-video\/"]}]},{"@type":"ImageObject","inLanguage":"hr","@id":"https:\/\/direktno.info\/index.php\/2026\/09\/05\/radan-ostojic-se-emotivno-oprostio-od-generala-mladica-video\/#primaryimage","url":"https:\/\/direktno.info\/wp-content\/uploads\/2026\/09\/78925817_803-1.jpeg","contentUrl":"https:\/\/direktno.info\/wp-content\/uploads\/2026\/09\/78925817_803-1.jpeg","width":575,"height":575},{"@type":"BreadcrumbList","@id":"https:\/\/direktno.info\/index.php\/2026\/09\/05\/radan-ostojic-se-emotivno-oprostio-od-generala-mladica-video\/#breadcrumb","itemListElement":[{"@type":"ListItem","position":1,"name":"Po\u010detna stranica","item":"https:\/\/direktno.info\/"},{"@type":"ListItem","position":2,"name":"Radan Ostoji\u0107 se emotivno oprostio od generala Mladi\u0107a (VIDEO)"}]},{"@type":"WebSite","@id":"https:\/\/direktno.info\/#website","url":"https:\/\/direktno.info\/","name":"Direktno","description":"","publisher":{"@id":"https:\/\/direktno.info\/#organization"},"potentialAction":[{"@type":"SearchAction","target":{"@type":"EntryPoint","urlTemplate":"https:\/\/direktno.info\/?s={search_term_string}"},"query-input":{"@type":"PropertyValueSpecification","valueRequired":true,"valueName":"search_term_string"}}],"inLanguage":"hr"},{"@type":"Organization","@id":"https:\/\/direktno.info\/#organization","name":"Direktno","url":"https:\/\/direktno.info\/","logo":{"@type":"ImageObject","inLanguage":"hr","@id":"https:\/\/direktno.info\/#\/schema\/logo\/image\/","url":"https:\/\/direktno.info\/wp-content\/uploads\/2026\/08\/direktno_logo_white.png","contentUrl":"https:\/\/direktno.info\/wp-content\/uploads\/2026\/08\/direktno_logo_white.png","width":1600,"height":340,"caption":"Direktno"},"image":{"@id":"https:\/\/direktno.info\/#\/schema\/logo\/image\/"},"sameAs":["https:\/\/www.facebook.com\/share\/1Jy4gXyc5u\/"]},{"@type":"Person","@id":"https:\/\/direktno.info\/#\/schema\/person\/05fbdaecab81c27dec7cc131a9b37be1","name":"Redakcija","image":{"@type":"ImageObject","inLanguage":"hr","@id":"https:\/\/secure.gravatar.com\/avatar\/ede9d7f54b6164109c0b03742da40f108052ff362d7f85a6850f3cb67bd3d495?s=96&d=mm&r=g","url":"https:\/\/secure.gravatar.com\/avatar\/ede9d7f54b6164109c0b03742da40f108052ff362d7f85a6850f3cb67bd3d495?s=96&d=mm&r=g","contentUrl":"https:\/\/secure.gravatar.com\/avatar\/ede9d7f54b6164109c0b03742da40f108052ff362d7f85a6850f3cb67bd3d495?s=96&d=mm&r=g","caption":"Redakcija"},"sameAs":["http:\/\/direktno.info"],"url":"https:\/\/direktno.info\/index.php\/author\/novinar0603\/"}]}},"_links":{"self":[{"href":"https:\/\/direktno.info\/index.php\/wp-json\/wp\/v2\/posts\/1715","targetHints":{"allow":["GET"]}}],"collection":[{"href":"https:\/\/direktno.info\/index.php\/wp-json\/wp\/v2\/posts"}],"about":[{"href":"https:\/\/direktno.info\/index.php\/wp-json\/wp\/v2\/types\/post"}],"author":[{"embeddable":true,"href":"https:\/\/direktno.info\/index.php\/wp-json\/wp\/v2\/users\/1"}],"replies":[{"embeddable":true,"href":"https:\/\/direktno.info\/index.php\/wp-json\/wp\/v2\/comments?post=1715"}],"version-history":[{"count":1,"href":"https:\/\/direktno.info\/index.php\/wp-json\/wp\/v2\/posts\/1715\/revisions"}],"predecessor-version":[{"id":1718,"href":"https:\/\/direktno.info\/index.php\/wp-json\/wp\/v2\/posts\/1715\/revisions\/1718"}],"wp:featuredmedia":[{"embeddable":true,"href":"https:\/\/direktno.info\/index.php\/wp-json\/wp\/v2\/media\/1717"}],"wp:attachment":[{"href":"https:\/\/direktno.info\/index.php\/wp-json\/wp\/v2\/media?parent=1715"}],"wp:term":[{"taxonomy":"category","embeddable":true,"href":"https:\/\/direktno.info\/index.php\/wp-json\/wp\/v2\/categories?post=1715"},{"taxonomy":"post_tag","embeddable":true,"href":"https:\/\/direktno.info\/index.php\/wp-json\/wp\/v2\/tags?post=1715"}],"curies":[{"name":"wp","href":"https:\/\/api.w.org\/{rel}","templated":true}]}}