{"id":1703,"date":"2026-09-05T17:21:06","date_gmt":"2026-09-05T17:21:06","guid":{"rendered":"https:\/\/direktno.info\/?p=1703"},"modified":"2026-09-05T17:22:26","modified_gmt":"2026-09-05T17:22:26","slug":"od-vozaca-do-ministra-i-doktora-nauka-kako-je-goran-selak-jednom-recenicom-pokazao-svo-neznanje-foto-video","status":"publish","type":"post","link":"https:\/\/direktno.info\/index.php\/2026\/09\/05\/od-vozaca-do-ministra-i-doktora-nauka-kako-je-goran-selak-jednom-recenicom-pokazao-svo-neznanje-foto-video\/","title":{"rendered":"OD VOZA\u010cA DO MINISTRA I DOKTORA NAUKA: Kako je Goran Selak jednom re\u010denicom pokazao svo NEZNANJE? (FOTO + VIDEO)"},"content":{"rendered":"\n<p class=\"wp-block-paragraph\"><strong>&#8220;Milorad Dodik, predsednik Saveza nezavisnih socijaldemokrata, mogao bi da bude kandidat za srpskog \u010dlana Predsedni\u0161tva Bosne i Hercegovine.&#8221; <\/strong><\/p>\n\n\n\n<p class=\"wp-block-paragraph\">Ovo je sasvim sigurno i sasvim samopouzdano izjavio <strong>ministar pravde Republike Srpske Goran Selak. <\/strong><\/p>\n\n\n\n<p class=\"wp-block-paragraph\">U ovoj jednoj re\u010denici ima vi\u0161e problema nego \u0161to ima u me\u0111unarodnim odnosima, diplomatiji, pravu i krivi\u010dnom zakonu zajedno.<\/p>\n\n\n\n<p class=\"wp-block-paragraph\"><strong>Problem broj jedan: Milorad Dodik ima potvr\u0111enu prvostepenu presudu pred Sudom Bosne i Hercegovine <\/strong>kojom mu je zabranjeno u\u010destvovanje u politi\u010dkom \u017eivotu Republike Srpske narednih \u0161est godina, \u0161to je potvrdilo i Apelaciono vije\u0107e Suda Bosne i Hercegovine. <\/p>\n\n\n\n<p class=\"wp-block-paragraph\"><strong>Problem broj dva: ovu izjavu je dao ministar pravde Republike Srpske i doktor Krivi\u010dnog prava koji jedva mo\u017ee da doka\u017ee i diplomu srednje \u0161kole<\/strong>. <\/p>\n\n\n\n<p class=\"wp-block-paragraph\">E, upravo taj nedostatak obrazovanja i vi\u0161ak samopouzdanja izvire iz svakog karaktera re\u010denice koju je bubnuo Selak. Iostao \u017eiv. I doktor nauka. <\/p>\n\n\n\n<p class=\"wp-block-paragraph\"><strong>Ovime je Selak priznao da ne zna \u010dak ni osnove predmeta kojeg predaje kao doktor nauka, a to je Krivi\u010dno &#8211; procesno pravo<\/strong>.<\/p>\n\n\n\n<figure class=\"wp-block-video\"><video height=\"584\" style=\"aspect-ratio: 1280 \/ 584;\" width=\"1280\" controls src=\"https:\/\/direktno.info\/wp-content\/uploads\/2026\/09\/70416.mp4\"><\/video><\/figure>\n\n\n\n<p class=\"wp-block-paragraph\"><strong>Kako mo\u017ee neko ko je prvostepeno osu\u0111en<\/strong>, a kasnije ta ista presuda potvr\u0111ena odlukom Apelacionog vije\u0107a Suda BiH i <strong>potvrdila je Centralna izborna komisija Bosne i Hercegovine  (CIK BiH) <\/strong>, kojom je Miloradu Dodiku zabranjeno \u0161est godina da se bavi politikom, da bude kandidat? <strong>Ko \u0107e ovjeriti takvu listu? <\/strong><\/p>\n\n\n\n<p class=\"wp-block-paragraph\"><strong>Pritom je va\u017eno napomenuti da je Milorad Dodik sam organizovao izbore za predsjednika Republike Srpske u oktobru pro\u0161le godine, <\/strong>da se sam povukao sa vlasti nakon odluke Suda BiH i CIK BiH i da je na njegovo mjesto do\u0161ao ponovo kandidat Saveza nezavisnih socijaldemokrata Sini\u0161a Karan, \u0161to je de facto i de iure priznanje odluke Suda Bosne i Hercegovine.<\/p>\n\n\n\n<p class=\"wp-block-paragraph\"><strong>Ovime je Selak pokazao da ne zna razliku izme\u0111u Suda Bosne i Hercegovine, Apelacionog vije\u0107a Suda Bosne i Hercegovine, Centralne izborne komisije Bosne i Hercegovine (CIK BIH), Kancelarije visokog predstavnika za Bosnu i HERCEGOVINU (OHR) i me\u0111unarodnih odnosa<\/strong>. <\/p>\n\n\n\n<p class=\"wp-block-paragraph\">Jer <strong>Amerika jeste ukinula sankcije Miloradu Dodiku, ali to je uradila samo Amerika, <\/strong>dok je OHR, odnosno Kancelarija visokog predstavnika, u su\u0161tini i po definiciji tijelo koje predla\u017ee Savjet za sprovo\u0111enje mira (PIC), a bira Savjet bezbjednosti Ujedinjenih nacija i uglavnom se oslanja na evroatlantske integracije, odnosno na Evropu, \u0161to nikakve veze sa Amerikom nema. <\/p>\n\n\n\n<p class=\"wp-block-paragraph\"><strong>Ako se pogleda istorijat OHR-a, nijedan visoki predstavnik za Bosnu i Hercegovinu nije bio iz Amerike. Imali smo Karla Bilta, Karlosa Vestendorpa, Volfganga Petri\u010da, Pedija E\u0161dauna, Kristijana \u0160varc-\u0160ilinga, Miroslava Laj\u010daka, Valentina Incka i Kristijana \u0160mita.<\/strong> I sada vr\u0161ioca du\u017enosti visokog predstavnika koji jeste iz Amerike, ali nije bio dok je Selak, ina\u010de biv\u0161i voza\u010d \u2013 lupao teorije koje nemaju veze sa pravom, Ustavom Bosne i Hercegovine, ta\u010dnije Aneksom 4.  Dejtonskog mirovnog sporazuma, s posebnim osvrtom da je Selak kao doktor pravnih nauka samovoljno poni\u0161tio presudu Suda Bosne i Hercegovine.<\/p>\n\n\n\n<figure class=\"wp-block-video\"><video height=\"720\" style=\"aspect-ratio: 1280 \/ 720;\" width=\"1280\" controls src=\"https:\/\/direktno.info\/wp-content\/uploads\/2026\/09\/70413.mp4\"><\/video><\/figure>\n\n\n\n<p class=\"wp-block-paragraph\"><strong>Ko je, dakle, Goran Selak da tuma\u010di razliku izme\u0111u ameri\u010dkih sankcija i odluka OHR-a, kad ne zna ni osnovni sastav institucije o kojoj govori<\/strong>? <\/p>\n\n\n\n<p class=\"wp-block-paragraph\">Selak, ro\u0111en 1983. u Banjaluci, diplomirao je ekonomiju na Fakultetu za ekonomiju i in\u017eenjerski menad\u017ement Univerziteta Privredna akademija u Novom Sadu, da bi potom na istoj privatnoj instituciji odbranio doktorsku disertaciju iz prava, na tamo\u0161njem &#8220;Pravnom fakultetu za privredu i pravosu\u0111e&#8221;. <\/p>\n\n\n\n<p class=\"wp-block-paragraph\"><strong>Tema disertacije, odbranjene 2016. godine pod naslovom &#8220;Municipalne obveznice kao hartije od vrednosti&#8221;, \u010disto je finansijsko-ekonomska i nema nikakve veze sa pravnom strukom u klasi\u010dnom smislu.<\/strong><\/p>\n\n\n\n<figure class=\"wp-block-gallery has-nested-images columns-default is-cropped wp-block-gallery-1 is-layout-flex wp-block-gallery-is-layout-flex\">\n<figure class=\"wp-block-image size-large\"><img loading=\"lazy\" decoding=\"async\" width=\"631\" height=\"1024\" data-id=\"1588\" src=\"https:\/\/direktno.info\/wp-content\/uploads\/2026\/09\/69786-631x1024.jpg\" alt=\"\" class=\"wp-image-1588\" srcset=\"https:\/\/direktno.info\/wp-content\/uploads\/2026\/09\/69786-631x1024.jpg 631w, https:\/\/direktno.info\/wp-content\/uploads\/2026\/09\/69786-185x300.jpg 185w, https:\/\/direktno.info\/wp-content\/uploads\/2026\/09\/69786-768x1245.jpg 768w, https:\/\/direktno.info\/wp-content\/uploads\/2026\/09\/69786-947x1536.jpg 947w, https:\/\/direktno.info\/wp-content\/uploads\/2026\/09\/69786-1263x2048.jpg 1263w, https:\/\/direktno.info\/wp-content\/uploads\/2026\/09\/69786.jpg 1280w\" sizes=\"auto, (max-width: 631px) 100vw, 631px\" \/><\/figure>\n<\/figure>\n\n\n\n<p class=\"wp-block-paragraph\"> Odlukom Senata Nezavisnog univerziteta Banja Luka, <strong>na osnovu te disertacije, imenovan je u zvanje docenta za Krivi\u010dno pravo i Krivi\u010dno procesno pravo &#8211; <\/strong>oblast koja nema nikakve veze ni sa njegovim prvobitnim ekonomskim obrazovanjem, ni sa temom same disertacije. <\/p>\n\n\n\n<p class=\"wp-block-paragraph\"><strong>Ostaje nerazja\u0161njena i njegova srednjo\u0161kolska diploma, koja, prema navodima Gerila.info, &#8220;izgleda da ne postoji&#8221;<\/strong>.<\/p>\n\n\n\n<p class=\"wp-block-paragraph\">Svako normalan shvata da je Selak okrenuo le\u0111a Miloradu Dodiku 2020. na 2021. godinu, i da mu je sada<strong> \u201cmali od palube\u201d.<\/strong><\/p>\n\n\n\n<figure class=\"wp-block-video\"><video height=\"720\" style=\"aspect-ratio: 1280 \/ 720;\" width=\"1280\" controls src=\"https:\/\/direktno.info\/wp-content\/uploads\/2026\/09\/70417.mp4\"><\/video><\/figure>\n\n\n\n<p class=\"wp-block-paragraph\">Jer, dok je bio u opoziciji par mjeseci 2021. godine Selak je optu\u017eio Milorada Dodika da je pokrao izbore, na \u0161ta mu je Dodik odgovorio aluzijama na Selakovo nepo\u0161tenje i kriminal. Selak mu odgovorio da \u0107e o tome suditi narod i da \u0107e narod sam procijeniti ko je koliko po\u0161ten i principijelan, ko je \u0161ta i koliko upotrebio i zloupotrebio.<\/p>\n\n\n\n<figure class=\"wp-block-image size-large\"><img loading=\"lazy\" decoding=\"async\" width=\"1024\" height=\"990\" src=\"https:\/\/direktno.info\/wp-content\/uploads\/2026\/09\/70420-1024x990.jpg\" alt=\"\" class=\"wp-image-1709\" srcset=\"https:\/\/direktno.info\/wp-content\/uploads\/2026\/09\/70420-1024x990.jpg 1024w, https:\/\/direktno.info\/wp-content\/uploads\/2026\/09\/70420-300x290.jpg 300w, https:\/\/direktno.info\/wp-content\/uploads\/2026\/09\/70420-768x742.jpg 768w, https:\/\/direktno.info\/wp-content\/uploads\/2026\/09\/70420.jpg 1280w\" sizes=\"auto, (max-width: 1024px) 100vw, 1024px\" \/><\/figure>\n\n\n\n<p class=\"wp-block-paragraph\"><\/p>\n","protected":false},"excerpt":{"rendered":"<p>&#8220;Milorad Dodik, predsednik Saveza nezavisnih socijaldemokrata, mogao bi da bude kandidat za srpskog \u010dlana Predsedni\u0161tva Bosne i Hercegovine.&#8221;<\/p>\n","protected":false},"author":1,"featured_media":1707,"comment_status":"open","ping_status":"open","sticky":false,"template":"","format":"standard","meta":{"footnotes":""},"categories":[29,30],"tags":[106,65,162,126,37,100,161,86,107,160],"class_list":["post-1703","post","type-post","status-publish","format-standard","has-post-thumbnail","hentry","category-istrazivanje","category-pocetna","tag-goran-selak","tag-milorad-dodik","tag-ministarstvo-pravde","tag-ministarstvo-pravde-republike-srpske","tag-nebojsa-vukanovic","tag-opozicija-2","tag-pozicija","tag-snsd","tag-socijalisticka-partija-srpske","tag-sps"],"yoast_head":"<!-- This site is optimized with the Yoast SEO plugin v28.3 - https:\/\/yoast.com\/product\/yoast-seo-wordpress\/ -->\n<title>OD VOZA\u010cA DO MINISTRA I DOKTORA NAUKA: Kako je Goran Selak jednom re\u010denicom pokazao svo NEZNANJE? (FOTO + VIDEO) - Direktno<\/title>\n<meta name=\"robots\" content=\"index, follow, max-snippet:-1, max-image-preview:large, max-video-preview:-1\" \/>\n<link rel=\"canonical\" href=\"https:\/\/direktno.info\/index.php\/2026\/09\/05\/od-vozaca-do-ministra-i-doktora-nauka-kako-je-goran-selak-jednom-recenicom-pokazao-svo-neznanje-foto-video\/\" \/>\n<meta property=\"og:locale\" content=\"hr_HR\" \/>\n<meta property=\"og:type\" content=\"article\" \/>\n<meta property=\"og:title\" content=\"OD VOZA\u010cA DO MINISTRA I DOKTORA NAUKA: Kako je Goran Selak jednom re\u010denicom pokazao svo NEZNANJE? (FOTO + VIDEO) - Direktno\" \/>\n<meta property=\"og:description\" content=\"&#8220;Milorad Dodik, predsednik Saveza nezavisnih socijaldemokrata, mogao bi da bude kandidat za srpskog \u010dlana Predsedni\u0161tva Bosne i Hercegovine.&#8221;\" \/>\n<meta property=\"og:url\" content=\"https:\/\/direktno.info\/index.php\/2026\/09\/05\/od-vozaca-do-ministra-i-doktora-nauka-kako-je-goran-selak-jednom-recenicom-pokazao-svo-neznanje-foto-video\/\" \/>\n<meta property=\"og:site_name\" content=\"Direktno\" \/>\n<meta property=\"article:publisher\" content=\"https:\/\/www.facebook.com\/share\/1Jy4gXyc5u\/\" \/>\n<meta property=\"article:published_time\" content=\"2026-09-05T17:21:06+00:00\" \/>\n<meta property=\"article:modified_time\" content=\"2026-09-05T17:22:26+00:00\" \/>\n<meta property=\"og:image\" content=\"http:\/\/direktno.info\/wp-content\/uploads\/2026\/09\/95b96a90-ddce-4833-9af7-2dfbdb205feb.jpeg\" \/>\n\t<meta property=\"og:image:width\" content=\"725\" \/>\n\t<meta property=\"og:image:height\" content=\"408\" \/>\n\t<meta property=\"og:image:type\" content=\"image\/jpeg\" \/>\n<meta name=\"author\" content=\"Redakcija\" \/>\n<meta name=\"twitter:card\" content=\"summary_large_image\" \/>\n<meta name=\"twitter:label1\" content=\"Napisao\/la\" \/>\n\t<meta name=\"twitter:data1\" content=\"Redakcija\" \/>\n\t<meta name=\"twitter:label2\" content=\"Procijenjeno vrijeme \u010ditanja\" \/>\n\t<meta name=\"twitter:data2\" content=\"5 minuta\" \/>\n<script type=\"application\/ld+json\" class=\"yoast-schema-graph\">{\"@context\":\"https:\\\/\\\/schema.org\",\"@graph\":[{\"@type\":\"Article\",\"@id\":\"https:\\\/\\\/direktno.info\\\/index.php\\\/2026\\\/09\\\/05\\\/od-vozaca-do-ministra-i-doktora-nauka-kako-je-goran-selak-jednom-recenicom-pokazao-svo-neznanje-foto-video\\\/#article\",\"isPartOf\":{\"@id\":\"https:\\\/\\\/direktno.info\\\/index.php\\\/2026\\\/09\\\/05\\\/od-vozaca-do-ministra-i-doktora-nauka-kako-je-goran-selak-jednom-recenicom-pokazao-svo-neznanje-foto-video\\\/\"},\"author\":{\"name\":\"Redakcija\",\"@id\":\"https:\\\/\\\/direktno.info\\\/#\\\/schema\\\/person\\\/05fbdaecab81c27dec7cc131a9b37be1\"},\"headline\":\"OD VOZA\u010cA DO MINISTRA I DOKTORA NAUKA: Kako je Goran Selak jednom re\u010denicom pokazao svo NEZNANJE? (FOTO + VIDEO)\",\"datePublished\":\"2026-09-05T17:21:06+00:00\",\"dateModified\":\"2026-09-05T17:22:26+00:00\",\"mainEntityOfPage\":{\"@id\":\"https:\\\/\\\/direktno.info\\\/index.php\\\/2026\\\/09\\\/05\\\/od-vozaca-do-ministra-i-doktora-nauka-kako-je-goran-selak-jednom-recenicom-pokazao-svo-neznanje-foto-video\\\/\"},\"wordCount\":742,\"commentCount\":0,\"publisher\":{\"@id\":\"https:\\\/\\\/direktno.info\\\/#organization\"},\"image\":{\"@id\":\"https:\\\/\\\/direktno.info\\\/index.php\\\/2026\\\/09\\\/05\\\/od-vozaca-do-ministra-i-doktora-nauka-kako-je-goran-selak-jednom-recenicom-pokazao-svo-neznanje-foto-video\\\/#primaryimage\"},\"thumbnailUrl\":\"https:\\\/\\\/direktno.info\\\/wp-content\\\/uploads\\\/2026\\\/09\\\/95b96a90-ddce-4833-9af7-2dfbdb205feb.jpeg\",\"keywords\":[\"Goran selak\",\"Milorad Dodik\",\"Ministarstvo pravde\",\"Ministarstvo pravde Republike Srpske\",\"Neboj\u0161a Vukanovi\u0107\",\"Opozicija\",\"Pozicija\",\"Snsd\",\"Socijalisti\u010dka partija Srpske\",\"SPS\"],\"articleSection\":[\"Istra\u017eivanje\",\"Po\u010detna\"],\"inLanguage\":\"hr\",\"potentialAction\":[{\"@type\":\"CommentAction\",\"name\":\"Comment\",\"target\":[\"https:\\\/\\\/direktno.info\\\/index.php\\\/2026\\\/09\\\/05\\\/od-vozaca-do-ministra-i-doktora-nauka-kako-je-goran-selak-jednom-recenicom-pokazao-svo-neznanje-foto-video\\\/#respond\"]}]},{\"@type\":\"WebPage\",\"@id\":\"https:\\\/\\\/direktno.info\\\/index.php\\\/2026\\\/09\\\/05\\\/od-vozaca-do-ministra-i-doktora-nauka-kako-je-goran-selak-jednom-recenicom-pokazao-svo-neznanje-foto-video\\\/\",\"url\":\"https:\\\/\\\/direktno.info\\\/index.php\\\/2026\\\/09\\\/05\\\/od-vozaca-do-ministra-i-doktora-nauka-kako-je-goran-selak-jednom-recenicom-pokazao-svo-neznanje-foto-video\\\/\",\"name\":\"OD VOZA\u010cA DO MINISTRA I DOKTORA NAUKA: Kako je Goran Selak jednom re\u010denicom pokazao svo NEZNANJE? (FOTO + VIDEO) - Direktno\",\"isPartOf\":{\"@id\":\"https:\\\/\\\/direktno.info\\\/#website\"},\"primaryImageOfPage\":{\"@id\":\"https:\\\/\\\/direktno.info\\\/index.php\\\/2026\\\/09\\\/05\\\/od-vozaca-do-ministra-i-doktora-nauka-kako-je-goran-selak-jednom-recenicom-pokazao-svo-neznanje-foto-video\\\/#primaryimage\"},\"image\":{\"@id\":\"https:\\\/\\\/direktno.info\\\/index.php\\\/2026\\\/09\\\/05\\\/od-vozaca-do-ministra-i-doktora-nauka-kako-je-goran-selak-jednom-recenicom-pokazao-svo-neznanje-foto-video\\\/#primaryimage\"},\"thumbnailUrl\":\"https:\\\/\\\/direktno.info\\\/wp-content\\\/uploads\\\/2026\\\/09\\\/95b96a90-ddce-4833-9af7-2dfbdb205feb.jpeg\",\"datePublished\":\"2026-09-05T17:21:06+00:00\",\"dateModified\":\"2026-09-05T17:22:26+00:00\",\"breadcrumb\":{\"@id\":\"https:\\\/\\\/direktno.info\\\/index.php\\\/2026\\\/09\\\/05\\\/od-vozaca-do-ministra-i-doktora-nauka-kako-je-goran-selak-jednom-recenicom-pokazao-svo-neznanje-foto-video\\\/#breadcrumb\"},\"inLanguage\":\"hr\",\"potentialAction\":[{\"@type\":\"ReadAction\",\"target\":[\"https:\\\/\\\/direktno.info\\\/index.php\\\/2026\\\/09\\\/05\\\/od-vozaca-do-ministra-i-doktora-nauka-kako-je-goran-selak-jednom-recenicom-pokazao-svo-neznanje-foto-video\\\/\"]}]},{\"@type\":\"ImageObject\",\"inLanguage\":\"hr\",\"@id\":\"https:\\\/\\\/direktno.info\\\/index.php\\\/2026\\\/09\\\/05\\\/od-vozaca-do-ministra-i-doktora-nauka-kako-je-goran-selak-jednom-recenicom-pokazao-svo-neznanje-foto-video\\\/#primaryimage\",\"url\":\"https:\\\/\\\/direktno.info\\\/wp-content\\\/uploads\\\/2026\\\/09\\\/95b96a90-ddce-4833-9af7-2dfbdb205feb.jpeg\",\"contentUrl\":\"https:\\\/\\\/direktno.info\\\/wp-content\\\/uploads\\\/2026\\\/09\\\/95b96a90-ddce-4833-9af7-2dfbdb205feb.jpeg\",\"width\":725,\"height\":408},{\"@type\":\"BreadcrumbList\",\"@id\":\"https:\\\/\\\/direktno.info\\\/index.php\\\/2026\\\/09\\\/05\\\/od-vozaca-do-ministra-i-doktora-nauka-kako-je-goran-selak-jednom-recenicom-pokazao-svo-neznanje-foto-video\\\/#breadcrumb\",\"itemListElement\":[{\"@type\":\"ListItem\",\"position\":1,\"name\":\"Po\u010detna stranica\",\"item\":\"https:\\\/\\\/direktno.info\\\/\"},{\"@type\":\"ListItem\",\"position\":2,\"name\":\"OD VOZA\u010cA DO MINISTRA I DOKTORA NAUKA: Kako je Goran Selak jednom re\u010denicom pokazao svo NEZNANJE? (FOTO + VIDEO)\"}]},{\"@type\":\"WebSite\",\"@id\":\"https:\\\/\\\/direktno.info\\\/#website\",\"url\":\"https:\\\/\\\/direktno.info\\\/\",\"name\":\"Direktno\",\"description\":\"\",\"publisher\":{\"@id\":\"https:\\\/\\\/direktno.info\\\/#organization\"},\"potentialAction\":[{\"@type\":\"SearchAction\",\"target\":{\"@type\":\"EntryPoint\",\"urlTemplate\":\"https:\\\/\\\/direktno.info\\\/?s={search_term_string}\"},\"query-input\":{\"@type\":\"PropertyValueSpecification\",\"valueRequired\":true,\"valueName\":\"search_term_string\"}}],\"inLanguage\":\"hr\"},{\"@type\":\"Organization\",\"@id\":\"https:\\\/\\\/direktno.info\\\/#organization\",\"name\":\"Direktno\",\"url\":\"https:\\\/\\\/direktno.info\\\/\",\"logo\":{\"@type\":\"ImageObject\",\"inLanguage\":\"hr\",\"@id\":\"https:\\\/\\\/direktno.info\\\/#\\\/schema\\\/logo\\\/image\\\/\",\"url\":\"https:\\\/\\\/direktno.info\\\/wp-content\\\/uploads\\\/2026\\\/08\\\/direktno_logo_white.png\",\"contentUrl\":\"https:\\\/\\\/direktno.info\\\/wp-content\\\/uploads\\\/2026\\\/08\\\/direktno_logo_white.png\",\"width\":1600,\"height\":340,\"caption\":\"Direktno\"},\"image\":{\"@id\":\"https:\\\/\\\/direktno.info\\\/#\\\/schema\\\/logo\\\/image\\\/\"},\"sameAs\":[\"https:\\\/\\\/www.facebook.com\\\/share\\\/1Jy4gXyc5u\\\/\"]},{\"@type\":\"Person\",\"@id\":\"https:\\\/\\\/direktno.info\\\/#\\\/schema\\\/person\\\/05fbdaecab81c27dec7cc131a9b37be1\",\"name\":\"Redakcija\",\"image\":{\"@type\":\"ImageObject\",\"inLanguage\":\"hr\",\"@id\":\"https:\\\/\\\/secure.gravatar.com\\\/avatar\\\/ede9d7f54b6164109c0b03742da40f108052ff362d7f85a6850f3cb67bd3d495?s=96&d=mm&r=g\",\"url\":\"https:\\\/\\\/secure.gravatar.com\\\/avatar\\\/ede9d7f54b6164109c0b03742da40f108052ff362d7f85a6850f3cb67bd3d495?s=96&d=mm&r=g\",\"contentUrl\":\"https:\\\/\\\/secure.gravatar.com\\\/avatar\\\/ede9d7f54b6164109c0b03742da40f108052ff362d7f85a6850f3cb67bd3d495?s=96&d=mm&r=g\",\"caption\":\"Redakcija\"},\"sameAs\":[\"http:\\\/\\\/direktno.info\"],\"url\":\"https:\\\/\\\/direktno.info\\\/index.php\\\/author\\\/novinar0603\\\/\"}]}<\/script>\n<!-- \/ Yoast SEO plugin. -->","yoast_head_json":{"title":"OD VOZA\u010cA DO MINISTRA I DOKTORA NAUKA: Kako je Goran Selak jednom re\u010denicom pokazao svo NEZNANJE? (FOTO + VIDEO) - Direktno","robots":{"index":"index","follow":"follow","max-snippet":"max-snippet:-1","max-image-preview":"max-image-preview:large","max-video-preview":"max-video-preview:-1"},"canonical":"https:\/\/direktno.info\/index.php\/2026\/09\/05\/od-vozaca-do-ministra-i-doktora-nauka-kako-je-goran-selak-jednom-recenicom-pokazao-svo-neznanje-foto-video\/","og_locale":"hr_HR","og_type":"article","og_title":"OD VOZA\u010cA DO MINISTRA I DOKTORA NAUKA: Kako je Goran Selak jednom re\u010denicom pokazao svo NEZNANJE? (FOTO + VIDEO) - Direktno","og_description":"&#8220;Milorad Dodik, predsednik Saveza nezavisnih socijaldemokrata, mogao bi da bude kandidat za srpskog \u010dlana Predsedni\u0161tva Bosne i Hercegovine.&#8221;","og_url":"https:\/\/direktno.info\/index.php\/2026\/09\/05\/od-vozaca-do-ministra-i-doktora-nauka-kako-je-goran-selak-jednom-recenicom-pokazao-svo-neznanje-foto-video\/","og_site_name":"Direktno","article_publisher":"https:\/\/www.facebook.com\/share\/1Jy4gXyc5u\/","article_published_time":"2026-09-05T17:21:06+00:00","article_modified_time":"2026-09-05T17:22:26+00:00","og_image":[{"width":725,"height":408,"url":"http:\/\/direktno.info\/wp-content\/uploads\/2026\/09\/95b96a90-ddce-4833-9af7-2dfbdb205feb.jpeg","type":"image\/jpeg"}],"author":"Redakcija","twitter_card":"summary_large_image","twitter_misc":{"Napisao\/la":"Redakcija","Procijenjeno vrijeme \u010ditanja":"5 minuta"},"schema":{"@context":"https:\/\/schema.org","@graph":[{"@type":"Article","@id":"https:\/\/direktno.info\/index.php\/2026\/09\/05\/od-vozaca-do-ministra-i-doktora-nauka-kako-je-goran-selak-jednom-recenicom-pokazao-svo-neznanje-foto-video\/#article","isPartOf":{"@id":"https:\/\/direktno.info\/index.php\/2026\/09\/05\/od-vozaca-do-ministra-i-doktora-nauka-kako-je-goran-selak-jednom-recenicom-pokazao-svo-neznanje-foto-video\/"},"author":{"name":"Redakcija","@id":"https:\/\/direktno.info\/#\/schema\/person\/05fbdaecab81c27dec7cc131a9b37be1"},"headline":"OD VOZA\u010cA DO MINISTRA I DOKTORA NAUKA: Kako je Goran Selak jednom re\u010denicom pokazao svo NEZNANJE? (FOTO + VIDEO)","datePublished":"2026-09-05T17:21:06+00:00","dateModified":"2026-09-05T17:22:26+00:00","mainEntityOfPage":{"@id":"https:\/\/direktno.info\/index.php\/2026\/09\/05\/od-vozaca-do-ministra-i-doktora-nauka-kako-je-goran-selak-jednom-recenicom-pokazao-svo-neznanje-foto-video\/"},"wordCount":742,"commentCount":0,"publisher":{"@id":"https:\/\/direktno.info\/#organization"},"image":{"@id":"https:\/\/direktno.info\/index.php\/2026\/09\/05\/od-vozaca-do-ministra-i-doktora-nauka-kako-je-goran-selak-jednom-recenicom-pokazao-svo-neznanje-foto-video\/#primaryimage"},"thumbnailUrl":"https:\/\/direktno.info\/wp-content\/uploads\/2026\/09\/95b96a90-ddce-4833-9af7-2dfbdb205feb.jpeg","keywords":["Goran selak","Milorad Dodik","Ministarstvo pravde","Ministarstvo pravde Republike Srpske","Neboj\u0161a Vukanovi\u0107","Opozicija","Pozicija","Snsd","Socijalisti\u010dka partija Srpske","SPS"],"articleSection":["Istra\u017eivanje","Po\u010detna"],"inLanguage":"hr","potentialAction":[{"@type":"CommentAction","name":"Comment","target":["https:\/\/direktno.info\/index.php\/2026\/09\/05\/od-vozaca-do-ministra-i-doktora-nauka-kako-je-goran-selak-jednom-recenicom-pokazao-svo-neznanje-foto-video\/#respond"]}]},{"@type":"WebPage","@id":"https:\/\/direktno.info\/index.php\/2026\/09\/05\/od-vozaca-do-ministra-i-doktora-nauka-kako-je-goran-selak-jednom-recenicom-pokazao-svo-neznanje-foto-video\/","url":"https:\/\/direktno.info\/index.php\/2026\/09\/05\/od-vozaca-do-ministra-i-doktora-nauka-kako-je-goran-selak-jednom-recenicom-pokazao-svo-neznanje-foto-video\/","name":"OD VOZA\u010cA DO MINISTRA I DOKTORA NAUKA: Kako je Goran Selak jednom re\u010denicom pokazao svo NEZNANJE? (FOTO + VIDEO) - Direktno","isPartOf":{"@id":"https:\/\/direktno.info\/#website"},"primaryImageOfPage":{"@id":"https:\/\/direktno.info\/index.php\/2026\/09\/05\/od-vozaca-do-ministra-i-doktora-nauka-kako-je-goran-selak-jednom-recenicom-pokazao-svo-neznanje-foto-video\/#primaryimage"},"image":{"@id":"https:\/\/direktno.info\/index.php\/2026\/09\/05\/od-vozaca-do-ministra-i-doktora-nauka-kako-je-goran-selak-jednom-recenicom-pokazao-svo-neznanje-foto-video\/#primaryimage"},"thumbnailUrl":"https:\/\/direktno.info\/wp-content\/uploads\/2026\/09\/95b96a90-ddce-4833-9af7-2dfbdb205feb.jpeg","datePublished":"2026-09-05T17:21:06+00:00","dateModified":"2026-09-05T17:22:26+00:00","breadcrumb":{"@id":"https:\/\/direktno.info\/index.php\/2026\/09\/05\/od-vozaca-do-ministra-i-doktora-nauka-kako-je-goran-selak-jednom-recenicom-pokazao-svo-neznanje-foto-video\/#breadcrumb"},"inLanguage":"hr","potentialAction":[{"@type":"ReadAction","target":["https:\/\/direktno.info\/index.php\/2026\/09\/05\/od-vozaca-do-ministra-i-doktora-nauka-kako-je-goran-selak-jednom-recenicom-pokazao-svo-neznanje-foto-video\/"]}]},{"@type":"ImageObject","inLanguage":"hr","@id":"https:\/\/direktno.info\/index.php\/2026\/09\/05\/od-vozaca-do-ministra-i-doktora-nauka-kako-je-goran-selak-jednom-recenicom-pokazao-svo-neznanje-foto-video\/#primaryimage","url":"https:\/\/direktno.info\/wp-content\/uploads\/2026\/09\/95b96a90-ddce-4833-9af7-2dfbdb205feb.jpeg","contentUrl":"https:\/\/direktno.info\/wp-content\/uploads\/2026\/09\/95b96a90-ddce-4833-9af7-2dfbdb205feb.jpeg","width":725,"height":408},{"@type":"BreadcrumbList","@id":"https:\/\/direktno.info\/index.php\/2026\/09\/05\/od-vozaca-do-ministra-i-doktora-nauka-kako-je-goran-selak-jednom-recenicom-pokazao-svo-neznanje-foto-video\/#breadcrumb","itemListElement":[{"@type":"ListItem","position":1,"name":"Po\u010detna stranica","item":"https:\/\/direktno.info\/"},{"@type":"ListItem","position":2,"name":"OD VOZA\u010cA DO MINISTRA I DOKTORA NAUKA: Kako je Goran Selak jednom re\u010denicom pokazao svo NEZNANJE? (FOTO + VIDEO)"}]},{"@type":"WebSite","@id":"https:\/\/direktno.info\/#website","url":"https:\/\/direktno.info\/","name":"Direktno","description":"","publisher":{"@id":"https:\/\/direktno.info\/#organization"},"potentialAction":[{"@type":"SearchAction","target":{"@type":"EntryPoint","urlTemplate":"https:\/\/direktno.info\/?s={search_term_string}"},"query-input":{"@type":"PropertyValueSpecification","valueRequired":true,"valueName":"search_term_string"}}],"inLanguage":"hr"},{"@type":"Organization","@id":"https:\/\/direktno.info\/#organization","name":"Direktno","url":"https:\/\/direktno.info\/","logo":{"@type":"ImageObject","inLanguage":"hr","@id":"https:\/\/direktno.info\/#\/schema\/logo\/image\/","url":"https:\/\/direktno.info\/wp-content\/uploads\/2026\/08\/direktno_logo_white.png","contentUrl":"https:\/\/direktno.info\/wp-content\/uploads\/2026\/08\/direktno_logo_white.png","width":1600,"height":340,"caption":"Direktno"},"image":{"@id":"https:\/\/direktno.info\/#\/schema\/logo\/image\/"},"sameAs":["https:\/\/www.facebook.com\/share\/1Jy4gXyc5u\/"]},{"@type":"Person","@id":"https:\/\/direktno.info\/#\/schema\/person\/05fbdaecab81c27dec7cc131a9b37be1","name":"Redakcija","image":{"@type":"ImageObject","inLanguage":"hr","@id":"https:\/\/secure.gravatar.com\/avatar\/ede9d7f54b6164109c0b03742da40f108052ff362d7f85a6850f3cb67bd3d495?s=96&d=mm&r=g","url":"https:\/\/secure.gravatar.com\/avatar\/ede9d7f54b6164109c0b03742da40f108052ff362d7f85a6850f3cb67bd3d495?s=96&d=mm&r=g","contentUrl":"https:\/\/secure.gravatar.com\/avatar\/ede9d7f54b6164109c0b03742da40f108052ff362d7f85a6850f3cb67bd3d495?s=96&d=mm&r=g","caption":"Redakcija"},"sameAs":["http:\/\/direktno.info"],"url":"https:\/\/direktno.info\/index.php\/author\/novinar0603\/"}]}},"_links":{"self":[{"href":"https:\/\/direktno.info\/index.php\/wp-json\/wp\/v2\/posts\/1703","targetHints":{"allow":["GET"]}}],"collection":[{"href":"https:\/\/direktno.info\/index.php\/wp-json\/wp\/v2\/posts"}],"about":[{"href":"https:\/\/direktno.info\/index.php\/wp-json\/wp\/v2\/types\/post"}],"author":[{"embeddable":true,"href":"https:\/\/direktno.info\/index.php\/wp-json\/wp\/v2\/users\/1"}],"replies":[{"embeddable":true,"href":"https:\/\/direktno.info\/index.php\/wp-json\/wp\/v2\/comments?post=1703"}],"version-history":[{"count":2,"href":"https:\/\/direktno.info\/index.php\/wp-json\/wp\/v2\/posts\/1703\/revisions"}],"predecessor-version":[{"id":1710,"href":"https:\/\/direktno.info\/index.php\/wp-json\/wp\/v2\/posts\/1703\/revisions\/1710"}],"wp:featuredmedia":[{"embeddable":true,"href":"https:\/\/direktno.info\/index.php\/wp-json\/wp\/v2\/media\/1707"}],"wp:attachment":[{"href":"https:\/\/direktno.info\/index.php\/wp-json\/wp\/v2\/media?parent=1703"}],"wp:term":[{"taxonomy":"category","embeddable":true,"href":"https:\/\/direktno.info\/index.php\/wp-json\/wp\/v2\/categories?post=1703"},{"taxonomy":"post_tag","embeddable":true,"href":"https:\/\/direktno.info\/index.php\/wp-json\/wp\/v2\/tags?post=1703"}],"curies":[{"name":"wp","href":"https:\/\/api.w.org\/{rel}","templated":true}]}}