{"id":1676,"date":"2026-09-04T14:10:53","date_gmt":"2026-09-04T14:10:53","guid":{"rendered":"https:\/\/direktno.info\/?p=1676"},"modified":"2026-09-04T14:32:55","modified_gmt":"2026-09-04T14:32:55","slug":"nakon-osam-godina-u-vlasti-obecao-plate-od-5000-evra-video-foto","status":"publish","type":"post","link":"https:\/\/direktno.info\/index.php\/2026\/09\/04\/nakon-osam-godina-u-vlasti-obecao-plate-od-5000-evra-video-foto\/","title":{"rendered":"NAKON OSAM GODINA U VLASTI, VLADO \u0110AJI\u0106 obe\u0107ao plate od 5000 evra! (VIDEO + FOTO)"},"content":{"rendered":"\n<p class=\"wp-block-paragraph\"><strong>Po\u010dela je op\u0161ta kampanja 2026. godine. Kandidati su se poslikali, plakati su zalijepljeni, i sad se ide na obe\u0107anja &#8211; omiljena sportska kategorija svakih izbora. <\/strong><\/p>\n\n\n\n<p class=\"wp-block-paragraph\">To je trka u kojoj \u0107e pobjednik biti onaj ko vi\u0161e sla\u017ee, ali to ne zna\u010di da \u0107e biti i pobjednik izbora.<\/p>\n\n\n\n<figure class=\"wp-block-gallery has-nested-images columns-default is-cropped wp-block-gallery-1 is-layout-flex wp-block-gallery-is-layout-flex\">\n<figure class=\"wp-block-image size-large\"><img loading=\"lazy\" decoding=\"async\" width=\"553\" height=\"1024\" data-id=\"1678\" src=\"https:\/\/direktno.info\/wp-content\/uploads\/2026\/09\/70197-553x1024.jpg\" alt=\"\" class=\"wp-image-1678\" srcset=\"https:\/\/direktno.info\/wp-content\/uploads\/2026\/09\/70197-553x1024.jpg 553w, https:\/\/direktno.info\/wp-content\/uploads\/2026\/09\/70197-162x300.jpg 162w, https:\/\/direktno.info\/wp-content\/uploads\/2026\/09\/70197-1107x2048.jpg 1107w, https:\/\/direktno.info\/wp-content\/uploads\/2026\/09\/70197-768x1421.jpg 768w, https:\/\/direktno.info\/wp-content\/uploads\/2026\/09\/70197-830x1536.jpg 830w, https:\/\/direktno.info\/wp-content\/uploads\/2026\/09\/70197.jpg 1280w\" sizes=\"auto, (max-width: 553px) 100vw, 553px\" \/><\/figure>\n<\/figure>\n\n\n\n<p class=\"wp-block-paragraph\"><strong>Predsjednik stranke &#8220;Volja naroda Republike Srpske &#8211; dr Vlado \u0110aji\u0107&#8221;, \u0161to se vidi i u samom imenu : doktor Vlado \u0110aji\u0107, danas je prilikom lijepljenja plakata u Banjaluci obe\u0107ao da \u0107e, ako on pobijedi, plate biti izme\u0111u dvije i pet hiljada eura, a da \u0107e borci dobiti deset hiljada maraka.<\/strong><\/p>\n\n\n\n<figure class=\"wp-block-video\"><video height=\"1280\" style=\"aspect-ratio: 720 \/ 1280;\" width=\"720\" controls src=\"https:\/\/direktno.info\/wp-content\/uploads\/2026\/09\/70206.mp4\"><\/video><\/figure>\n\n\n\n<p class=\"wp-block-paragraph\">&#8211;<strong>\u017delimo ve\u0107i natalitet, bolje obrazovanje, da svi gra\u0111ani budu zaposleni, da plate budu od 2.000 do 5.000 evra.<\/strong> Narod je pametan, izabra\u0107e sam koga ho\u0107e. Treba nam sto hiljada glasova, hajmo ih zajedno skupiti. Nema izdaje, rekao je <strong>\u0110aji\u0107<\/strong>.<\/p>\n\n\n\n<figure class=\"wp-block-gallery has-nested-images columns-default is-cropped wp-block-gallery-2 is-layout-flex wp-block-gallery-is-layout-flex\">\n<figure class=\"wp-block-image size-large\"><img loading=\"lazy\" decoding=\"async\" width=\"561\" height=\"1024\" data-id=\"1679\" src=\"https:\/\/direktno.info\/wp-content\/uploads\/2026\/09\/70203-561x1024.jpg\" alt=\"\" class=\"wp-image-1679\" srcset=\"https:\/\/direktno.info\/wp-content\/uploads\/2026\/09\/70203-561x1024.jpg 561w, https:\/\/direktno.info\/wp-content\/uploads\/2026\/09\/70203-768x1402.jpg 768w, https:\/\/direktno.info\/wp-content\/uploads\/2026\/09\/70203-164x300.jpg 164w, https:\/\/direktno.info\/wp-content\/uploads\/2026\/09\/70203-841x1536.jpg 841w, https:\/\/direktno.info\/wp-content\/uploads\/2026\/09\/70203-1122x2048.jpg 1122w, https:\/\/direktno.info\/wp-content\/uploads\/2026\/09\/70203.jpg 1280w\" sizes=\"auto, (max-width: 561px) 100vw, 561px\" \/><\/figure>\n<\/figure>\n\n\n\n<p class=\"wp-block-paragraph\">I sve bi ovo zvu\u010dilo jako lijepo, i to da \u0107e se doktor Vlado \u0110aji\u0107 vratiti na mjesto direktora Univerzitetskog klini\u010dkog centra, sa kojeg je smijenjen zbog afere sa narkoticima, da ba\u0161 <strong>ju\u010de nije iza\u0161la vijest gdje je Ministarstvo zdravlja i socijalne za\u0161tite izdvojilo devedeset miliona maraka da uplati doprinose i poreze koje nije platio Univerzitetski klini\u010dki centar u periodu od 2012. do 2019. godine.<\/strong><\/p>\n\n\n\n<figure class=\"wp-block-gallery has-nested-images columns-default is-cropped wp-block-gallery-3 is-layout-flex wp-block-gallery-is-layout-flex\">\n<figure class=\"wp-block-image size-large\"><img loading=\"lazy\" decoding=\"async\" width=\"813\" height=\"1024\" data-id=\"1682\" src=\"https:\/\/direktno.info\/wp-content\/uploads\/2026\/09\/70199-813x1024.jpg\" alt=\"\" class=\"wp-image-1682\" srcset=\"https:\/\/direktno.info\/wp-content\/uploads\/2026\/09\/70199-813x1024.jpg 813w, https:\/\/direktno.info\/wp-content\/uploads\/2026\/09\/70199-238x300.jpg 238w, https:\/\/direktno.info\/wp-content\/uploads\/2026\/09\/70199-768x967.jpg 768w, https:\/\/direktno.info\/wp-content\/uploads\/2026\/09\/70199-1220x1536.jpg 1220w, https:\/\/direktno.info\/wp-content\/uploads\/2026\/09\/70199.jpg 1280w\" sizes=\"auto, (max-width: 813px) 100vw, 813px\" \/><\/figure>\n<\/figure>\n\n\n\n<p class=\"wp-block-paragraph\">Zdravstveni radnici bez upla\u0107enih doprinosa, zdravstveni radnici bez zdravstvenog osiguranja, u najve\u0107oj klini\u010dkoj i zdravstvenoj ustanovi Republike Srpske &#8211; upravo onoj istoj zdravstvenoj ustanovi \u010diji je direktor bio upravo doktor Vlado \u0110aji\u0107.<\/p>\n\n\n\n<p class=\"wp-block-paragraph\">Za vr\u0161ioca du\u017enosti zamjenika direktora UKC-a, \u0110aji\u0107 je imenovan krajem marta 2017. Generalni direktor postao je 2018., <strong>\u0161to zna\u010di da \u010dovjek koji nas je zadu\u017eio devedeset miliona maraka sada obe\u0107ava plate od pet hiljada eura<\/strong> I jo\u0161 osam godina je bio poslanik SNSD, ubjedljivo najja\u010de politi\u010dke partije u Republici Srpskoj. I nikad nije pove\u0107ao plate na 5000 evra, ve\u0107 je u Skup\u0161tini Republike Srpske ustanovio da je njegova plata 3500 maraka! <\/p>\n\n\n\n<figure class=\"wp-block-gallery has-nested-images columns-default is-cropped wp-block-gallery-4 is-layout-flex wp-block-gallery-is-layout-flex\">\n<figure class=\"wp-block-image size-large\"><img loading=\"lazy\" decoding=\"async\" width=\"547\" height=\"1024\" data-id=\"1683\" src=\"https:\/\/direktno.info\/wp-content\/uploads\/2026\/09\/70201-547x1024.jpg\" alt=\"\" class=\"wp-image-1683\" srcset=\"https:\/\/direktno.info\/wp-content\/uploads\/2026\/09\/70201-547x1024.jpg 547w, https:\/\/direktno.info\/wp-content\/uploads\/2026\/09\/70201-160x300.jpg 160w, https:\/\/direktno.info\/wp-content\/uploads\/2026\/09\/70201-768x1437.jpg 768w, https:\/\/direktno.info\/wp-content\/uploads\/2026\/09\/70201-821x1536.jpg 821w, https:\/\/direktno.info\/wp-content\/uploads\/2026\/09\/70201-1094x2048.jpg 1094w, https:\/\/direktno.info\/wp-content\/uploads\/2026\/09\/70201.jpg 1280w\" sizes=\"auto, (max-width: 547px) 100vw, 547px\" \/><\/figure>\n<\/figure>\n\n\n\n<p class=\"wp-block-paragraph\">Sve \u0161to su imali, Banjalu\u010dani su mu rekli u komentarima. I upravo zato, na osnovu tih komentara, <strong>Vlado \u0110aji\u0107 danas zaslu\u017eeno nosi titulu gubitnika dana.<\/strong><\/p>\n\n\n\n<p class=\"wp-block-paragraph\"><\/p>\n","protected":false},"excerpt":{"rendered":"<p>Po\u010dela je op\u0161ta kampanja 2026. godine. Kandidati su se poslikali, plakati su zalijepljeni, i sad se ide na<\/p>\n","protected":false},"author":1,"featured_media":1684,"comment_status":"open","ping_status":"open","sticky":false,"template":"","format":"standard","meta":{"footnotes":""},"categories":[33,28],"tags":[149,147,150,87,148,45,85],"class_list":["post-1676","post","type-post","status-publish","format-standard","has-post-thumbnail","hentry","category-gubitnik-dana-politika","category-politika","tag-5-000-eur","tag-nikola-sobot","tag-povecanje-plata","tag-ukc","tag-univerzitetsko-klinicki-centar-republike-srpske","tag-vlado-dajic","tag-volja-naroda-republike-srpske"],"yoast_head":"<!-- This site is optimized with the Yoast SEO plugin v28.3 - https:\/\/yoast.com\/product\/yoast-seo-wordpress\/ -->\n<title>NAKON OSAM GODINA U VLASTI, VLADO \u0110AJI\u0106 obe\u0107ao plate od 5000 evra! (VIDEO + FOTO) - Direktno<\/title>\n<meta name=\"robots\" content=\"index, follow, max-snippet:-1, max-image-preview:large, max-video-preview:-1\" \/>\n<link rel=\"canonical\" href=\"https:\/\/direktno.info\/index.php\/2026\/09\/04\/nakon-osam-godina-u-vlasti-obecao-plate-od-5000-evra-video-foto\/\" \/>\n<meta property=\"og:locale\" content=\"hr_HR\" \/>\n<meta property=\"og:type\" content=\"article\" \/>\n<meta property=\"og:title\" content=\"NAKON OSAM GODINA U VLASTI, VLADO \u0110AJI\u0106 obe\u0107ao plate od 5000 evra! (VIDEO + FOTO) - Direktno\" \/>\n<meta property=\"og:description\" content=\"Po\u010dela je op\u0161ta kampanja 2026. godine. Kandidati su se poslikali, plakati su zalijepljeni, i sad se ide na\" \/>\n<meta property=\"og:url\" content=\"https:\/\/direktno.info\/index.php\/2026\/09\/04\/nakon-osam-godina-u-vlasti-obecao-plate-od-5000-evra-video-foto\/\" \/>\n<meta property=\"og:site_name\" content=\"Direktno\" \/>\n<meta property=\"article:publisher\" content=\"https:\/\/www.facebook.com\/share\/1Jy4gXyc5u\/\" \/>\n<meta property=\"article:published_time\" content=\"2026-09-04T14:10:53+00:00\" \/>\n<meta property=\"article:modified_time\" content=\"2026-09-04T14:32:55+00:00\" \/>\n<meta property=\"og:image\" content=\"http:\/\/direktno.info\/wp-content\/uploads\/2026\/09\/Screenshot_20260904_163017_ai_x_grok_GrokActivity.jpg\" \/>\n\t<meta property=\"og:image:width\" content=\"1280\" \/>\n\t<meta property=\"og:image:height\" content=\"1422\" \/>\n\t<meta property=\"og:image:type\" content=\"image\/jpeg\" \/>\n<meta name=\"author\" content=\"Redakcija\" \/>\n<meta name=\"twitter:card\" content=\"summary_large_image\" \/>\n<meta name=\"twitter:label1\" content=\"Napisao\/la\" \/>\n\t<meta name=\"twitter:data1\" content=\"Redakcija\" \/>\n\t<meta name=\"twitter:label2\" content=\"Procijenjeno vrijeme \u010ditanja\" \/>\n\t<meta name=\"twitter:data2\" content=\"3 minute\" \/>\n<script type=\"application\/ld+json\" class=\"yoast-schema-graph\">{\"@context\":\"https:\\\/\\\/schema.org\",\"@graph\":[{\"@type\":\"Article\",\"@id\":\"https:\\\/\\\/direktno.info\\\/index.php\\\/2026\\\/09\\\/04\\\/nakon-osam-godina-u-vlasti-obecao-plate-od-5000-evra-video-foto\\\/#article\",\"isPartOf\":{\"@id\":\"https:\\\/\\\/direktno.info\\\/index.php\\\/2026\\\/09\\\/04\\\/nakon-osam-godina-u-vlasti-obecao-plate-od-5000-evra-video-foto\\\/\"},\"author\":{\"name\":\"Redakcija\",\"@id\":\"https:\\\/\\\/direktno.info\\\/#\\\/schema\\\/person\\\/05fbdaecab81c27dec7cc131a9b37be1\"},\"headline\":\"NAKON OSAM GODINA U VLASTI, VLADO \u0110AJI\u0106 obe\u0107ao plate od 5000 evra! (VIDEO + FOTO)\",\"datePublished\":\"2026-09-04T14:10:53+00:00\",\"dateModified\":\"2026-09-04T14:32:55+00:00\",\"mainEntityOfPage\":{\"@id\":\"https:\\\/\\\/direktno.info\\\/index.php\\\/2026\\\/09\\\/04\\\/nakon-osam-godina-u-vlasti-obecao-plate-od-5000-evra-video-foto\\\/\"},\"wordCount\":366,\"commentCount\":0,\"publisher\":{\"@id\":\"https:\\\/\\\/direktno.info\\\/#organization\"},\"image\":{\"@id\":\"https:\\\/\\\/direktno.info\\\/index.php\\\/2026\\\/09\\\/04\\\/nakon-osam-godina-u-vlasti-obecao-plate-od-5000-evra-video-foto\\\/#primaryimage\"},\"thumbnailUrl\":\"https:\\\/\\\/direktno.info\\\/wp-content\\\/uploads\\\/2026\\\/09\\\/Screenshot_20260904_163017_ai_x_grok_GrokActivity.jpg\",\"keywords\":[\"5.000 EUR\",\"Nikola \u0161obot\",\"Pove\u0107anje plata\",\"Ukc\",\"Univerzitetsko klini\u010dki centar Republike Srpske\",\"Vlado \u0111aji\u0107\",\"Volja naroda Republike Srpske\"],\"articleSection\":[\"Gubitnik dana\",\"Politika\"],\"inLanguage\":\"hr\",\"potentialAction\":[{\"@type\":\"CommentAction\",\"name\":\"Comment\",\"target\":[\"https:\\\/\\\/direktno.info\\\/index.php\\\/2026\\\/09\\\/04\\\/nakon-osam-godina-u-vlasti-obecao-plate-od-5000-evra-video-foto\\\/#respond\"]}]},{\"@type\":\"WebPage\",\"@id\":\"https:\\\/\\\/direktno.info\\\/index.php\\\/2026\\\/09\\\/04\\\/nakon-osam-godina-u-vlasti-obecao-plate-od-5000-evra-video-foto\\\/\",\"url\":\"https:\\\/\\\/direktno.info\\\/index.php\\\/2026\\\/09\\\/04\\\/nakon-osam-godina-u-vlasti-obecao-plate-od-5000-evra-video-foto\\\/\",\"name\":\"NAKON OSAM GODINA U VLASTI, VLADO \u0110AJI\u0106 obe\u0107ao plate od 5000 evra! (VIDEO + FOTO) - Direktno\",\"isPartOf\":{\"@id\":\"https:\\\/\\\/direktno.info\\\/#website\"},\"primaryImageOfPage\":{\"@id\":\"https:\\\/\\\/direktno.info\\\/index.php\\\/2026\\\/09\\\/04\\\/nakon-osam-godina-u-vlasti-obecao-plate-od-5000-evra-video-foto\\\/#primaryimage\"},\"image\":{\"@id\":\"https:\\\/\\\/direktno.info\\\/index.php\\\/2026\\\/09\\\/04\\\/nakon-osam-godina-u-vlasti-obecao-plate-od-5000-evra-video-foto\\\/#primaryimage\"},\"thumbnailUrl\":\"https:\\\/\\\/direktno.info\\\/wp-content\\\/uploads\\\/2026\\\/09\\\/Screenshot_20260904_163017_ai_x_grok_GrokActivity.jpg\",\"datePublished\":\"2026-09-04T14:10:53+00:00\",\"dateModified\":\"2026-09-04T14:32:55+00:00\",\"breadcrumb\":{\"@id\":\"https:\\\/\\\/direktno.info\\\/index.php\\\/2026\\\/09\\\/04\\\/nakon-osam-godina-u-vlasti-obecao-plate-od-5000-evra-video-foto\\\/#breadcrumb\"},\"inLanguage\":\"hr\",\"potentialAction\":[{\"@type\":\"ReadAction\",\"target\":[\"https:\\\/\\\/direktno.info\\\/index.php\\\/2026\\\/09\\\/04\\\/nakon-osam-godina-u-vlasti-obecao-plate-od-5000-evra-video-foto\\\/\"]}]},{\"@type\":\"ImageObject\",\"inLanguage\":\"hr\",\"@id\":\"https:\\\/\\\/direktno.info\\\/index.php\\\/2026\\\/09\\\/04\\\/nakon-osam-godina-u-vlasti-obecao-plate-od-5000-evra-video-foto\\\/#primaryimage\",\"url\":\"https:\\\/\\\/direktno.info\\\/wp-content\\\/uploads\\\/2026\\\/09\\\/Screenshot_20260904_163017_ai_x_grok_GrokActivity.jpg\",\"contentUrl\":\"https:\\\/\\\/direktno.info\\\/wp-content\\\/uploads\\\/2026\\\/09\\\/Screenshot_20260904_163017_ai_x_grok_GrokActivity.jpg\",\"width\":1280,\"height\":1422},{\"@type\":\"BreadcrumbList\",\"@id\":\"https:\\\/\\\/direktno.info\\\/index.php\\\/2026\\\/09\\\/04\\\/nakon-osam-godina-u-vlasti-obecao-plate-od-5000-evra-video-foto\\\/#breadcrumb\",\"itemListElement\":[{\"@type\":\"ListItem\",\"position\":1,\"name\":\"Po\u010detna stranica\",\"item\":\"https:\\\/\\\/direktno.info\\\/\"},{\"@type\":\"ListItem\",\"position\":2,\"name\":\"NAKON OSAM GODINA U VLASTI, VLADO \u0110AJI\u0106 obe\u0107ao plate od 5000 evra! (VIDEO + FOTO)\"}]},{\"@type\":\"WebSite\",\"@id\":\"https:\\\/\\\/direktno.info\\\/#website\",\"url\":\"https:\\\/\\\/direktno.info\\\/\",\"name\":\"Direktno\",\"description\":\"\",\"publisher\":{\"@id\":\"https:\\\/\\\/direktno.info\\\/#organization\"},\"potentialAction\":[{\"@type\":\"SearchAction\",\"target\":{\"@type\":\"EntryPoint\",\"urlTemplate\":\"https:\\\/\\\/direktno.info\\\/?s={search_term_string}\"},\"query-input\":{\"@type\":\"PropertyValueSpecification\",\"valueRequired\":true,\"valueName\":\"search_term_string\"}}],\"inLanguage\":\"hr\"},{\"@type\":\"Organization\",\"@id\":\"https:\\\/\\\/direktno.info\\\/#organization\",\"name\":\"Direktno\",\"url\":\"https:\\\/\\\/direktno.info\\\/\",\"logo\":{\"@type\":\"ImageObject\",\"inLanguage\":\"hr\",\"@id\":\"https:\\\/\\\/direktno.info\\\/#\\\/schema\\\/logo\\\/image\\\/\",\"url\":\"https:\\\/\\\/direktno.info\\\/wp-content\\\/uploads\\\/2026\\\/08\\\/direktno_logo_white.png\",\"contentUrl\":\"https:\\\/\\\/direktno.info\\\/wp-content\\\/uploads\\\/2026\\\/08\\\/direktno_logo_white.png\",\"width\":1600,\"height\":340,\"caption\":\"Direktno\"},\"image\":{\"@id\":\"https:\\\/\\\/direktno.info\\\/#\\\/schema\\\/logo\\\/image\\\/\"},\"sameAs\":[\"https:\\\/\\\/www.facebook.com\\\/share\\\/1Jy4gXyc5u\\\/\"]},{\"@type\":\"Person\",\"@id\":\"https:\\\/\\\/direktno.info\\\/#\\\/schema\\\/person\\\/05fbdaecab81c27dec7cc131a9b37be1\",\"name\":\"Redakcija\",\"image\":{\"@type\":\"ImageObject\",\"inLanguage\":\"hr\",\"@id\":\"https:\\\/\\\/secure.gravatar.com\\\/avatar\\\/ede9d7f54b6164109c0b03742da40f108052ff362d7f85a6850f3cb67bd3d495?s=96&d=mm&r=g\",\"url\":\"https:\\\/\\\/secure.gravatar.com\\\/avatar\\\/ede9d7f54b6164109c0b03742da40f108052ff362d7f85a6850f3cb67bd3d495?s=96&d=mm&r=g\",\"contentUrl\":\"https:\\\/\\\/secure.gravatar.com\\\/avatar\\\/ede9d7f54b6164109c0b03742da40f108052ff362d7f85a6850f3cb67bd3d495?s=96&d=mm&r=g\",\"caption\":\"Redakcija\"},\"sameAs\":[\"http:\\\/\\\/direktno.info\"],\"url\":\"https:\\\/\\\/direktno.info\\\/index.php\\\/author\\\/novinar0603\\\/\"}]}<\/script>\n<!-- \/ Yoast SEO plugin. -->","yoast_head_json":{"title":"NAKON OSAM GODINA U VLASTI, VLADO \u0110AJI\u0106 obe\u0107ao plate od 5000 evra! (VIDEO + FOTO) - Direktno","robots":{"index":"index","follow":"follow","max-snippet":"max-snippet:-1","max-image-preview":"max-image-preview:large","max-video-preview":"max-video-preview:-1"},"canonical":"https:\/\/direktno.info\/index.php\/2026\/09\/04\/nakon-osam-godina-u-vlasti-obecao-plate-od-5000-evra-video-foto\/","og_locale":"hr_HR","og_type":"article","og_title":"NAKON OSAM GODINA U VLASTI, VLADO \u0110AJI\u0106 obe\u0107ao plate od 5000 evra! (VIDEO + FOTO) - Direktno","og_description":"Po\u010dela je op\u0161ta kampanja 2026. godine. Kandidati su se poslikali, plakati su zalijepljeni, i sad se ide na","og_url":"https:\/\/direktno.info\/index.php\/2026\/09\/04\/nakon-osam-godina-u-vlasti-obecao-plate-od-5000-evra-video-foto\/","og_site_name":"Direktno","article_publisher":"https:\/\/www.facebook.com\/share\/1Jy4gXyc5u\/","article_published_time":"2026-09-04T14:10:53+00:00","article_modified_time":"2026-09-04T14:32:55+00:00","og_image":[{"width":1280,"height":1422,"url":"http:\/\/direktno.info\/wp-content\/uploads\/2026\/09\/Screenshot_20260904_163017_ai_x_grok_GrokActivity.jpg","type":"image\/jpeg"}],"author":"Redakcija","twitter_card":"summary_large_image","twitter_misc":{"Napisao\/la":"Redakcija","Procijenjeno vrijeme \u010ditanja":"3 minute"},"schema":{"@context":"https:\/\/schema.org","@graph":[{"@type":"Article","@id":"https:\/\/direktno.info\/index.php\/2026\/09\/04\/nakon-osam-godina-u-vlasti-obecao-plate-od-5000-evra-video-foto\/#article","isPartOf":{"@id":"https:\/\/direktno.info\/index.php\/2026\/09\/04\/nakon-osam-godina-u-vlasti-obecao-plate-od-5000-evra-video-foto\/"},"author":{"name":"Redakcija","@id":"https:\/\/direktno.info\/#\/schema\/person\/05fbdaecab81c27dec7cc131a9b37be1"},"headline":"NAKON OSAM GODINA U VLASTI, VLADO \u0110AJI\u0106 obe\u0107ao plate od 5000 evra! (VIDEO + FOTO)","datePublished":"2026-09-04T14:10:53+00:00","dateModified":"2026-09-04T14:32:55+00:00","mainEntityOfPage":{"@id":"https:\/\/direktno.info\/index.php\/2026\/09\/04\/nakon-osam-godina-u-vlasti-obecao-plate-od-5000-evra-video-foto\/"},"wordCount":366,"commentCount":0,"publisher":{"@id":"https:\/\/direktno.info\/#organization"},"image":{"@id":"https:\/\/direktno.info\/index.php\/2026\/09\/04\/nakon-osam-godina-u-vlasti-obecao-plate-od-5000-evra-video-foto\/#primaryimage"},"thumbnailUrl":"https:\/\/direktno.info\/wp-content\/uploads\/2026\/09\/Screenshot_20260904_163017_ai_x_grok_GrokActivity.jpg","keywords":["5.000 EUR","Nikola \u0161obot","Pove\u0107anje plata","Ukc","Univerzitetsko klini\u010dki centar Republike Srpske","Vlado \u0111aji\u0107","Volja naroda Republike Srpske"],"articleSection":["Gubitnik dana","Politika"],"inLanguage":"hr","potentialAction":[{"@type":"CommentAction","name":"Comment","target":["https:\/\/direktno.info\/index.php\/2026\/09\/04\/nakon-osam-godina-u-vlasti-obecao-plate-od-5000-evra-video-foto\/#respond"]}]},{"@type":"WebPage","@id":"https:\/\/direktno.info\/index.php\/2026\/09\/04\/nakon-osam-godina-u-vlasti-obecao-plate-od-5000-evra-video-foto\/","url":"https:\/\/direktno.info\/index.php\/2026\/09\/04\/nakon-osam-godina-u-vlasti-obecao-plate-od-5000-evra-video-foto\/","name":"NAKON OSAM GODINA U VLASTI, VLADO \u0110AJI\u0106 obe\u0107ao plate od 5000 evra! (VIDEO + FOTO) - Direktno","isPartOf":{"@id":"https:\/\/direktno.info\/#website"},"primaryImageOfPage":{"@id":"https:\/\/direktno.info\/index.php\/2026\/09\/04\/nakon-osam-godina-u-vlasti-obecao-plate-od-5000-evra-video-foto\/#primaryimage"},"image":{"@id":"https:\/\/direktno.info\/index.php\/2026\/09\/04\/nakon-osam-godina-u-vlasti-obecao-plate-od-5000-evra-video-foto\/#primaryimage"},"thumbnailUrl":"https:\/\/direktno.info\/wp-content\/uploads\/2026\/09\/Screenshot_20260904_163017_ai_x_grok_GrokActivity.jpg","datePublished":"2026-09-04T14:10:53+00:00","dateModified":"2026-09-04T14:32:55+00:00","breadcrumb":{"@id":"https:\/\/direktno.info\/index.php\/2026\/09\/04\/nakon-osam-godina-u-vlasti-obecao-plate-od-5000-evra-video-foto\/#breadcrumb"},"inLanguage":"hr","potentialAction":[{"@type":"ReadAction","target":["https:\/\/direktno.info\/index.php\/2026\/09\/04\/nakon-osam-godina-u-vlasti-obecao-plate-od-5000-evra-video-foto\/"]}]},{"@type":"ImageObject","inLanguage":"hr","@id":"https:\/\/direktno.info\/index.php\/2026\/09\/04\/nakon-osam-godina-u-vlasti-obecao-plate-od-5000-evra-video-foto\/#primaryimage","url":"https:\/\/direktno.info\/wp-content\/uploads\/2026\/09\/Screenshot_20260904_163017_ai_x_grok_GrokActivity.jpg","contentUrl":"https:\/\/direktno.info\/wp-content\/uploads\/2026\/09\/Screenshot_20260904_163017_ai_x_grok_GrokActivity.jpg","width":1280,"height":1422},{"@type":"BreadcrumbList","@id":"https:\/\/direktno.info\/index.php\/2026\/09\/04\/nakon-osam-godina-u-vlasti-obecao-plate-od-5000-evra-video-foto\/#breadcrumb","itemListElement":[{"@type":"ListItem","position":1,"name":"Po\u010detna stranica","item":"https:\/\/direktno.info\/"},{"@type":"ListItem","position":2,"name":"NAKON OSAM GODINA U VLASTI, VLADO \u0110AJI\u0106 obe\u0107ao plate od 5000 evra! (VIDEO + FOTO)"}]},{"@type":"WebSite","@id":"https:\/\/direktno.info\/#website","url":"https:\/\/direktno.info\/","name":"Direktno","description":"","publisher":{"@id":"https:\/\/direktno.info\/#organization"},"potentialAction":[{"@type":"SearchAction","target":{"@type":"EntryPoint","urlTemplate":"https:\/\/direktno.info\/?s={search_term_string}"},"query-input":{"@type":"PropertyValueSpecification","valueRequired":true,"valueName":"search_term_string"}}],"inLanguage":"hr"},{"@type":"Organization","@id":"https:\/\/direktno.info\/#organization","name":"Direktno","url":"https:\/\/direktno.info\/","logo":{"@type":"ImageObject","inLanguage":"hr","@id":"https:\/\/direktno.info\/#\/schema\/logo\/image\/","url":"https:\/\/direktno.info\/wp-content\/uploads\/2026\/08\/direktno_logo_white.png","contentUrl":"https:\/\/direktno.info\/wp-content\/uploads\/2026\/08\/direktno_logo_white.png","width":1600,"height":340,"caption":"Direktno"},"image":{"@id":"https:\/\/direktno.info\/#\/schema\/logo\/image\/"},"sameAs":["https:\/\/www.facebook.com\/share\/1Jy4gXyc5u\/"]},{"@type":"Person","@id":"https:\/\/direktno.info\/#\/schema\/person\/05fbdaecab81c27dec7cc131a9b37be1","name":"Redakcija","image":{"@type":"ImageObject","inLanguage":"hr","@id":"https:\/\/secure.gravatar.com\/avatar\/ede9d7f54b6164109c0b03742da40f108052ff362d7f85a6850f3cb67bd3d495?s=96&d=mm&r=g","url":"https:\/\/secure.gravatar.com\/avatar\/ede9d7f54b6164109c0b03742da40f108052ff362d7f85a6850f3cb67bd3d495?s=96&d=mm&r=g","contentUrl":"https:\/\/secure.gravatar.com\/avatar\/ede9d7f54b6164109c0b03742da40f108052ff362d7f85a6850f3cb67bd3d495?s=96&d=mm&r=g","caption":"Redakcija"},"sameAs":["http:\/\/direktno.info"],"url":"https:\/\/direktno.info\/index.php\/author\/novinar0603\/"}]}},"_links":{"self":[{"href":"https:\/\/direktno.info\/index.php\/wp-json\/wp\/v2\/posts\/1676","targetHints":{"allow":["GET"]}}],"collection":[{"href":"https:\/\/direktno.info\/index.php\/wp-json\/wp\/v2\/posts"}],"about":[{"href":"https:\/\/direktno.info\/index.php\/wp-json\/wp\/v2\/types\/post"}],"author":[{"embeddable":true,"href":"https:\/\/direktno.info\/index.php\/wp-json\/wp\/v2\/users\/1"}],"replies":[{"embeddable":true,"href":"https:\/\/direktno.info\/index.php\/wp-json\/wp\/v2\/comments?post=1676"}],"version-history":[{"count":2,"href":"https:\/\/direktno.info\/index.php\/wp-json\/wp\/v2\/posts\/1676\/revisions"}],"predecessor-version":[{"id":1685,"href":"https:\/\/direktno.info\/index.php\/wp-json\/wp\/v2\/posts\/1676\/revisions\/1685"}],"wp:featuredmedia":[{"embeddable":true,"href":"https:\/\/direktno.info\/index.php\/wp-json\/wp\/v2\/media\/1684"}],"wp:attachment":[{"href":"https:\/\/direktno.info\/index.php\/wp-json\/wp\/v2\/media?parent=1676"}],"wp:term":[{"taxonomy":"category","embeddable":true,"href":"https:\/\/direktno.info\/index.php\/wp-json\/wp\/v2\/categories?post=1676"},{"taxonomy":"post_tag","embeddable":true,"href":"https:\/\/direktno.info\/index.php\/wp-json\/wp\/v2\/tags?post=1676"}],"curies":[{"name":"wp","href":"https:\/\/api.w.org\/{rel}","templated":true}]}}