{"id":1657,"date":"2026-09-03T22:38:59","date_gmt":"2026-09-03T22:38:59","guid":{"rendered":"https:\/\/direktno.info\/?p=1657"},"modified":"2026-09-03T22:41:20","modified_gmt":"2026-09-03T22:41:20","slug":"glavni-gradski-grobari-kako-su-selakovi-socijalisti-sahranili-gradsko-groblje-foto-video","status":"publish","type":"post","link":"https:\/\/direktno.info\/index.php\/2026\/09\/03\/glavni-gradski-grobari-kako-su-selakovi-socijalisti-sahranili-gradsko-groblje-foto-video\/","title":{"rendered":"GLAVNI GRADSKI GROBARI! Kako su Selakovi socijalisti sahranili Gradsko groblje (FOTO + VIDEO)"},"content":{"rendered":"\n<p class=\"wp-block-paragraph\"><strong>Socijalisti\u010dka partija srpske Gorana Selaka (SPS) ovih dana sve vi\u0161e se \u0161iri po terenu jer danas po\u010dinje izborna kampanja. <\/strong><\/p>\n\n\n\n<p class=\"wp-block-paragraph\">Sad je Selaku dobrodo\u0161la i funkcija koju je dobio od <strong>Milorada Dodika, biv\u0161eg predsjednika Republike Srpske kojem je ve\u0107 jednom zabio no\u017e u le\u0111a &#8211; ona ministra pravde Republike Srpske,<\/strong> jer dok obilazi sudove i tu\u017eila\u0161tva po dr\u017eavi, istovremeno pravi i stranku, najvi\u0161e otimaju\u0107i kadrove drugim politi\u010dkim partijama. <\/p>\n\n\n\n<p class=\"wp-block-paragraph\"><strong>Socijalista je malo, ali su dobro uvezani. Selak bio direktor<\/strong> <strong>Kazneno-popravnog zavoda &#8220;Tunjice&#8221; , <\/strong>a njegovi su kadrovi i direktor prijedorske toplane <strong>Du\u0161ko Mileti\u0107<\/strong>, <strong>Maksim Skoko direktor RiTE Gacko<\/strong>, te biv\u0161i direktor gradskog groblja <strong>\u017deljko Grbi\u0107 <\/strong>i <strong>direktor banjalu\u010dkog &#8220;Depota&#8221; Ratko Joki\u0107<\/strong>, preko kojih pla\u0107a sebi lojalne medije. <\/p>\n\n\n\n<p class=\"wp-block-paragraph\"><strong>Selak je tako\u0111e u srodstvu sa porodicom Milakovi\u0107 iz Prijedora, vlasnicima Novoteksa<\/strong>, kojima je grad Banjaluka samo za <strong>Akvanu<\/strong> isplatila milione maraka, di\u017eu\u0107i kredit i zadu\u017euju\u0107i Banjalu\u010dane kako bi se dio kapitala iz grada Banjaluka prevukao u porodi\u010dnu firmu <strong>Milakovi\u0107 &#8211; Novoteks<\/strong>. <\/p>\n\n\n\n<p class=\"wp-block-paragraph\">Ipak, Selak nije dobar sa svim Milakovi\u0107ima, ve\u0107 samo sa jednim dijelom porodice, dok je drugi dio porodice, <strong>poput pokojnog Ne\u0111e Milakovi\u0107a, koji je svjedo\u010dio o tome na N1 s mjesta direktora gradskog groblja, otjeran pi\u0161toljima. <\/strong>Milakovi\u0107 je za \u017eivota tvrdio da su ga na gradskom groblju do\u010dekali milionski gubici i da ih je rje\u0161avao jedno po jedno. <strong>Umro je od korone, a mi prenosimo samo dio izjave koja se odnosi na njegovu smjenu, kada su ga pi\u0161toljima istjerali iz kancelarije.<\/strong><\/p>\n\n\n\n<figure class=\"wp-block-video\"><video controls src=\"https:\/\/direktno.info\/wp-content\/uploads\/2026\/09\/lv_0_20260904000622.mp4\"><\/video><figcaption class=\"wp-element-caption\">Milakovi\u0107 Ne\u0111o<\/figcaption><\/figure>\n\n\n\n<p class=\"wp-block-paragraph\">Sli\u010dna stvar desila se i prilikom preuzimanja <strong>Depota<\/strong>, kada je za direktora regionalnog depota imenovan <strong>Ratko Joki\u0107, tako\u0111e kadar Socijalisti\u010dke partije Srpske.<\/strong><\/p>\n\n\n\n<p class=\"wp-block-paragraph\">No, da se vratimo na gradsko groblje. Jer uspjeh je sahraniti groblje, \u0161to je uradio Selakov kadar \u017deljko Grbi\u0107. <\/p>\n\n\n\n<p class=\"wp-block-paragraph\">Prema dokumentaciji kojom raspola\u017eemo, u martu 2024. godine radnici gradskog groblja uputili su dopis gradona\u010delniku Banjaluke Dra\u0161ku Stanivukovi\u0107u, obavijestiv\u0161i ga da je preduze\u0107e na ivici likvidnosti i da se di\u017eu krediti. <strong>Stanivukovi\u0107 nije poduzeo ni\u0161ta, jer je Selak bio \u010dlan vladaju\u0107e ve\u0107ine.<\/strong><\/p>\n\n\n\n<p class=\"wp-block-paragraph\"><strong>Gradsko groblje se nemilosrdno plja\u010dka i uni\u0161tava preko firmi &#8220;Novotex&#8221; i &#8220;Progres&#8221;, obje u vlasni\u0161tvu familije Selak-Milakovi\u0107, koja je postavila Grbi\u0107a za direktora,<\/strong> a koji je na svoju sramotu sopstvenoj k\u0107erki kupio grobno mjesto, pravdaju\u0107i to finansijskim ulaganjem.<\/p>\n\n\n\n<figure class=\"wp-block-image size-full\"><img loading=\"lazy\" decoding=\"async\" width=\"320\" height=\"102\" src=\"https:\/\/direktno.info\/wp-content\/uploads\/2026\/09\/70126-1.png\" alt=\"\" class=\"wp-image-1664\" srcset=\"https:\/\/direktno.info\/wp-content\/uploads\/2026\/09\/70126-1.png 320w, https:\/\/direktno.info\/wp-content\/uploads\/2026\/09\/70126-1-300x96.png 300w\" sizes=\"auto, (max-width: 320px) 100vw, 320px\" \/><\/figure>\n\n\n\n<p class=\"wp-block-paragraph\"><strong>Grbi\u0107 je digao samo inicijativno kredit od 300 hiljada maraka bez odobrenja upravnog i nadzornog odbora preduze\u0107a i proslijedio ga dalje firmama Novotex i Progres. <\/strong>Novotex je novac dobio na osnovu vrlo brze, \u0161tavi\u0161e ekstremno brze sudske presude, a firma Progres za nabavku mermera. <\/p>\n\n\n\n<p class=\"wp-block-paragraph\"><strong>Tako je od &#8220;Progresa&#8221; 24. februara 2020. godine kupljeno mermera u vrijednosti od 248 hiljada maraka, a ve\u0107 21.januara 2021. godine kupljeno jo\u0161 mermera za u vrijednosti od 308 hiljada maraka. Ukupno za jedanaest mjeseci 556, 5 hiljada maraka.<\/strong><\/p>\n\n\n\n<figure class=\"wp-block-image size-full\"><img loading=\"lazy\" decoding=\"async\" width=\"320\" height=\"102\" src=\"https:\/\/direktno.info\/wp-content\/uploads\/2026\/09\/70127-1.png\" alt=\"\" class=\"wp-image-1663\" srcset=\"https:\/\/direktno.info\/wp-content\/uploads\/2026\/09\/70127-1.png 320w, https:\/\/direktno.info\/wp-content\/uploads\/2026\/09\/70127-1-300x96.png 300w\" sizes=\"auto, (max-width: 320px) 100vw, 320px\" \/><\/figure>\n\n\n\n<p class=\"wp-block-paragraph\"><\/p>\n\n\n\n<p class=\"wp-block-paragraph\">Interesantno je da je <strong>firma &#8220;Progres<\/strong>&#8221; , koja je nabavila mermer za vi\u0161e od pola miliona maraka za potrebe gradskog groblja preko \u017deljka Grbi\u0107a, <strong>ranije sklapala poslove sa KPZ Tunjice u isto vrijeme dok je direktor preduze\u0107a bio Goran Selak. <\/strong><\/p>\n\n\n\n<p class=\"wp-block-paragraph\"><strong>Tako su nabavljali za KPZ  &#8220;materijal za obrazovanje, nauku i sport&#8221; u vrijednosti od 18, 46 maraka, preko ambala\u017ee za jaja u vrijednosti 204 marke, pa do izvo\u0111enja radova na sanaciji dijela paviljona u krugu KPZ &#8220;Banjaluka&#8221; u vrijednosti od 62, 5 hiljada maraka<\/strong>. <\/p>\n\n\n\n<p class=\"wp-block-paragraph\">Jedan od vlasnika firme &#8220;Progres&#8221; je<strong> Nemanja Gaji\u0107. Ime potpuno nebitno da nije mu\u017e od Selakove prve ro\u0111ake, ta\u010dnije sin Selakovog zeta Gorana Gaji\u0107a<\/strong>. Isti <strong>Goran Gaji\u0107<\/strong>, koji je bio \u0161ef magacina i nabavke u KPZ Tunjice, potpisivao je fakture za &#8220;Progres&#8221; <strong>dok je istovremeno radio kod Selaka. <\/strong><\/p>\n\n\n\n<p class=\"wp-block-paragraph\"><strong>Ako vam ne\u0161to nije jasno, ne sekirajte se, ovakav primjer nepotizma se rijetko vi\u0111a.<\/strong><\/p>\n\n\n\n<figure class=\"wp-block-gallery has-nested-images columns-default is-cropped wp-block-gallery-1 is-layout-flex wp-block-gallery-is-layout-flex\">\n<figure class=\"wp-block-image size-full\"><img loading=\"lazy\" decoding=\"async\" width=\"320\" height=\"301\" data-id=\"1662\" src=\"https:\/\/direktno.info\/wp-content\/uploads\/2026\/09\/70122-1.png\" alt=\"\" class=\"wp-image-1662\" srcset=\"https:\/\/direktno.info\/wp-content\/uploads\/2026\/09\/70122-1.png 320w, https:\/\/direktno.info\/wp-content\/uploads\/2026\/09\/70122-1-300x282.png 300w\" sizes=\"auto, (max-width: 320px) 100vw, 320px\" \/><\/figure>\n\n\n\n<figure class=\"wp-block-image size-full\"><img loading=\"lazy\" decoding=\"async\" width=\"320\" height=\"270\" data-id=\"1661\" src=\"https:\/\/direktno.info\/wp-content\/uploads\/2026\/09\/70123.png\" alt=\"\" class=\"wp-image-1661\" srcset=\"https:\/\/direktno.info\/wp-content\/uploads\/2026\/09\/70123.png 320w, https:\/\/direktno.info\/wp-content\/uploads\/2026\/09\/70123-300x253.png 300w\" sizes=\"auto, (max-width: 320px) 100vw, 320px\" \/><\/figure>\n<\/figure>\n\n\n\n<p class=\"wp-block-paragraph\"><strong>Cijela ova koalicija po\u010dinje da puca kada Selak okre\u0107e le\u0111a Dra\u0161ku Stanivukovi\u0107u, a Dra\u0161ko Stanivukovi\u0107, kao gradona\u010delnik Banjaluke, smjenjuje \u017deljka Grbi\u0107a <\/strong>sa mjesta direktora gradskog groblja i na njegovo mjesto stavlja sina <strong>pokojnog Ne\u0111e Milakovi\u0107a<\/strong>, koji je sa svog radnog mjesta istjeran pi\u0161toljem. <\/p>\n\n\n\n<p class=\"wp-block-paragraph\">Taj isti dan Dra\u0161ko Stanivukovi\u0107 objavljuje da je tri godine gradsko groblje pred slomom i da je \u017deljko Grbi\u0107 \u010dak iskoristio svoju poziciju da kupi grobno mjesto svojoj maloljetnoj k\u0107erki, \u0161to je posebno morbidan dio.<\/p>\n\n\n\n<figure class=\"wp-block-video\"><video controls src=\"https:\/\/direktno.info\/wp-content\/uploads\/2026\/09\/lv_0_20260904000249-1.mp4\"><\/video><figcaption class=\"wp-element-caption\">Dra\u0161ko Stanivukovi\u0107 gradsko groblje <\/figcaption><\/figure>\n\n\n\n<p class=\"wp-block-paragraph\"><strong>Nastavi\u0107e se jer &#8211; jedan dio je premalo. <\/strong><\/p>\n\n\n\n<p class=\"wp-block-paragraph\"><\/p>\n","protected":false},"excerpt":{"rendered":"<p>Socijalisti\u010dka partija srpske Gorana Selaka (SPS) ovih dana sve vi\u0161e se \u0161iri po terenu jer danas po\u010dinje izborna<\/p>\n","protected":false},"author":1,"featured_media":1665,"comment_status":"open","ping_status":"open","sticky":false,"template":"","format":"standard","meta":{"footnotes":""},"categories":[29,30],"tags":[55,49,106,145,144,143,98,142],"class_list":["post-1657","post","type-post","status-publish","format-standard","has-post-thumbnail","hentry","category-istrazivanje","category-pocetna","tag-banja-luka","tag-drasko-stanivukovic","tag-goran-selak","tag-gradsko-groblje","tag-maksim-skoko","tag-ratko-jokic","tag-republika-srpska","tag-zeljko-grbic"],"yoast_head":"<!-- This site is optimized with the Yoast SEO plugin v28.3 - https:\/\/yoast.com\/product\/yoast-seo-wordpress\/ -->\n<title>GLAVNI GRADSKI GROBARI! Kako su Selakovi socijalisti sahranili Gradsko groblje (FOTO + VIDEO) - Direktno<\/title>\n<meta name=\"robots\" content=\"index, follow, max-snippet:-1, max-image-preview:large, max-video-preview:-1\" \/>\n<link rel=\"canonical\" href=\"https:\/\/direktno.info\/index.php\/2026\/09\/03\/glavni-gradski-grobari-kako-su-selakovi-socijalisti-sahranili-gradsko-groblje-foto-video\/\" \/>\n<meta property=\"og:locale\" content=\"hr_HR\" \/>\n<meta property=\"og:type\" content=\"article\" \/>\n<meta property=\"og:title\" content=\"GLAVNI GRADSKI GROBARI! Kako su Selakovi socijalisti sahranili Gradsko groblje (FOTO + VIDEO) - Direktno\" \/>\n<meta property=\"og:description\" content=\"Socijalisti\u010dka partija srpske Gorana Selaka (SPS) ovih dana sve vi\u0161e se \u0161iri po terenu jer danas po\u010dinje izborna\" \/>\n<meta property=\"og:url\" content=\"https:\/\/direktno.info\/index.php\/2026\/09\/03\/glavni-gradski-grobari-kako-su-selakovi-socijalisti-sahranili-gradsko-groblje-foto-video\/\" \/>\n<meta property=\"og:site_name\" content=\"Direktno\" \/>\n<meta property=\"article:publisher\" content=\"https:\/\/www.facebook.com\/share\/1Jy4gXyc5u\/\" \/>\n<meta property=\"article:published_time\" content=\"2026-09-03T22:38:59+00:00\" \/>\n<meta property=\"article:modified_time\" content=\"2026-09-03T22:41:20+00:00\" \/>\n<meta property=\"og:image\" content=\"http:\/\/direktno.info\/wp-content\/uploads\/2026\/09\/selak.jpg\" \/>\n\t<meta property=\"og:image:width\" content=\"900\" \/>\n\t<meta property=\"og:image:height\" content=\"600\" \/>\n\t<meta property=\"og:image:type\" content=\"image\/jpeg\" \/>\n<meta name=\"author\" content=\"Redakcija\" \/>\n<meta name=\"twitter:card\" content=\"summary_large_image\" \/>\n<meta name=\"twitter:label1\" content=\"Napisao\/la\" \/>\n\t<meta name=\"twitter:data1\" content=\"Redakcija\" \/>\n\t<meta name=\"twitter:label2\" content=\"Procijenjeno vrijeme \u010ditanja\" \/>\n\t<meta name=\"twitter:data2\" content=\"5 minuta\" \/>\n<script type=\"application\/ld+json\" class=\"yoast-schema-graph\">{\"@context\":\"https:\\\/\\\/schema.org\",\"@graph\":[{\"@type\":\"Article\",\"@id\":\"https:\\\/\\\/direktno.info\\\/index.php\\\/2026\\\/09\\\/03\\\/glavni-gradski-grobari-kako-su-selakovi-socijalisti-sahranili-gradsko-groblje-foto-video\\\/#article\",\"isPartOf\":{\"@id\":\"https:\\\/\\\/direktno.info\\\/index.php\\\/2026\\\/09\\\/03\\\/glavni-gradski-grobari-kako-su-selakovi-socijalisti-sahranili-gradsko-groblje-foto-video\\\/\"},\"author\":{\"name\":\"Redakcija\",\"@id\":\"https:\\\/\\\/direktno.info\\\/#\\\/schema\\\/person\\\/05fbdaecab81c27dec7cc131a9b37be1\"},\"headline\":\"GLAVNI GRADSKI GROBARI! Kako su Selakovi socijalisti sahranili Gradsko groblje (FOTO + VIDEO)\",\"datePublished\":\"2026-09-03T22:38:59+00:00\",\"dateModified\":\"2026-09-03T22:41:20+00:00\",\"mainEntityOfPage\":{\"@id\":\"https:\\\/\\\/direktno.info\\\/index.php\\\/2026\\\/09\\\/03\\\/glavni-gradski-grobari-kako-su-selakovi-socijalisti-sahranili-gradsko-groblje-foto-video\\\/\"},\"wordCount\":754,\"commentCount\":0,\"publisher\":{\"@id\":\"https:\\\/\\\/direktno.info\\\/#organization\"},\"image\":{\"@id\":\"https:\\\/\\\/direktno.info\\\/index.php\\\/2026\\\/09\\\/03\\\/glavni-gradski-grobari-kako-su-selakovi-socijalisti-sahranili-gradsko-groblje-foto-video\\\/#primaryimage\"},\"thumbnailUrl\":\"https:\\\/\\\/direktno.info\\\/wp-content\\\/uploads\\\/2026\\\/09\\\/selak.jpg\",\"keywords\":[\"Banja Luka\",\"Dra\u0161ko Stanivukovi\u0107\",\"Goran selak\",\"Gradsko groblje\",\"Maksim Skoko\",\"Ratko Joki\u0107\",\"Republika Srpska\",\"\u017deljko Grbi\u0107\"],\"articleSection\":[\"Istra\u017eivanje\",\"Po\u010detna\"],\"inLanguage\":\"hr\",\"potentialAction\":[{\"@type\":\"CommentAction\",\"name\":\"Comment\",\"target\":[\"https:\\\/\\\/direktno.info\\\/index.php\\\/2026\\\/09\\\/03\\\/glavni-gradski-grobari-kako-su-selakovi-socijalisti-sahranili-gradsko-groblje-foto-video\\\/#respond\"]}]},{\"@type\":\"WebPage\",\"@id\":\"https:\\\/\\\/direktno.info\\\/index.php\\\/2026\\\/09\\\/03\\\/glavni-gradski-grobari-kako-su-selakovi-socijalisti-sahranili-gradsko-groblje-foto-video\\\/\",\"url\":\"https:\\\/\\\/direktno.info\\\/index.php\\\/2026\\\/09\\\/03\\\/glavni-gradski-grobari-kako-su-selakovi-socijalisti-sahranili-gradsko-groblje-foto-video\\\/\",\"name\":\"GLAVNI GRADSKI GROBARI! Kako su Selakovi socijalisti sahranili Gradsko groblje (FOTO + VIDEO) - Direktno\",\"isPartOf\":{\"@id\":\"https:\\\/\\\/direktno.info\\\/#website\"},\"primaryImageOfPage\":{\"@id\":\"https:\\\/\\\/direktno.info\\\/index.php\\\/2026\\\/09\\\/03\\\/glavni-gradski-grobari-kako-su-selakovi-socijalisti-sahranili-gradsko-groblje-foto-video\\\/#primaryimage\"},\"image\":{\"@id\":\"https:\\\/\\\/direktno.info\\\/index.php\\\/2026\\\/09\\\/03\\\/glavni-gradski-grobari-kako-su-selakovi-socijalisti-sahranili-gradsko-groblje-foto-video\\\/#primaryimage\"},\"thumbnailUrl\":\"https:\\\/\\\/direktno.info\\\/wp-content\\\/uploads\\\/2026\\\/09\\\/selak.jpg\",\"datePublished\":\"2026-09-03T22:38:59+00:00\",\"dateModified\":\"2026-09-03T22:41:20+00:00\",\"breadcrumb\":{\"@id\":\"https:\\\/\\\/direktno.info\\\/index.php\\\/2026\\\/09\\\/03\\\/glavni-gradski-grobari-kako-su-selakovi-socijalisti-sahranili-gradsko-groblje-foto-video\\\/#breadcrumb\"},\"inLanguage\":\"hr\",\"potentialAction\":[{\"@type\":\"ReadAction\",\"target\":[\"https:\\\/\\\/direktno.info\\\/index.php\\\/2026\\\/09\\\/03\\\/glavni-gradski-grobari-kako-su-selakovi-socijalisti-sahranili-gradsko-groblje-foto-video\\\/\"]}]},{\"@type\":\"ImageObject\",\"inLanguage\":\"hr\",\"@id\":\"https:\\\/\\\/direktno.info\\\/index.php\\\/2026\\\/09\\\/03\\\/glavni-gradski-grobari-kako-su-selakovi-socijalisti-sahranili-gradsko-groblje-foto-video\\\/#primaryimage\",\"url\":\"https:\\\/\\\/direktno.info\\\/wp-content\\\/uploads\\\/2026\\\/09\\\/selak.jpg\",\"contentUrl\":\"https:\\\/\\\/direktno.info\\\/wp-content\\\/uploads\\\/2026\\\/09\\\/selak.jpg\",\"width\":900,\"height\":600},{\"@type\":\"BreadcrumbList\",\"@id\":\"https:\\\/\\\/direktno.info\\\/index.php\\\/2026\\\/09\\\/03\\\/glavni-gradski-grobari-kako-su-selakovi-socijalisti-sahranili-gradsko-groblje-foto-video\\\/#breadcrumb\",\"itemListElement\":[{\"@type\":\"ListItem\",\"position\":1,\"name\":\"Po\u010detna stranica\",\"item\":\"https:\\\/\\\/direktno.info\\\/\"},{\"@type\":\"ListItem\",\"position\":2,\"name\":\"GLAVNI GRADSKI GROBARI! Kako su Selakovi socijalisti sahranili Gradsko groblje (FOTO + VIDEO)\"}]},{\"@type\":\"WebSite\",\"@id\":\"https:\\\/\\\/direktno.info\\\/#website\",\"url\":\"https:\\\/\\\/direktno.info\\\/\",\"name\":\"Direktno\",\"description\":\"\",\"publisher\":{\"@id\":\"https:\\\/\\\/direktno.info\\\/#organization\"},\"potentialAction\":[{\"@type\":\"SearchAction\",\"target\":{\"@type\":\"EntryPoint\",\"urlTemplate\":\"https:\\\/\\\/direktno.info\\\/?s={search_term_string}\"},\"query-input\":{\"@type\":\"PropertyValueSpecification\",\"valueRequired\":true,\"valueName\":\"search_term_string\"}}],\"inLanguage\":\"hr\"},{\"@type\":\"Organization\",\"@id\":\"https:\\\/\\\/direktno.info\\\/#organization\",\"name\":\"Direktno\",\"url\":\"https:\\\/\\\/direktno.info\\\/\",\"logo\":{\"@type\":\"ImageObject\",\"inLanguage\":\"hr\",\"@id\":\"https:\\\/\\\/direktno.info\\\/#\\\/schema\\\/logo\\\/image\\\/\",\"url\":\"https:\\\/\\\/direktno.info\\\/wp-content\\\/uploads\\\/2026\\\/08\\\/direktno_logo_white.png\",\"contentUrl\":\"https:\\\/\\\/direktno.info\\\/wp-content\\\/uploads\\\/2026\\\/08\\\/direktno_logo_white.png\",\"width\":1600,\"height\":340,\"caption\":\"Direktno\"},\"image\":{\"@id\":\"https:\\\/\\\/direktno.info\\\/#\\\/schema\\\/logo\\\/image\\\/\"},\"sameAs\":[\"https:\\\/\\\/www.facebook.com\\\/share\\\/1Jy4gXyc5u\\\/\"]},{\"@type\":\"Person\",\"@id\":\"https:\\\/\\\/direktno.info\\\/#\\\/schema\\\/person\\\/05fbdaecab81c27dec7cc131a9b37be1\",\"name\":\"Redakcija\",\"image\":{\"@type\":\"ImageObject\",\"inLanguage\":\"hr\",\"@id\":\"https:\\\/\\\/secure.gravatar.com\\\/avatar\\\/ede9d7f54b6164109c0b03742da40f108052ff362d7f85a6850f3cb67bd3d495?s=96&d=mm&r=g\",\"url\":\"https:\\\/\\\/secure.gravatar.com\\\/avatar\\\/ede9d7f54b6164109c0b03742da40f108052ff362d7f85a6850f3cb67bd3d495?s=96&d=mm&r=g\",\"contentUrl\":\"https:\\\/\\\/secure.gravatar.com\\\/avatar\\\/ede9d7f54b6164109c0b03742da40f108052ff362d7f85a6850f3cb67bd3d495?s=96&d=mm&r=g\",\"caption\":\"Redakcija\"},\"sameAs\":[\"http:\\\/\\\/direktno.info\"],\"url\":\"https:\\\/\\\/direktno.info\\\/index.php\\\/author\\\/novinar0603\\\/\"}]}<\/script>\n<!-- \/ Yoast SEO plugin. -->","yoast_head_json":{"title":"GLAVNI GRADSKI GROBARI! Kako su Selakovi socijalisti sahranili Gradsko groblje (FOTO + VIDEO) - Direktno","robots":{"index":"index","follow":"follow","max-snippet":"max-snippet:-1","max-image-preview":"max-image-preview:large","max-video-preview":"max-video-preview:-1"},"canonical":"https:\/\/direktno.info\/index.php\/2026\/09\/03\/glavni-gradski-grobari-kako-su-selakovi-socijalisti-sahranili-gradsko-groblje-foto-video\/","og_locale":"hr_HR","og_type":"article","og_title":"GLAVNI GRADSKI GROBARI! Kako su Selakovi socijalisti sahranili Gradsko groblje (FOTO + VIDEO) - Direktno","og_description":"Socijalisti\u010dka partija srpske Gorana Selaka (SPS) ovih dana sve vi\u0161e se \u0161iri po terenu jer danas po\u010dinje izborna","og_url":"https:\/\/direktno.info\/index.php\/2026\/09\/03\/glavni-gradski-grobari-kako-su-selakovi-socijalisti-sahranili-gradsko-groblje-foto-video\/","og_site_name":"Direktno","article_publisher":"https:\/\/www.facebook.com\/share\/1Jy4gXyc5u\/","article_published_time":"2026-09-03T22:38:59+00:00","article_modified_time":"2026-09-03T22:41:20+00:00","og_image":[{"width":900,"height":600,"url":"http:\/\/direktno.info\/wp-content\/uploads\/2026\/09\/selak.jpg","type":"image\/jpeg"}],"author":"Redakcija","twitter_card":"summary_large_image","twitter_misc":{"Napisao\/la":"Redakcija","Procijenjeno vrijeme \u010ditanja":"5 minuta"},"schema":{"@context":"https:\/\/schema.org","@graph":[{"@type":"Article","@id":"https:\/\/direktno.info\/index.php\/2026\/09\/03\/glavni-gradski-grobari-kako-su-selakovi-socijalisti-sahranili-gradsko-groblje-foto-video\/#article","isPartOf":{"@id":"https:\/\/direktno.info\/index.php\/2026\/09\/03\/glavni-gradski-grobari-kako-su-selakovi-socijalisti-sahranili-gradsko-groblje-foto-video\/"},"author":{"name":"Redakcija","@id":"https:\/\/direktno.info\/#\/schema\/person\/05fbdaecab81c27dec7cc131a9b37be1"},"headline":"GLAVNI GRADSKI GROBARI! Kako su Selakovi socijalisti sahranili Gradsko groblje (FOTO + VIDEO)","datePublished":"2026-09-03T22:38:59+00:00","dateModified":"2026-09-03T22:41:20+00:00","mainEntityOfPage":{"@id":"https:\/\/direktno.info\/index.php\/2026\/09\/03\/glavni-gradski-grobari-kako-su-selakovi-socijalisti-sahranili-gradsko-groblje-foto-video\/"},"wordCount":754,"commentCount":0,"publisher":{"@id":"https:\/\/direktno.info\/#organization"},"image":{"@id":"https:\/\/direktno.info\/index.php\/2026\/09\/03\/glavni-gradski-grobari-kako-su-selakovi-socijalisti-sahranili-gradsko-groblje-foto-video\/#primaryimage"},"thumbnailUrl":"https:\/\/direktno.info\/wp-content\/uploads\/2026\/09\/selak.jpg","keywords":["Banja Luka","Dra\u0161ko Stanivukovi\u0107","Goran selak","Gradsko groblje","Maksim Skoko","Ratko Joki\u0107","Republika Srpska","\u017deljko Grbi\u0107"],"articleSection":["Istra\u017eivanje","Po\u010detna"],"inLanguage":"hr","potentialAction":[{"@type":"CommentAction","name":"Comment","target":["https:\/\/direktno.info\/index.php\/2026\/09\/03\/glavni-gradski-grobari-kako-su-selakovi-socijalisti-sahranili-gradsko-groblje-foto-video\/#respond"]}]},{"@type":"WebPage","@id":"https:\/\/direktno.info\/index.php\/2026\/09\/03\/glavni-gradski-grobari-kako-su-selakovi-socijalisti-sahranili-gradsko-groblje-foto-video\/","url":"https:\/\/direktno.info\/index.php\/2026\/09\/03\/glavni-gradski-grobari-kako-su-selakovi-socijalisti-sahranili-gradsko-groblje-foto-video\/","name":"GLAVNI GRADSKI GROBARI! Kako su Selakovi socijalisti sahranili Gradsko groblje (FOTO + VIDEO) - Direktno","isPartOf":{"@id":"https:\/\/direktno.info\/#website"},"primaryImageOfPage":{"@id":"https:\/\/direktno.info\/index.php\/2026\/09\/03\/glavni-gradski-grobari-kako-su-selakovi-socijalisti-sahranili-gradsko-groblje-foto-video\/#primaryimage"},"image":{"@id":"https:\/\/direktno.info\/index.php\/2026\/09\/03\/glavni-gradski-grobari-kako-su-selakovi-socijalisti-sahranili-gradsko-groblje-foto-video\/#primaryimage"},"thumbnailUrl":"https:\/\/direktno.info\/wp-content\/uploads\/2026\/09\/selak.jpg","datePublished":"2026-09-03T22:38:59+00:00","dateModified":"2026-09-03T22:41:20+00:00","breadcrumb":{"@id":"https:\/\/direktno.info\/index.php\/2026\/09\/03\/glavni-gradski-grobari-kako-su-selakovi-socijalisti-sahranili-gradsko-groblje-foto-video\/#breadcrumb"},"inLanguage":"hr","potentialAction":[{"@type":"ReadAction","target":["https:\/\/direktno.info\/index.php\/2026\/09\/03\/glavni-gradski-grobari-kako-su-selakovi-socijalisti-sahranili-gradsko-groblje-foto-video\/"]}]},{"@type":"ImageObject","inLanguage":"hr","@id":"https:\/\/direktno.info\/index.php\/2026\/09\/03\/glavni-gradski-grobari-kako-su-selakovi-socijalisti-sahranili-gradsko-groblje-foto-video\/#primaryimage","url":"https:\/\/direktno.info\/wp-content\/uploads\/2026\/09\/selak.jpg","contentUrl":"https:\/\/direktno.info\/wp-content\/uploads\/2026\/09\/selak.jpg","width":900,"height":600},{"@type":"BreadcrumbList","@id":"https:\/\/direktno.info\/index.php\/2026\/09\/03\/glavni-gradski-grobari-kako-su-selakovi-socijalisti-sahranili-gradsko-groblje-foto-video\/#breadcrumb","itemListElement":[{"@type":"ListItem","position":1,"name":"Po\u010detna stranica","item":"https:\/\/direktno.info\/"},{"@type":"ListItem","position":2,"name":"GLAVNI GRADSKI GROBARI! Kako su Selakovi socijalisti sahranili Gradsko groblje (FOTO + VIDEO)"}]},{"@type":"WebSite","@id":"https:\/\/direktno.info\/#website","url":"https:\/\/direktno.info\/","name":"Direktno","description":"","publisher":{"@id":"https:\/\/direktno.info\/#organization"},"potentialAction":[{"@type":"SearchAction","target":{"@type":"EntryPoint","urlTemplate":"https:\/\/direktno.info\/?s={search_term_string}"},"query-input":{"@type":"PropertyValueSpecification","valueRequired":true,"valueName":"search_term_string"}}],"inLanguage":"hr"},{"@type":"Organization","@id":"https:\/\/direktno.info\/#organization","name":"Direktno","url":"https:\/\/direktno.info\/","logo":{"@type":"ImageObject","inLanguage":"hr","@id":"https:\/\/direktno.info\/#\/schema\/logo\/image\/","url":"https:\/\/direktno.info\/wp-content\/uploads\/2026\/08\/direktno_logo_white.png","contentUrl":"https:\/\/direktno.info\/wp-content\/uploads\/2026\/08\/direktno_logo_white.png","width":1600,"height":340,"caption":"Direktno"},"image":{"@id":"https:\/\/direktno.info\/#\/schema\/logo\/image\/"},"sameAs":["https:\/\/www.facebook.com\/share\/1Jy4gXyc5u\/"]},{"@type":"Person","@id":"https:\/\/direktno.info\/#\/schema\/person\/05fbdaecab81c27dec7cc131a9b37be1","name":"Redakcija","image":{"@type":"ImageObject","inLanguage":"hr","@id":"https:\/\/secure.gravatar.com\/avatar\/ede9d7f54b6164109c0b03742da40f108052ff362d7f85a6850f3cb67bd3d495?s=96&d=mm&r=g","url":"https:\/\/secure.gravatar.com\/avatar\/ede9d7f54b6164109c0b03742da40f108052ff362d7f85a6850f3cb67bd3d495?s=96&d=mm&r=g","contentUrl":"https:\/\/secure.gravatar.com\/avatar\/ede9d7f54b6164109c0b03742da40f108052ff362d7f85a6850f3cb67bd3d495?s=96&d=mm&r=g","caption":"Redakcija"},"sameAs":["http:\/\/direktno.info"],"url":"https:\/\/direktno.info\/index.php\/author\/novinar0603\/"}]}},"_links":{"self":[{"href":"https:\/\/direktno.info\/index.php\/wp-json\/wp\/v2\/posts\/1657","targetHints":{"allow":["GET"]}}],"collection":[{"href":"https:\/\/direktno.info\/index.php\/wp-json\/wp\/v2\/posts"}],"about":[{"href":"https:\/\/direktno.info\/index.php\/wp-json\/wp\/v2\/types\/post"}],"author":[{"embeddable":true,"href":"https:\/\/direktno.info\/index.php\/wp-json\/wp\/v2\/users\/1"}],"replies":[{"embeddable":true,"href":"https:\/\/direktno.info\/index.php\/wp-json\/wp\/v2\/comments?post=1657"}],"version-history":[{"count":2,"href":"https:\/\/direktno.info\/index.php\/wp-json\/wp\/v2\/posts\/1657\/revisions"}],"predecessor-version":[{"id":1668,"href":"https:\/\/direktno.info\/index.php\/wp-json\/wp\/v2\/posts\/1657\/revisions\/1668"}],"wp:featuredmedia":[{"embeddable":true,"href":"https:\/\/direktno.info\/index.php\/wp-json\/wp\/v2\/media\/1665"}],"wp:attachment":[{"href":"https:\/\/direktno.info\/index.php\/wp-json\/wp\/v2\/media?parent=1657"}],"wp:term":[{"taxonomy":"category","embeddable":true,"href":"https:\/\/direktno.info\/index.php\/wp-json\/wp\/v2\/categories?post=1657"},{"taxonomy":"post_tag","embeddable":true,"href":"https:\/\/direktno.info\/index.php\/wp-json\/wp\/v2\/tags?post=1657"}],"curies":[{"name":"wp","href":"https:\/\/api.w.org\/{rel}","templated":true}]}}