{"id":1642,"date":"2026-09-03T16:54:46","date_gmt":"2026-09-03T16:54:46","guid":{"rendered":"https:\/\/direktno.info\/?p=1642"},"modified":"2026-09-03T16:58:10","modified_gmt":"2026-09-03T16:58:10","slug":"tijelo-generala-mladica-konacno-na-srpskoj-zemlji-sahrana-u-ponedeljak-na-toocideru-video","status":"publish","type":"post","link":"https:\/\/direktno.info\/index.php\/2026\/09\/03\/tijelo-generala-mladica-konacno-na-srpskoj-zemlji-sahrana-u-ponedeljak-na-toocideru-video\/","title":{"rendered":"Tijelo generala Mladi\u0107a kona\u010dno na srpskoj zemlji! Sahrana u ponedeljak na Too\u010dideru (VIDEO)"},"content":{"rendered":"\n<p class=\"wp-block-paragraph\"><strong>General Ratko Mladi\u0107 kona\u010dno je na srpskoj zemlji. Na aerodromu &#8220;Nikola Tesla&#8221; u Beogradu do\u010dekao ga je sin Darko Mladi\u0107, pripadnici Vojske, \u017dandarmerije Republike Srbije.<\/strong><\/p>\n\n\n\n<p class=\"wp-block-paragraph\">Iako je njegov sin Darko apelovao mesecima da njegov otac bude pu\u0161ten na lije\u010denju Beograd &#8211; danas ga je do\u010dekao u sanduku.<\/p>\n\n\n\n<p class=\"wp-block-paragraph\">Predsednik Republike Srbije <strong>Aleksandar Vu\u010di\u0107<\/strong> najavio je da \u0107e dr\u017eava Srbija organizovati sahranu generala Mladi\u0107a uz najvi\u0161e dr\u017eavne po\u010dasti.<\/p>\n\n\n\n<figure class=\"wp-block-video\"><video height=\"720\" style=\"aspect-ratio: 960 \/ 720;\" width=\"960\" controls src=\"https:\/\/direktno.info\/wp-content\/uploads\/2026\/09\/70085.mp4\"><\/video><\/figure>\n\n\n\n<p class=\"wp-block-paragraph\"><strong>Njegov sin Darko ranije je rekao da je poslednja \u017eelja njegovog oca da bude sahranjen pored k\u0107erke Ane. <\/strong>Tijelo generala sada se ulicama Beograda sprovodi do Vojnomedicinske akademije.<\/p>\n\n\n\n<p class=\"wp-block-paragraph\">U ponedeljak do 12:30 od generala Mladi\u0107a mo\u0107i \u0107e da se oproste svi koji \u017eele u crkvi Svetog Luke na Vidikovcu, a komemoracija je zakazana za sutra u Domu Vojske u Beogradu. <\/p>\n\n\n\n<p class=\"wp-block-paragraph\"><strong>Snimak preuzet sa TANJUG <\/strong><\/p>\n\n\n\n<p class=\"wp-block-paragraph\"><\/p>\n","protected":false},"excerpt":{"rendered":"<p>General Ratko Mladi\u0107 kona\u010dno je na srpskoj zemlji. Na aerodromu &#8220;Nikola Tesla&#8221; u Beogradu do\u010dekao ga je sin<\/p>\n","protected":false},"author":1,"featured_media":1646,"comment_status":"open","ping_status":"open","sticky":false,"template":"","format":"standard","meta":{"footnotes":""},"categories":[30],"tags":[70,139,136,137,40,118,138],"class_list":["post-1642","post","type-post","status-publish","format-standard","has-post-thumbnail","hentry","category-pocetna","tag-aleksandar-vucic","tag-beograd","tag-darko","tag-darko-mladic","tag-ratko-mladic","tag-srbija","tag-vma"],"yoast_head":"<!-- This site is optimized with the Yoast SEO plugin v28.3 - https:\/\/yoast.com\/product\/yoast-seo-wordpress\/ -->\n<title>Tijelo generala Mladi\u0107a kona\u010dno na srpskoj zemlji! Sahrana u ponedeljak na Too\u010dideru (VIDEO) - Direktno<\/title>\n<meta name=\"robots\" content=\"index, follow, max-snippet:-1, max-image-preview:large, max-video-preview:-1\" \/>\n<link rel=\"canonical\" href=\"https:\/\/direktno.info\/index.php\/2026\/09\/03\/tijelo-generala-mladica-konacno-na-srpskoj-zemlji-sahrana-u-ponedeljak-na-toocideru-video\/\" \/>\n<meta property=\"og:locale\" content=\"hr_HR\" \/>\n<meta property=\"og:type\" content=\"article\" \/>\n<meta property=\"og:title\" content=\"Tijelo generala Mladi\u0107a kona\u010dno na srpskoj zemlji! Sahrana u ponedeljak na Too\u010dideru (VIDEO) - Direktno\" \/>\n<meta property=\"og:description\" content=\"General Ratko Mladi\u0107 kona\u010dno je na srpskoj zemlji. Na aerodromu &#8220;Nikola Tesla&#8221; u Beogradu do\u010dekao ga je sin\" \/>\n<meta property=\"og:url\" content=\"https:\/\/direktno.info\/index.php\/2026\/09\/03\/tijelo-generala-mladica-konacno-na-srpskoj-zemlji-sahrana-u-ponedeljak-na-toocideru-video\/\" \/>\n<meta property=\"og:site_name\" content=\"Direktno\" \/>\n<meta property=\"article:publisher\" content=\"https:\/\/www.facebook.com\/share\/1Jy4gXyc5u\/\" \/>\n<meta property=\"article:published_time\" content=\"2026-09-03T16:54:46+00:00\" \/>\n<meta property=\"article:modified_time\" content=\"2026-09-03T16:58:10+00:00\" \/>\n<meta property=\"og:image\" content=\"http:\/\/direktno.info\/wp-content\/uploads\/2026\/09\/FB_IMG_1788452850275.jpg\" \/>\n\t<meta property=\"og:image:width\" content=\"1138\" \/>\n\t<meta property=\"og:image:height\" content=\"855\" \/>\n\t<meta property=\"og:image:type\" content=\"image\/jpeg\" \/>\n<meta name=\"author\" content=\"Redakcija\" \/>\n<meta name=\"twitter:card\" content=\"summary_large_image\" \/>\n<meta name=\"twitter:label1\" content=\"Napisao\/la\" \/>\n\t<meta name=\"twitter:data1\" content=\"Redakcija\" \/>\n\t<meta name=\"twitter:label2\" content=\"Procijenjeno vrijeme \u010ditanja\" \/>\n\t<meta name=\"twitter:data2\" content=\"1 minuta\" \/>\n<script type=\"application\/ld+json\" class=\"yoast-schema-graph\">{\"@context\":\"https:\\\/\\\/schema.org\",\"@graph\":[{\"@type\":\"Article\",\"@id\":\"https:\\\/\\\/direktno.info\\\/index.php\\\/2026\\\/09\\\/03\\\/tijelo-generala-mladica-konacno-na-srpskoj-zemlji-sahrana-u-ponedeljak-na-toocideru-video\\\/#article\",\"isPartOf\":{\"@id\":\"https:\\\/\\\/direktno.info\\\/index.php\\\/2026\\\/09\\\/03\\\/tijelo-generala-mladica-konacno-na-srpskoj-zemlji-sahrana-u-ponedeljak-na-toocideru-video\\\/\"},\"author\":{\"name\":\"Redakcija\",\"@id\":\"https:\\\/\\\/direktno.info\\\/#\\\/schema\\\/person\\\/05fbdaecab81c27dec7cc131a9b37be1\"},\"headline\":\"Tijelo generala Mladi\u0107a kona\u010dno na srpskoj zemlji! Sahrana u ponedeljak na Too\u010dideru (VIDEO)\",\"datePublished\":\"2026-09-03T16:54:46+00:00\",\"dateModified\":\"2026-09-03T16:58:10+00:00\",\"mainEntityOfPage\":{\"@id\":\"https:\\\/\\\/direktno.info\\\/index.php\\\/2026\\\/09\\\/03\\\/tijelo-generala-mladica-konacno-na-srpskoj-zemlji-sahrana-u-ponedeljak-na-toocideru-video\\\/\"},\"wordCount\":159,\"commentCount\":0,\"publisher\":{\"@id\":\"https:\\\/\\\/direktno.info\\\/#organization\"},\"image\":{\"@id\":\"https:\\\/\\\/direktno.info\\\/index.php\\\/2026\\\/09\\\/03\\\/tijelo-generala-mladica-konacno-na-srpskoj-zemlji-sahrana-u-ponedeljak-na-toocideru-video\\\/#primaryimage\"},\"thumbnailUrl\":\"https:\\\/\\\/direktno.info\\\/wp-content\\\/uploads\\\/2026\\\/09\\\/FB_IMG_1788452850275.jpg\",\"keywords\":[\"Aleksandar Vu\u010di\u0107\",\"Beograd\",\"Darko\",\"Darko Mladi\u0107\",\"Ratko Mladi\u0107\",\"Srbija\",\"VMA\"],\"articleSection\":[\"Po\u010detna\"],\"inLanguage\":\"hr\",\"potentialAction\":[{\"@type\":\"CommentAction\",\"name\":\"Comment\",\"target\":[\"https:\\\/\\\/direktno.info\\\/index.php\\\/2026\\\/09\\\/03\\\/tijelo-generala-mladica-konacno-na-srpskoj-zemlji-sahrana-u-ponedeljak-na-toocideru-video\\\/#respond\"]}]},{\"@type\":\"WebPage\",\"@id\":\"https:\\\/\\\/direktno.info\\\/index.php\\\/2026\\\/09\\\/03\\\/tijelo-generala-mladica-konacno-na-srpskoj-zemlji-sahrana-u-ponedeljak-na-toocideru-video\\\/\",\"url\":\"https:\\\/\\\/direktno.info\\\/index.php\\\/2026\\\/09\\\/03\\\/tijelo-generala-mladica-konacno-na-srpskoj-zemlji-sahrana-u-ponedeljak-na-toocideru-video\\\/\",\"name\":\"Tijelo generala Mladi\u0107a kona\u010dno na srpskoj zemlji! Sahrana u ponedeljak na Too\u010dideru (VIDEO) - Direktno\",\"isPartOf\":{\"@id\":\"https:\\\/\\\/direktno.info\\\/#website\"},\"primaryImageOfPage\":{\"@id\":\"https:\\\/\\\/direktno.info\\\/index.php\\\/2026\\\/09\\\/03\\\/tijelo-generala-mladica-konacno-na-srpskoj-zemlji-sahrana-u-ponedeljak-na-toocideru-video\\\/#primaryimage\"},\"image\":{\"@id\":\"https:\\\/\\\/direktno.info\\\/index.php\\\/2026\\\/09\\\/03\\\/tijelo-generala-mladica-konacno-na-srpskoj-zemlji-sahrana-u-ponedeljak-na-toocideru-video\\\/#primaryimage\"},\"thumbnailUrl\":\"https:\\\/\\\/direktno.info\\\/wp-content\\\/uploads\\\/2026\\\/09\\\/FB_IMG_1788452850275.jpg\",\"datePublished\":\"2026-09-03T16:54:46+00:00\",\"dateModified\":\"2026-09-03T16:58:10+00:00\",\"breadcrumb\":{\"@id\":\"https:\\\/\\\/direktno.info\\\/index.php\\\/2026\\\/09\\\/03\\\/tijelo-generala-mladica-konacno-na-srpskoj-zemlji-sahrana-u-ponedeljak-na-toocideru-video\\\/#breadcrumb\"},\"inLanguage\":\"hr\",\"potentialAction\":[{\"@type\":\"ReadAction\",\"target\":[\"https:\\\/\\\/direktno.info\\\/index.php\\\/2026\\\/09\\\/03\\\/tijelo-generala-mladica-konacno-na-srpskoj-zemlji-sahrana-u-ponedeljak-na-toocideru-video\\\/\"]}]},{\"@type\":\"ImageObject\",\"inLanguage\":\"hr\",\"@id\":\"https:\\\/\\\/direktno.info\\\/index.php\\\/2026\\\/09\\\/03\\\/tijelo-generala-mladica-konacno-na-srpskoj-zemlji-sahrana-u-ponedeljak-na-toocideru-video\\\/#primaryimage\",\"url\":\"https:\\\/\\\/direktno.info\\\/wp-content\\\/uploads\\\/2026\\\/09\\\/FB_IMG_1788452850275.jpg\",\"contentUrl\":\"https:\\\/\\\/direktno.info\\\/wp-content\\\/uploads\\\/2026\\\/09\\\/FB_IMG_1788452850275.jpg\",\"width\":1138,\"height\":855},{\"@type\":\"BreadcrumbList\",\"@id\":\"https:\\\/\\\/direktno.info\\\/index.php\\\/2026\\\/09\\\/03\\\/tijelo-generala-mladica-konacno-na-srpskoj-zemlji-sahrana-u-ponedeljak-na-toocideru-video\\\/#breadcrumb\",\"itemListElement\":[{\"@type\":\"ListItem\",\"position\":1,\"name\":\"Po\u010detna stranica\",\"item\":\"https:\\\/\\\/direktno.info\\\/\"},{\"@type\":\"ListItem\",\"position\":2,\"name\":\"Tijelo generala Mladi\u0107a kona\u010dno na srpskoj zemlji! Sahrana u ponedeljak na Too\u010dideru (VIDEO)\"}]},{\"@type\":\"WebSite\",\"@id\":\"https:\\\/\\\/direktno.info\\\/#website\",\"url\":\"https:\\\/\\\/direktno.info\\\/\",\"name\":\"Direktno\",\"description\":\"\",\"publisher\":{\"@id\":\"https:\\\/\\\/direktno.info\\\/#organization\"},\"potentialAction\":[{\"@type\":\"SearchAction\",\"target\":{\"@type\":\"EntryPoint\",\"urlTemplate\":\"https:\\\/\\\/direktno.info\\\/?s={search_term_string}\"},\"query-input\":{\"@type\":\"PropertyValueSpecification\",\"valueRequired\":true,\"valueName\":\"search_term_string\"}}],\"inLanguage\":\"hr\"},{\"@type\":\"Organization\",\"@id\":\"https:\\\/\\\/direktno.info\\\/#organization\",\"name\":\"Direktno\",\"url\":\"https:\\\/\\\/direktno.info\\\/\",\"logo\":{\"@type\":\"ImageObject\",\"inLanguage\":\"hr\",\"@id\":\"https:\\\/\\\/direktno.info\\\/#\\\/schema\\\/logo\\\/image\\\/\",\"url\":\"https:\\\/\\\/direktno.info\\\/wp-content\\\/uploads\\\/2026\\\/08\\\/direktno_logo_white.png\",\"contentUrl\":\"https:\\\/\\\/direktno.info\\\/wp-content\\\/uploads\\\/2026\\\/08\\\/direktno_logo_white.png\",\"width\":1600,\"height\":340,\"caption\":\"Direktno\"},\"image\":{\"@id\":\"https:\\\/\\\/direktno.info\\\/#\\\/schema\\\/logo\\\/image\\\/\"},\"sameAs\":[\"https:\\\/\\\/www.facebook.com\\\/share\\\/1Jy4gXyc5u\\\/\"]},{\"@type\":\"Person\",\"@id\":\"https:\\\/\\\/direktno.info\\\/#\\\/schema\\\/person\\\/05fbdaecab81c27dec7cc131a9b37be1\",\"name\":\"Redakcija\",\"image\":{\"@type\":\"ImageObject\",\"inLanguage\":\"hr\",\"@id\":\"https:\\\/\\\/secure.gravatar.com\\\/avatar\\\/ede9d7f54b6164109c0b03742da40f108052ff362d7f85a6850f3cb67bd3d495?s=96&d=mm&r=g\",\"url\":\"https:\\\/\\\/secure.gravatar.com\\\/avatar\\\/ede9d7f54b6164109c0b03742da40f108052ff362d7f85a6850f3cb67bd3d495?s=96&d=mm&r=g\",\"contentUrl\":\"https:\\\/\\\/secure.gravatar.com\\\/avatar\\\/ede9d7f54b6164109c0b03742da40f108052ff362d7f85a6850f3cb67bd3d495?s=96&d=mm&r=g\",\"caption\":\"Redakcija\"},\"sameAs\":[\"http:\\\/\\\/direktno.info\"],\"url\":\"https:\\\/\\\/direktno.info\\\/index.php\\\/author\\\/novinar0603\\\/\"}]}<\/script>\n<!-- \/ Yoast SEO plugin. -->","yoast_head_json":{"title":"Tijelo generala Mladi\u0107a kona\u010dno na srpskoj zemlji! Sahrana u ponedeljak na Too\u010dideru (VIDEO) - Direktno","robots":{"index":"index","follow":"follow","max-snippet":"max-snippet:-1","max-image-preview":"max-image-preview:large","max-video-preview":"max-video-preview:-1"},"canonical":"https:\/\/direktno.info\/index.php\/2026\/09\/03\/tijelo-generala-mladica-konacno-na-srpskoj-zemlji-sahrana-u-ponedeljak-na-toocideru-video\/","og_locale":"hr_HR","og_type":"article","og_title":"Tijelo generala Mladi\u0107a kona\u010dno na srpskoj zemlji! Sahrana u ponedeljak na Too\u010dideru (VIDEO) - Direktno","og_description":"General Ratko Mladi\u0107 kona\u010dno je na srpskoj zemlji. Na aerodromu &#8220;Nikola Tesla&#8221; u Beogradu do\u010dekao ga je sin","og_url":"https:\/\/direktno.info\/index.php\/2026\/09\/03\/tijelo-generala-mladica-konacno-na-srpskoj-zemlji-sahrana-u-ponedeljak-na-toocideru-video\/","og_site_name":"Direktno","article_publisher":"https:\/\/www.facebook.com\/share\/1Jy4gXyc5u\/","article_published_time":"2026-09-03T16:54:46+00:00","article_modified_time":"2026-09-03T16:58:10+00:00","og_image":[{"width":1138,"height":855,"url":"http:\/\/direktno.info\/wp-content\/uploads\/2026\/09\/FB_IMG_1788452850275.jpg","type":"image\/jpeg"}],"author":"Redakcija","twitter_card":"summary_large_image","twitter_misc":{"Napisao\/la":"Redakcija","Procijenjeno vrijeme \u010ditanja":"1 minuta"},"schema":{"@context":"https:\/\/schema.org","@graph":[{"@type":"Article","@id":"https:\/\/direktno.info\/index.php\/2026\/09\/03\/tijelo-generala-mladica-konacno-na-srpskoj-zemlji-sahrana-u-ponedeljak-na-toocideru-video\/#article","isPartOf":{"@id":"https:\/\/direktno.info\/index.php\/2026\/09\/03\/tijelo-generala-mladica-konacno-na-srpskoj-zemlji-sahrana-u-ponedeljak-na-toocideru-video\/"},"author":{"name":"Redakcija","@id":"https:\/\/direktno.info\/#\/schema\/person\/05fbdaecab81c27dec7cc131a9b37be1"},"headline":"Tijelo generala Mladi\u0107a kona\u010dno na srpskoj zemlji! Sahrana u ponedeljak na Too\u010dideru (VIDEO)","datePublished":"2026-09-03T16:54:46+00:00","dateModified":"2026-09-03T16:58:10+00:00","mainEntityOfPage":{"@id":"https:\/\/direktno.info\/index.php\/2026\/09\/03\/tijelo-generala-mladica-konacno-na-srpskoj-zemlji-sahrana-u-ponedeljak-na-toocideru-video\/"},"wordCount":159,"commentCount":0,"publisher":{"@id":"https:\/\/direktno.info\/#organization"},"image":{"@id":"https:\/\/direktno.info\/index.php\/2026\/09\/03\/tijelo-generala-mladica-konacno-na-srpskoj-zemlji-sahrana-u-ponedeljak-na-toocideru-video\/#primaryimage"},"thumbnailUrl":"https:\/\/direktno.info\/wp-content\/uploads\/2026\/09\/FB_IMG_1788452850275.jpg","keywords":["Aleksandar Vu\u010di\u0107","Beograd","Darko","Darko Mladi\u0107","Ratko Mladi\u0107","Srbija","VMA"],"articleSection":["Po\u010detna"],"inLanguage":"hr","potentialAction":[{"@type":"CommentAction","name":"Comment","target":["https:\/\/direktno.info\/index.php\/2026\/09\/03\/tijelo-generala-mladica-konacno-na-srpskoj-zemlji-sahrana-u-ponedeljak-na-toocideru-video\/#respond"]}]},{"@type":"WebPage","@id":"https:\/\/direktno.info\/index.php\/2026\/09\/03\/tijelo-generala-mladica-konacno-na-srpskoj-zemlji-sahrana-u-ponedeljak-na-toocideru-video\/","url":"https:\/\/direktno.info\/index.php\/2026\/09\/03\/tijelo-generala-mladica-konacno-na-srpskoj-zemlji-sahrana-u-ponedeljak-na-toocideru-video\/","name":"Tijelo generala Mladi\u0107a kona\u010dno na srpskoj zemlji! Sahrana u ponedeljak na Too\u010dideru (VIDEO) - Direktno","isPartOf":{"@id":"https:\/\/direktno.info\/#website"},"primaryImageOfPage":{"@id":"https:\/\/direktno.info\/index.php\/2026\/09\/03\/tijelo-generala-mladica-konacno-na-srpskoj-zemlji-sahrana-u-ponedeljak-na-toocideru-video\/#primaryimage"},"image":{"@id":"https:\/\/direktno.info\/index.php\/2026\/09\/03\/tijelo-generala-mladica-konacno-na-srpskoj-zemlji-sahrana-u-ponedeljak-na-toocideru-video\/#primaryimage"},"thumbnailUrl":"https:\/\/direktno.info\/wp-content\/uploads\/2026\/09\/FB_IMG_1788452850275.jpg","datePublished":"2026-09-03T16:54:46+00:00","dateModified":"2026-09-03T16:58:10+00:00","breadcrumb":{"@id":"https:\/\/direktno.info\/index.php\/2026\/09\/03\/tijelo-generala-mladica-konacno-na-srpskoj-zemlji-sahrana-u-ponedeljak-na-toocideru-video\/#breadcrumb"},"inLanguage":"hr","potentialAction":[{"@type":"ReadAction","target":["https:\/\/direktno.info\/index.php\/2026\/09\/03\/tijelo-generala-mladica-konacno-na-srpskoj-zemlji-sahrana-u-ponedeljak-na-toocideru-video\/"]}]},{"@type":"ImageObject","inLanguage":"hr","@id":"https:\/\/direktno.info\/index.php\/2026\/09\/03\/tijelo-generala-mladica-konacno-na-srpskoj-zemlji-sahrana-u-ponedeljak-na-toocideru-video\/#primaryimage","url":"https:\/\/direktno.info\/wp-content\/uploads\/2026\/09\/FB_IMG_1788452850275.jpg","contentUrl":"https:\/\/direktno.info\/wp-content\/uploads\/2026\/09\/FB_IMG_1788452850275.jpg","width":1138,"height":855},{"@type":"BreadcrumbList","@id":"https:\/\/direktno.info\/index.php\/2026\/09\/03\/tijelo-generala-mladica-konacno-na-srpskoj-zemlji-sahrana-u-ponedeljak-na-toocideru-video\/#breadcrumb","itemListElement":[{"@type":"ListItem","position":1,"name":"Po\u010detna stranica","item":"https:\/\/direktno.info\/"},{"@type":"ListItem","position":2,"name":"Tijelo generala Mladi\u0107a kona\u010dno na srpskoj zemlji! Sahrana u ponedeljak na Too\u010dideru (VIDEO)"}]},{"@type":"WebSite","@id":"https:\/\/direktno.info\/#website","url":"https:\/\/direktno.info\/","name":"Direktno","description":"","publisher":{"@id":"https:\/\/direktno.info\/#organization"},"potentialAction":[{"@type":"SearchAction","target":{"@type":"EntryPoint","urlTemplate":"https:\/\/direktno.info\/?s={search_term_string}"},"query-input":{"@type":"PropertyValueSpecification","valueRequired":true,"valueName":"search_term_string"}}],"inLanguage":"hr"},{"@type":"Organization","@id":"https:\/\/direktno.info\/#organization","name":"Direktno","url":"https:\/\/direktno.info\/","logo":{"@type":"ImageObject","inLanguage":"hr","@id":"https:\/\/direktno.info\/#\/schema\/logo\/image\/","url":"https:\/\/direktno.info\/wp-content\/uploads\/2026\/08\/direktno_logo_white.png","contentUrl":"https:\/\/direktno.info\/wp-content\/uploads\/2026\/08\/direktno_logo_white.png","width":1600,"height":340,"caption":"Direktno"},"image":{"@id":"https:\/\/direktno.info\/#\/schema\/logo\/image\/"},"sameAs":["https:\/\/www.facebook.com\/share\/1Jy4gXyc5u\/"]},{"@type":"Person","@id":"https:\/\/direktno.info\/#\/schema\/person\/05fbdaecab81c27dec7cc131a9b37be1","name":"Redakcija","image":{"@type":"ImageObject","inLanguage":"hr","@id":"https:\/\/secure.gravatar.com\/avatar\/ede9d7f54b6164109c0b03742da40f108052ff362d7f85a6850f3cb67bd3d495?s=96&d=mm&r=g","url":"https:\/\/secure.gravatar.com\/avatar\/ede9d7f54b6164109c0b03742da40f108052ff362d7f85a6850f3cb67bd3d495?s=96&d=mm&r=g","contentUrl":"https:\/\/secure.gravatar.com\/avatar\/ede9d7f54b6164109c0b03742da40f108052ff362d7f85a6850f3cb67bd3d495?s=96&d=mm&r=g","caption":"Redakcija"},"sameAs":["http:\/\/direktno.info"],"url":"https:\/\/direktno.info\/index.php\/author\/novinar0603\/"}]}},"_links":{"self":[{"href":"https:\/\/direktno.info\/index.php\/wp-json\/wp\/v2\/posts\/1642","targetHints":{"allow":["GET"]}}],"collection":[{"href":"https:\/\/direktno.info\/index.php\/wp-json\/wp\/v2\/posts"}],"about":[{"href":"https:\/\/direktno.info\/index.php\/wp-json\/wp\/v2\/types\/post"}],"author":[{"embeddable":true,"href":"https:\/\/direktno.info\/index.php\/wp-json\/wp\/v2\/users\/1"}],"replies":[{"embeddable":true,"href":"https:\/\/direktno.info\/index.php\/wp-json\/wp\/v2\/comments?post=1642"}],"version-history":[{"count":2,"href":"https:\/\/direktno.info\/index.php\/wp-json\/wp\/v2\/posts\/1642\/revisions"}],"predecessor-version":[{"id":1648,"href":"https:\/\/direktno.info\/index.php\/wp-json\/wp\/v2\/posts\/1642\/revisions\/1648"}],"wp:featuredmedia":[{"embeddable":true,"href":"https:\/\/direktno.info\/index.php\/wp-json\/wp\/v2\/media\/1646"}],"wp:attachment":[{"href":"https:\/\/direktno.info\/index.php\/wp-json\/wp\/v2\/media?parent=1642"}],"wp:term":[{"taxonomy":"category","embeddable":true,"href":"https:\/\/direktno.info\/index.php\/wp-json\/wp\/v2\/categories?post=1642"},{"taxonomy":"post_tag","embeddable":true,"href":"https:\/\/direktno.info\/index.php\/wp-json\/wp\/v2\/tags?post=1642"}],"curies":[{"name":"wp","href":"https:\/\/api.w.org\/{rel}","templated":true}]}}