{"id":1636,"date":"2026-09-03T12:14:57","date_gmt":"2026-09-03T12:14:57","guid":{"rendered":"https:\/\/direktno.info\/?p=1636"},"modified":"2026-09-03T12:16:06","modified_gmt":"2026-09-03T12:16:06","slug":"vucic-potvrdio-tijelo-generala-ratka-mladica-veceras-stize-u-srbiju-video","status":"publish","type":"post","link":"https:\/\/direktno.info\/index.php\/2026\/09\/03\/vucic-potvrdio-tijelo-generala-ratka-mladica-veceras-stize-u-srbiju-video\/","title":{"rendered":"Vu\u010di\u0107 potvrdio: tijelo generala Ratka Mladi\u0107a ve\u010deras sti\u017ee u Srbiju (VIDEO)"},"content":{"rendered":"\n<p class=\"wp-block-paragraph\"><strong>Posmrtni ostaci na\u010delnika General\u0161taba Vojske Republike Srpske generala Ratka Mladi\u0107a su preuzeti<\/strong> <strong>i u kasnim popodnevnim satima bi trebalo da stigne u Srbiju, izjavio je predsjednik Srbije Aleksandar Vu\u010di\u0107.<\/strong><\/p>\n\n\n\n<p class=\"wp-block-paragraph\">\u2013 Mislim da \u0107e porodica da po\u0161alje obavje\u0161tenje, ali koliko znam tijelo je preuzeto i u kasnim popodnevnim satima bi trebalo da stigne u Srbiju. <strong>Mislim da \u0107e sin Darko u narednim danima da upozna sve sa onim \u0161ta porodica \u017eeli a mi \u0107emo tu da budemo da pru\u017eimo svaku vrstu logisti\u010dke, transportne podr\u0161ke da o\u010duvamo javni red, mir i bezbjednost. <\/strong>To je veoma te\u0161ko za obezbje\u0111ivanje i za garantovanje sigurnosti svima i bi\u0107e veoma va\u017eno imaju\u0107i u vidu procjene BIA i vojne agencije, MUP-a koje se kre\u0107u u desetinama hiljada prisutnih, tako da moramo da osiguramo sve. Zahtjevan posao je pred na\u0161im slu\u017ebama i upotrebi\u0107emo sve da to osiguramo, rekao je <strong>Vu\u010di\u0107<\/strong>.<\/p>\n\n\n\n<figure class=\"wp-block-video\"><video controls src=\"https:\/\/direktno.info\/wp-content\/uploads\/2026\/09\/Ratko-Mladic-mp4.mp4\"><\/video><\/figure>\n\n\n\n<p class=\"wp-block-paragraph\"><strong>Predsjednik Srbije je ve\u0107 ranije najavio da je Srbija spremna da organizuje sahranu generala Mladi\u0107a sa svim dr\u017eavnim po\u010dastima, a sin Darko Mladi\u0107 potvrdio da je jedina \u017eelja generala bila da bude sahranjen pored k\u0107erke Ane. <\/strong><\/p>\n\n\n\n<p class=\"wp-block-paragraph\"><\/p>\n","protected":false},"excerpt":{"rendered":"<p>Posmrtni ostaci na\u010delnika General\u0161taba Vojske Republike Srpske generala Ratka Mladi\u0107a su preuzeti i u kasnim popodnevnim satima bi<\/p>\n","protected":false},"author":1,"featured_media":1639,"comment_status":"open","ping_status":"open","sticky":false,"template":"","format":"standard","meta":{"footnotes":""},"categories":[30],"tags":[70,40,98,135,118],"class_list":["post-1636","post","type-post","status-publish","format-standard","has-post-thumbnail","hentry","category-pocetna","tag-aleksandar-vucic","tag-ratko-mladic","tag-republika-srpska","tag-sahrana","tag-srbija"],"yoast_head":"<!-- This site is optimized with the Yoast SEO plugin v28.3 - https:\/\/yoast.com\/product\/yoast-seo-wordpress\/ -->\n<title>Vu\u010di\u0107 potvrdio: tijelo generala Ratka Mladi\u0107a ve\u010deras sti\u017ee u Srbiju (VIDEO) - Direktno<\/title>\n<meta name=\"robots\" content=\"index, follow, max-snippet:-1, max-image-preview:large, max-video-preview:-1\" \/>\n<link rel=\"canonical\" href=\"https:\/\/direktno.info\/index.php\/2026\/09\/03\/vucic-potvrdio-tijelo-generala-ratka-mladica-veceras-stize-u-srbiju-video\/\" \/>\n<meta property=\"og:locale\" content=\"hr_HR\" \/>\n<meta property=\"og:type\" content=\"article\" \/>\n<meta property=\"og:title\" content=\"Vu\u010di\u0107 potvrdio: tijelo generala Ratka Mladi\u0107a ve\u010deras sti\u017ee u Srbiju (VIDEO) - Direktno\" \/>\n<meta property=\"og:description\" content=\"Posmrtni ostaci na\u010delnika General\u0161taba Vojske Republike Srpske generala Ratka Mladi\u0107a su preuzeti i u kasnim popodnevnim satima bi\" \/>\n<meta property=\"og:url\" content=\"https:\/\/direktno.info\/index.php\/2026\/09\/03\/vucic-potvrdio-tijelo-generala-ratka-mladica-veceras-stize-u-srbiju-video\/\" \/>\n<meta property=\"og:site_name\" content=\"Direktno\" \/>\n<meta property=\"article:publisher\" content=\"https:\/\/www.facebook.com\/share\/1Jy4gXyc5u\/\" \/>\n<meta property=\"article:published_time\" content=\"2026-09-03T12:14:57+00:00\" \/>\n<meta property=\"article:modified_time\" content=\"2026-09-03T12:16:06+00:00\" \/>\n<meta property=\"og:image\" content=\"http:\/\/direktno.info\/wp-content\/uploads\/2026\/09\/Screenshot_20260903_141337_com_android_chrome_CustomTabActivity.jpg\" \/>\n\t<meta property=\"og:image:width\" content=\"1280\" \/>\n\t<meta property=\"og:image:height\" content=\"817\" \/>\n\t<meta property=\"og:image:type\" content=\"image\/jpeg\" \/>\n<meta name=\"author\" content=\"Redakcija\" \/>\n<meta name=\"twitter:card\" content=\"summary_large_image\" \/>\n<meta name=\"twitter:label1\" content=\"Napisao\/la\" \/>\n\t<meta name=\"twitter:data1\" content=\"Redakcija\" \/>\n\t<meta name=\"twitter:label2\" content=\"Procijenjeno vrijeme \u010ditanja\" \/>\n\t<meta name=\"twitter:data2\" content=\"2 minute\" \/>\n<script type=\"application\/ld+json\" class=\"yoast-schema-graph\">{\"@context\":\"https:\\\/\\\/schema.org\",\"@graph\":[{\"@type\":\"Article\",\"@id\":\"https:\\\/\\\/direktno.info\\\/index.php\\\/2026\\\/09\\\/03\\\/vucic-potvrdio-tijelo-generala-ratka-mladica-veceras-stize-u-srbiju-video\\\/#article\",\"isPartOf\":{\"@id\":\"https:\\\/\\\/direktno.info\\\/index.php\\\/2026\\\/09\\\/03\\\/vucic-potvrdio-tijelo-generala-ratka-mladica-veceras-stize-u-srbiju-video\\\/\"},\"author\":{\"name\":\"Redakcija\",\"@id\":\"https:\\\/\\\/direktno.info\\\/#\\\/schema\\\/person\\\/05fbdaecab81c27dec7cc131a9b37be1\"},\"headline\":\"Vu\u010di\u0107 potvrdio: tijelo generala Ratka Mladi\u0107a ve\u010deras sti\u017ee u Srbiju (VIDEO)\",\"datePublished\":\"2026-09-03T12:14:57+00:00\",\"dateModified\":\"2026-09-03T12:16:06+00:00\",\"mainEntityOfPage\":{\"@id\":\"https:\\\/\\\/direktno.info\\\/index.php\\\/2026\\\/09\\\/03\\\/vucic-potvrdio-tijelo-generala-ratka-mladica-veceras-stize-u-srbiju-video\\\/\"},\"wordCount\":216,\"commentCount\":0,\"publisher\":{\"@id\":\"https:\\\/\\\/direktno.info\\\/#organization\"},\"image\":{\"@id\":\"https:\\\/\\\/direktno.info\\\/index.php\\\/2026\\\/09\\\/03\\\/vucic-potvrdio-tijelo-generala-ratka-mladica-veceras-stize-u-srbiju-video\\\/#primaryimage\"},\"thumbnailUrl\":\"https:\\\/\\\/direktno.info\\\/wp-content\\\/uploads\\\/2026\\\/09\\\/Screenshot_20260903_141337_com_android_chrome_CustomTabActivity.jpg\",\"keywords\":[\"Aleksandar Vu\u010di\u0107\",\"Ratko Mladi\u0107\",\"Republika Srpska\",\"Sahrana\",\"Srbija\"],\"articleSection\":[\"Po\u010detna\"],\"inLanguage\":\"hr\",\"potentialAction\":[{\"@type\":\"CommentAction\",\"name\":\"Comment\",\"target\":[\"https:\\\/\\\/direktno.info\\\/index.php\\\/2026\\\/09\\\/03\\\/vucic-potvrdio-tijelo-generala-ratka-mladica-veceras-stize-u-srbiju-video\\\/#respond\"]}]},{\"@type\":\"WebPage\",\"@id\":\"https:\\\/\\\/direktno.info\\\/index.php\\\/2026\\\/09\\\/03\\\/vucic-potvrdio-tijelo-generala-ratka-mladica-veceras-stize-u-srbiju-video\\\/\",\"url\":\"https:\\\/\\\/direktno.info\\\/index.php\\\/2026\\\/09\\\/03\\\/vucic-potvrdio-tijelo-generala-ratka-mladica-veceras-stize-u-srbiju-video\\\/\",\"name\":\"Vu\u010di\u0107 potvrdio: tijelo generala Ratka Mladi\u0107a ve\u010deras sti\u017ee u Srbiju (VIDEO) - Direktno\",\"isPartOf\":{\"@id\":\"https:\\\/\\\/direktno.info\\\/#website\"},\"primaryImageOfPage\":{\"@id\":\"https:\\\/\\\/direktno.info\\\/index.php\\\/2026\\\/09\\\/03\\\/vucic-potvrdio-tijelo-generala-ratka-mladica-veceras-stize-u-srbiju-video\\\/#primaryimage\"},\"image\":{\"@id\":\"https:\\\/\\\/direktno.info\\\/index.php\\\/2026\\\/09\\\/03\\\/vucic-potvrdio-tijelo-generala-ratka-mladica-veceras-stize-u-srbiju-video\\\/#primaryimage\"},\"thumbnailUrl\":\"https:\\\/\\\/direktno.info\\\/wp-content\\\/uploads\\\/2026\\\/09\\\/Screenshot_20260903_141337_com_android_chrome_CustomTabActivity.jpg\",\"datePublished\":\"2026-09-03T12:14:57+00:00\",\"dateModified\":\"2026-09-03T12:16:06+00:00\",\"breadcrumb\":{\"@id\":\"https:\\\/\\\/direktno.info\\\/index.php\\\/2026\\\/09\\\/03\\\/vucic-potvrdio-tijelo-generala-ratka-mladica-veceras-stize-u-srbiju-video\\\/#breadcrumb\"},\"inLanguage\":\"hr\",\"potentialAction\":[{\"@type\":\"ReadAction\",\"target\":[\"https:\\\/\\\/direktno.info\\\/index.php\\\/2026\\\/09\\\/03\\\/vucic-potvrdio-tijelo-generala-ratka-mladica-veceras-stize-u-srbiju-video\\\/\"]}]},{\"@type\":\"ImageObject\",\"inLanguage\":\"hr\",\"@id\":\"https:\\\/\\\/direktno.info\\\/index.php\\\/2026\\\/09\\\/03\\\/vucic-potvrdio-tijelo-generala-ratka-mladica-veceras-stize-u-srbiju-video\\\/#primaryimage\",\"url\":\"https:\\\/\\\/direktno.info\\\/wp-content\\\/uploads\\\/2026\\\/09\\\/Screenshot_20260903_141337_com_android_chrome_CustomTabActivity.jpg\",\"contentUrl\":\"https:\\\/\\\/direktno.info\\\/wp-content\\\/uploads\\\/2026\\\/09\\\/Screenshot_20260903_141337_com_android_chrome_CustomTabActivity.jpg\",\"width\":1280,\"height\":817},{\"@type\":\"BreadcrumbList\",\"@id\":\"https:\\\/\\\/direktno.info\\\/index.php\\\/2026\\\/09\\\/03\\\/vucic-potvrdio-tijelo-generala-ratka-mladica-veceras-stize-u-srbiju-video\\\/#breadcrumb\",\"itemListElement\":[{\"@type\":\"ListItem\",\"position\":1,\"name\":\"Po\u010detna stranica\",\"item\":\"https:\\\/\\\/direktno.info\\\/\"},{\"@type\":\"ListItem\",\"position\":2,\"name\":\"Vu\u010di\u0107 potvrdio: tijelo generala Ratka Mladi\u0107a ve\u010deras sti\u017ee u Srbiju (VIDEO)\"}]},{\"@type\":\"WebSite\",\"@id\":\"https:\\\/\\\/direktno.info\\\/#website\",\"url\":\"https:\\\/\\\/direktno.info\\\/\",\"name\":\"Direktno\",\"description\":\"\",\"publisher\":{\"@id\":\"https:\\\/\\\/direktno.info\\\/#organization\"},\"potentialAction\":[{\"@type\":\"SearchAction\",\"target\":{\"@type\":\"EntryPoint\",\"urlTemplate\":\"https:\\\/\\\/direktno.info\\\/?s={search_term_string}\"},\"query-input\":{\"@type\":\"PropertyValueSpecification\",\"valueRequired\":true,\"valueName\":\"search_term_string\"}}],\"inLanguage\":\"hr\"},{\"@type\":\"Organization\",\"@id\":\"https:\\\/\\\/direktno.info\\\/#organization\",\"name\":\"Direktno\",\"url\":\"https:\\\/\\\/direktno.info\\\/\",\"logo\":{\"@type\":\"ImageObject\",\"inLanguage\":\"hr\",\"@id\":\"https:\\\/\\\/direktno.info\\\/#\\\/schema\\\/logo\\\/image\\\/\",\"url\":\"https:\\\/\\\/direktno.info\\\/wp-content\\\/uploads\\\/2026\\\/08\\\/direktno_logo_white.png\",\"contentUrl\":\"https:\\\/\\\/direktno.info\\\/wp-content\\\/uploads\\\/2026\\\/08\\\/direktno_logo_white.png\",\"width\":1600,\"height\":340,\"caption\":\"Direktno\"},\"image\":{\"@id\":\"https:\\\/\\\/direktno.info\\\/#\\\/schema\\\/logo\\\/image\\\/\"},\"sameAs\":[\"https:\\\/\\\/www.facebook.com\\\/share\\\/1Jy4gXyc5u\\\/\"]},{\"@type\":\"Person\",\"@id\":\"https:\\\/\\\/direktno.info\\\/#\\\/schema\\\/person\\\/05fbdaecab81c27dec7cc131a9b37be1\",\"name\":\"Redakcija\",\"image\":{\"@type\":\"ImageObject\",\"inLanguage\":\"hr\",\"@id\":\"https:\\\/\\\/secure.gravatar.com\\\/avatar\\\/ede9d7f54b6164109c0b03742da40f108052ff362d7f85a6850f3cb67bd3d495?s=96&d=mm&r=g\",\"url\":\"https:\\\/\\\/secure.gravatar.com\\\/avatar\\\/ede9d7f54b6164109c0b03742da40f108052ff362d7f85a6850f3cb67bd3d495?s=96&d=mm&r=g\",\"contentUrl\":\"https:\\\/\\\/secure.gravatar.com\\\/avatar\\\/ede9d7f54b6164109c0b03742da40f108052ff362d7f85a6850f3cb67bd3d495?s=96&d=mm&r=g\",\"caption\":\"Redakcija\"},\"sameAs\":[\"http:\\\/\\\/direktno.info\"],\"url\":\"https:\\\/\\\/direktno.info\\\/index.php\\\/author\\\/novinar0603\\\/\"}]}<\/script>\n<!-- \/ Yoast SEO plugin. -->","yoast_head_json":{"title":"Vu\u010di\u0107 potvrdio: tijelo generala Ratka Mladi\u0107a ve\u010deras sti\u017ee u Srbiju (VIDEO) - Direktno","robots":{"index":"index","follow":"follow","max-snippet":"max-snippet:-1","max-image-preview":"max-image-preview:large","max-video-preview":"max-video-preview:-1"},"canonical":"https:\/\/direktno.info\/index.php\/2026\/09\/03\/vucic-potvrdio-tijelo-generala-ratka-mladica-veceras-stize-u-srbiju-video\/","og_locale":"hr_HR","og_type":"article","og_title":"Vu\u010di\u0107 potvrdio: tijelo generala Ratka Mladi\u0107a ve\u010deras sti\u017ee u Srbiju (VIDEO) - Direktno","og_description":"Posmrtni ostaci na\u010delnika General\u0161taba Vojske Republike Srpske generala Ratka Mladi\u0107a su preuzeti i u kasnim popodnevnim satima bi","og_url":"https:\/\/direktno.info\/index.php\/2026\/09\/03\/vucic-potvrdio-tijelo-generala-ratka-mladica-veceras-stize-u-srbiju-video\/","og_site_name":"Direktno","article_publisher":"https:\/\/www.facebook.com\/share\/1Jy4gXyc5u\/","article_published_time":"2026-09-03T12:14:57+00:00","article_modified_time":"2026-09-03T12:16:06+00:00","og_image":[{"width":1280,"height":817,"url":"http:\/\/direktno.info\/wp-content\/uploads\/2026\/09\/Screenshot_20260903_141337_com_android_chrome_CustomTabActivity.jpg","type":"image\/jpeg"}],"author":"Redakcija","twitter_card":"summary_large_image","twitter_misc":{"Napisao\/la":"Redakcija","Procijenjeno vrijeme \u010ditanja":"2 minute"},"schema":{"@context":"https:\/\/schema.org","@graph":[{"@type":"Article","@id":"https:\/\/direktno.info\/index.php\/2026\/09\/03\/vucic-potvrdio-tijelo-generala-ratka-mladica-veceras-stize-u-srbiju-video\/#article","isPartOf":{"@id":"https:\/\/direktno.info\/index.php\/2026\/09\/03\/vucic-potvrdio-tijelo-generala-ratka-mladica-veceras-stize-u-srbiju-video\/"},"author":{"name":"Redakcija","@id":"https:\/\/direktno.info\/#\/schema\/person\/05fbdaecab81c27dec7cc131a9b37be1"},"headline":"Vu\u010di\u0107 potvrdio: tijelo generala Ratka Mladi\u0107a ve\u010deras sti\u017ee u Srbiju (VIDEO)","datePublished":"2026-09-03T12:14:57+00:00","dateModified":"2026-09-03T12:16:06+00:00","mainEntityOfPage":{"@id":"https:\/\/direktno.info\/index.php\/2026\/09\/03\/vucic-potvrdio-tijelo-generala-ratka-mladica-veceras-stize-u-srbiju-video\/"},"wordCount":216,"commentCount":0,"publisher":{"@id":"https:\/\/direktno.info\/#organization"},"image":{"@id":"https:\/\/direktno.info\/index.php\/2026\/09\/03\/vucic-potvrdio-tijelo-generala-ratka-mladica-veceras-stize-u-srbiju-video\/#primaryimage"},"thumbnailUrl":"https:\/\/direktno.info\/wp-content\/uploads\/2026\/09\/Screenshot_20260903_141337_com_android_chrome_CustomTabActivity.jpg","keywords":["Aleksandar Vu\u010di\u0107","Ratko Mladi\u0107","Republika Srpska","Sahrana","Srbija"],"articleSection":["Po\u010detna"],"inLanguage":"hr","potentialAction":[{"@type":"CommentAction","name":"Comment","target":["https:\/\/direktno.info\/index.php\/2026\/09\/03\/vucic-potvrdio-tijelo-generala-ratka-mladica-veceras-stize-u-srbiju-video\/#respond"]}]},{"@type":"WebPage","@id":"https:\/\/direktno.info\/index.php\/2026\/09\/03\/vucic-potvrdio-tijelo-generala-ratka-mladica-veceras-stize-u-srbiju-video\/","url":"https:\/\/direktno.info\/index.php\/2026\/09\/03\/vucic-potvrdio-tijelo-generala-ratka-mladica-veceras-stize-u-srbiju-video\/","name":"Vu\u010di\u0107 potvrdio: tijelo generala Ratka Mladi\u0107a ve\u010deras sti\u017ee u Srbiju (VIDEO) - Direktno","isPartOf":{"@id":"https:\/\/direktno.info\/#website"},"primaryImageOfPage":{"@id":"https:\/\/direktno.info\/index.php\/2026\/09\/03\/vucic-potvrdio-tijelo-generala-ratka-mladica-veceras-stize-u-srbiju-video\/#primaryimage"},"image":{"@id":"https:\/\/direktno.info\/index.php\/2026\/09\/03\/vucic-potvrdio-tijelo-generala-ratka-mladica-veceras-stize-u-srbiju-video\/#primaryimage"},"thumbnailUrl":"https:\/\/direktno.info\/wp-content\/uploads\/2026\/09\/Screenshot_20260903_141337_com_android_chrome_CustomTabActivity.jpg","datePublished":"2026-09-03T12:14:57+00:00","dateModified":"2026-09-03T12:16:06+00:00","breadcrumb":{"@id":"https:\/\/direktno.info\/index.php\/2026\/09\/03\/vucic-potvrdio-tijelo-generala-ratka-mladica-veceras-stize-u-srbiju-video\/#breadcrumb"},"inLanguage":"hr","potentialAction":[{"@type":"ReadAction","target":["https:\/\/direktno.info\/index.php\/2026\/09\/03\/vucic-potvrdio-tijelo-generala-ratka-mladica-veceras-stize-u-srbiju-video\/"]}]},{"@type":"ImageObject","inLanguage":"hr","@id":"https:\/\/direktno.info\/index.php\/2026\/09\/03\/vucic-potvrdio-tijelo-generala-ratka-mladica-veceras-stize-u-srbiju-video\/#primaryimage","url":"https:\/\/direktno.info\/wp-content\/uploads\/2026\/09\/Screenshot_20260903_141337_com_android_chrome_CustomTabActivity.jpg","contentUrl":"https:\/\/direktno.info\/wp-content\/uploads\/2026\/09\/Screenshot_20260903_141337_com_android_chrome_CustomTabActivity.jpg","width":1280,"height":817},{"@type":"BreadcrumbList","@id":"https:\/\/direktno.info\/index.php\/2026\/09\/03\/vucic-potvrdio-tijelo-generala-ratka-mladica-veceras-stize-u-srbiju-video\/#breadcrumb","itemListElement":[{"@type":"ListItem","position":1,"name":"Po\u010detna stranica","item":"https:\/\/direktno.info\/"},{"@type":"ListItem","position":2,"name":"Vu\u010di\u0107 potvrdio: tijelo generala Ratka Mladi\u0107a ve\u010deras sti\u017ee u Srbiju (VIDEO)"}]},{"@type":"WebSite","@id":"https:\/\/direktno.info\/#website","url":"https:\/\/direktno.info\/","name":"Direktno","description":"","publisher":{"@id":"https:\/\/direktno.info\/#organization"},"potentialAction":[{"@type":"SearchAction","target":{"@type":"EntryPoint","urlTemplate":"https:\/\/direktno.info\/?s={search_term_string}"},"query-input":{"@type":"PropertyValueSpecification","valueRequired":true,"valueName":"search_term_string"}}],"inLanguage":"hr"},{"@type":"Organization","@id":"https:\/\/direktno.info\/#organization","name":"Direktno","url":"https:\/\/direktno.info\/","logo":{"@type":"ImageObject","inLanguage":"hr","@id":"https:\/\/direktno.info\/#\/schema\/logo\/image\/","url":"https:\/\/direktno.info\/wp-content\/uploads\/2026\/08\/direktno_logo_white.png","contentUrl":"https:\/\/direktno.info\/wp-content\/uploads\/2026\/08\/direktno_logo_white.png","width":1600,"height":340,"caption":"Direktno"},"image":{"@id":"https:\/\/direktno.info\/#\/schema\/logo\/image\/"},"sameAs":["https:\/\/www.facebook.com\/share\/1Jy4gXyc5u\/"]},{"@type":"Person","@id":"https:\/\/direktno.info\/#\/schema\/person\/05fbdaecab81c27dec7cc131a9b37be1","name":"Redakcija","image":{"@type":"ImageObject","inLanguage":"hr","@id":"https:\/\/secure.gravatar.com\/avatar\/ede9d7f54b6164109c0b03742da40f108052ff362d7f85a6850f3cb67bd3d495?s=96&d=mm&r=g","url":"https:\/\/secure.gravatar.com\/avatar\/ede9d7f54b6164109c0b03742da40f108052ff362d7f85a6850f3cb67bd3d495?s=96&d=mm&r=g","contentUrl":"https:\/\/secure.gravatar.com\/avatar\/ede9d7f54b6164109c0b03742da40f108052ff362d7f85a6850f3cb67bd3d495?s=96&d=mm&r=g","caption":"Redakcija"},"sameAs":["http:\/\/direktno.info"],"url":"https:\/\/direktno.info\/index.php\/author\/novinar0603\/"}]}},"_links":{"self":[{"href":"https:\/\/direktno.info\/index.php\/wp-json\/wp\/v2\/posts\/1636","targetHints":{"allow":["GET"]}}],"collection":[{"href":"https:\/\/direktno.info\/index.php\/wp-json\/wp\/v2\/posts"}],"about":[{"href":"https:\/\/direktno.info\/index.php\/wp-json\/wp\/v2\/types\/post"}],"author":[{"embeddable":true,"href":"https:\/\/direktno.info\/index.php\/wp-json\/wp\/v2\/users\/1"}],"replies":[{"embeddable":true,"href":"https:\/\/direktno.info\/index.php\/wp-json\/wp\/v2\/comments?post=1636"}],"version-history":[{"count":2,"href":"https:\/\/direktno.info\/index.php\/wp-json\/wp\/v2\/posts\/1636\/revisions"}],"predecessor-version":[{"id":1641,"href":"https:\/\/direktno.info\/index.php\/wp-json\/wp\/v2\/posts\/1636\/revisions\/1641"}],"wp:featuredmedia":[{"embeddable":true,"href":"https:\/\/direktno.info\/index.php\/wp-json\/wp\/v2\/media\/1639"}],"wp:attachment":[{"href":"https:\/\/direktno.info\/index.php\/wp-json\/wp\/v2\/media?parent=1636"}],"wp:term":[{"taxonomy":"category","embeddable":true,"href":"https:\/\/direktno.info\/index.php\/wp-json\/wp\/v2\/categories?post=1636"},{"taxonomy":"post_tag","embeddable":true,"href":"https:\/\/direktno.info\/index.php\/wp-json\/wp\/v2\/tags?post=1636"}],"curies":[{"name":"wp","href":"https:\/\/api.w.org\/{rel}","templated":true}]}}