{"id":1614,"date":"2026-09-02T21:44:25","date_gmt":"2026-09-02T21:44:25","guid":{"rendered":"https:\/\/direktno.info\/?p=1614"},"modified":"2026-09-02T22:42:29","modified_gmt":"2026-09-02T22:42:29","slug":"1614","status":"publish","type":"post","link":"https:\/\/direktno.info\/index.php\/2026\/09\/02\/1614\/","title":{"rendered":"Ono \u0161to je D\u017dABE, prodaju vam pod &#8220;besplatno&#8221;! FZO Republike Srpske PLATIO \u0110aji\u0107eve &#8220;besplatne&#8221; preglede (FOTO + VIDEO)"},"content":{"rendered":"\n<p class=\"wp-block-paragraph\"><strong>Prof. dr Vlado \u0110aji\u0107, biv\u0161i direktor Univerzitetskog klini\u010dkog centra Republike Srpske (UKC RS) i sada lider stranke &#8220;Volja naroda Srpske &#8211; dr Vlado \u0110aji\u0107&#8221;, ve\u0107 mjesec dana agresivno obilazi Republiku Srpsku i zajedno sa &#8220;svojom&#8221; pokretnom ambulantom nudi besplatne ultrazvu\u010dne preglede krvnih sudova glave i vrata u cilju prevencije mo\u017edanog udara. <\/strong><\/p>\n\n\n\n<p class=\"wp-block-paragraph\">Akcije se redovno najavljuju na njegovoj verifikovanoj Facebook stranici, a <strong>gra\u0111ani se za termin javljaju na broj 066 408 408.<\/strong><\/p>\n\n\n\n<figure class=\"wp-block-gallery has-nested-images columns-default is-cropped wp-block-gallery-1 is-layout-flex wp-block-gallery-is-layout-flex\">\n<figure class=\"wp-block-image size-large\"><img loading=\"lazy\" decoding=\"async\" width=\"1024\" height=\"936\" data-id=\"1616\" src=\"https:\/\/direktno.info\/wp-content\/uploads\/2026\/09\/69966-1024x936.jpg\" alt=\"\" class=\"wp-image-1616\" srcset=\"https:\/\/direktno.info\/wp-content\/uploads\/2026\/09\/69966-1024x936.jpg 1024w, https:\/\/direktno.info\/wp-content\/uploads\/2026\/09\/69966-300x274.jpg 300w, https:\/\/direktno.info\/wp-content\/uploads\/2026\/09\/69966-768x702.jpg 768w, https:\/\/direktno.info\/wp-content\/uploads\/2026\/09\/69966.jpg 1121w\" sizes=\"auto, (max-width: 1024px) 100vw, 1024px\" \/><\/figure>\n<\/figure>\n\n\n\n<p class=\"wp-block-paragraph\">U tipi\u010dnoj objavi, uo\u010di jedne od takvih akcija, \u0110aji\u0107 pi\u0161e u prvom licu jednine: <strong>Sutra u Dervi\u0161ima \u2013 besplatni preventivni pregledi! Sutra (subota), 29. avgusta, sa pokretnom ambulantom \u0107u biti u Dervi\u0161ima<\/strong>, na parkingu kod Farma Proma, gdje \u0107u od 12.00 do 15.00 \u010dasova besplatno obavljati preventivne preglede krvnih sudova vrata i glave.<\/p>\n\n\n\n<p class=\"wp-block-paragraph\"><strong>Isti obrazac ponavlja se iz objave u objavu. Uo\u010di akcije u Stanarima, 21. avgusta:<\/strong> &#8220;Sa zadovoljstvom obavje\u0161tavam gra\u0111ane Stanara da sam sutra&#8230; \u0107u biti&#8230;&#8221;<\/p>\n\n\n\n<figure class=\"wp-block-video\"><video height=\"568\" style=\"aspect-ratio: 320 \/ 568;\" width=\"320\" controls src=\"https:\/\/direktno.info\/wp-content\/uploads\/2026\/09\/69949.mp4\"><\/video><\/figure>\n\n\n\n<p class=\"wp-block-paragraph\">\u010cetiri dana kasnije, uz video snimak pregleda koji je do sada prikupio 78 hiljada pregleda, vi\u0161e od hiljadu lajkova i 114 komentara, ton postaje otvoreno samohvalisav:<\/p>\n\n\n\n<p class=\"wp-block-paragraph\">&#8211; <strong>Smatram da danas niko nije uradio va\u017eniju stvar za narod Republike Srpske od nas!<\/strong>&#8220;, dok u objavi od 15. avgusta, iz naselja Bud\u017eak u Banjaluci, \u0110aji\u0107 otkriva i konkretnu brojku: <strong>&#8220;U posljednjih petnaest godina besplatno smo pregledali vi\u0161e od 60 hiljada ljudi.&#8221;<\/strong><\/p>\n\n\n\n<p class=\"wp-block-paragraph\">Ton svih objava je dosljedno li\u010dan i direktan &#8211; <strong>&#8220;\u0107u biti&#8221;, &#8220;sam posvetio&#8221;, &#8220;smo spasili&#8221;, &#8220;uradili smo&#8221; &#8211; bez ijednog pomena ordinacije koja stoji iza usluge, ugovora sa Fondom zdravstvenog osiguranja, <\/strong>ili \u010dinjenice da je rije\u010d o redovnoj, ugovorenoj zdravstvenoj usluzi, a ne o njegovoj privatnoj, dobrotvornoj inicijativi.<\/p>\n\n\n\n<figure class=\"wp-block-image size-large\"><img loading=\"lazy\" decoding=\"async\" width=\"913\" height=\"1024\" src=\"https:\/\/direktno.info\/wp-content\/uploads\/2026\/09\/69953-913x1024.jpg\" alt=\"\" class=\"wp-image-1620\" srcset=\"https:\/\/direktno.info\/wp-content\/uploads\/2026\/09\/69953-913x1024.jpg 913w, https:\/\/direktno.info\/wp-content\/uploads\/2026\/09\/69953-267x300.jpg 267w, https:\/\/direktno.info\/wp-content\/uploads\/2026\/09\/69953-768x861.jpg 768w, https:\/\/direktno.info\/wp-content\/uploads\/2026\/09\/69953.jpg 1141w\" sizes=\"auto, (max-width: 913px) 100vw, 913px\" \/><\/figure>\n\n\n\n<p class=\"wp-block-paragraph\"><strong>Broj telefona naveden u svakoj objavi (066 408 408) ne vodi do UKC-a niti do bilo koje javne institucije <\/strong>&#8211; <strong>zvani\u010dno je registrovan kao kontakt &#8220;Centra za prevenciju mo\u017edanog udara&#8221; pri privatnoj zdravstvenoj ustanovi &#8220;Dr ArAr&#8221;, sa sjedi\u0161tem u Kara\u0111or\u0111evoj 2 u Banjoj Luci<\/strong>. <\/p>\n\n\n\n<p class=\"wp-block-paragraph\">Vlasnik i odgovorno lice te ustanove je <strong>Darko Arar, kum Vlade \u0110aji\u0107a, ne \u0110aji\u0107.<\/strong><\/p>\n\n\n\n<figure class=\"wp-block-gallery has-nested-images columns-default is-cropped wp-block-gallery-2 is-layout-flex wp-block-gallery-is-layout-flex\">\n<figure class=\"wp-block-image size-large\"><img loading=\"lazy\" decoding=\"async\" width=\"1024\" height=\"586\" data-id=\"1621\" src=\"https:\/\/direktno.info\/wp-content\/uploads\/2026\/09\/69969-1024x586.jpg\" alt=\"\" class=\"wp-image-1621\" srcset=\"https:\/\/direktno.info\/wp-content\/uploads\/2026\/09\/69969-1024x586.jpg 1024w, https:\/\/direktno.info\/wp-content\/uploads\/2026\/09\/69969-300x172.jpg 300w, https:\/\/direktno.info\/wp-content\/uploads\/2026\/09\/69969-766x439.jpg 766w, https:\/\/direktno.info\/wp-content\/uploads\/2026\/09\/69969.jpg 1203w\" sizes=\"auto, (max-width: 1024px) 100vw, 1024px\" \/><\/figure>\n<\/figure>\n\n\n\n<p class=\"wp-block-paragraph\">\u0110aji\u0107 kao specijalista neurologije godinama fizi\u010dki radi u ordinaciji &#8220;Dr Arar&#8221;, paralelno sa svojom ranijom pozicijom direktora UKC-a.<\/p>\n\n\n\n<p class=\"wp-block-paragraph\"><strong>Ve\u0107 2015. godine, kada je u ordinaciji predstavljen prvi TILT aparat u BiH, upravo je \u0110aji\u0107 bio taj koji je pacijentima li\u010dno sprovodio pregled i davao izjave medijima o novoj metodi<\/strong>. <\/p>\n\n\n\n<p class=\"wp-block-paragraph\">I danas, <strong>deset godina kasnije,<\/strong> povodom Svjetskog dana mo\u017edanog udara, \u0110aji\u0107 nastavlja da u ordinaciji &#8220;<strong>Dr Arar<\/strong>&#8221; , zajedno sa ljekarima UKC-a, obavlja besplatne preglede.<\/p>\n\n\n\n<p class=\"wp-block-paragraph\">Prema podacima iz zvani\u010dnog registra, &#8220;Dr Arar&#8221; posluje kao specijalisti\u010dki centar od 1999. godine, a kao pravni subjekt je upisan 2. decembra 2011.<\/p>\n\n\n\n<p class=\"wp-block-paragraph\"><strong>Taj datum se gotovo poklapa sa vremenskim okvirom koji je sam \u0110aji\u0107 javno naveo \u2014 &#8220;posljednjih petnaest godina&#8221; terenskog rada,<\/strong> ra\u010dunaju\u0107i unazad od 2026., vodi upravo u period 2011\/2012 kada je sklopljen ugovor sa Fondom zdravstvenog osiguranja <strong>za po\u010detnih 600 hiljada maraka. <\/strong><\/p>\n\n\n\n<figure class=\"wp-block-gallery has-nested-images columns-default is-cropped wp-block-gallery-3 is-layout-flex wp-block-gallery-is-layout-flex\">\n<figure class=\"wp-block-image size-large\"><img loading=\"lazy\" decoding=\"async\" width=\"1024\" height=\"484\" data-id=\"1622\" src=\"https:\/\/direktno.info\/wp-content\/uploads\/2026\/09\/69960-1024x484.jpg\" alt=\"\" class=\"wp-image-1622\" srcset=\"https:\/\/direktno.info\/wp-content\/uploads\/2026\/09\/69960-1024x484.jpg 1024w, https:\/\/direktno.info\/wp-content\/uploads\/2026\/09\/69960-768x363.jpg 768w, https:\/\/direktno.info\/wp-content\/uploads\/2026\/09\/69960-300x142.jpg 300w, https:\/\/direktno.info\/wp-content\/uploads\/2026\/09\/69960.jpg 1280w\" sizes=\"auto, (max-width: 1024px) 100vw, 1024px\" \/><\/figure>\n<\/figure>\n\n\n\n<p class=\"wp-block-paragraph\">Drugim rije\u010dima, sam \u0110aji\u0107 svojom izjavom povezuje po\u010detak kampanje sa trenutkom formalnog osnivanja privatnog subjekta koji tu kampanju infrastrukturno omogu\u0107ava.<\/p>\n\n\n\n<p class=\"wp-block-paragraph\"><strong>Ustanova od 2015. ima ugovor sa Fondom zdravstvenog osiguranja RS za TILT test <\/strong>&#8211; u trenutku uvo\u0111enja te usluge, FZO je saop\u0161tio da \u0107e se ona &#8220;<strong>za sada&#8221; pru\u017eati isklju\u010divo u &#8220;Dr Arar&#8221;, kao jedinoj ustanovi tada osposobljenoj za nju<\/strong>. <\/p>\n\n\n\n<p class=\"wp-block-paragraph\"><strong>Od 2021. ugovor je pro\u0161iren i na neurologiju i ultrazvu\u010dne preglede krvnih sudova glave i vrata &#8211; istu uslugu koja se besplatno nudi na terenu, i istu koju \u0110aji\u0107 u svojim objavama predstavlja kao svoju li\u010dnu gestu.<\/strong><\/p>\n\n\n\n<p class=\"wp-block-paragraph\">Ovaj model, me\u0111utim, nije nova ideja ro\u0111ena nakon raskida sa SNSD-om. <strong>Ve\u0107 2011. godine, prema \u0110aji\u0107evoj sopstvenoj izjavi datoj &#8220;Glasu Srpske&#8221; u intervjuu iz novembra 2014., pod pokroviteljstvom Ministarstva zdravlja i Fonda zdravstvenog osiguranja RS pokrenut je projekat prevencije mo\u017edanog udara u kojem je on li\u010dno bio &#8220;glavni menad\u017eer&#8221;<\/strong>. <\/p>\n\n\n\n<figure class=\"wp-block-gallery has-nested-images columns-default is-cropped wp-block-gallery-4 is-layout-flex wp-block-gallery-is-layout-flex\">\n<figure class=\"wp-block-image size-large\"><img loading=\"lazy\" decoding=\"async\" width=\"1024\" height=\"643\" data-id=\"1623\" src=\"https:\/\/direktno.info\/wp-content\/uploads\/2026\/09\/69962-1024x643.jpg\" alt=\"\" class=\"wp-image-1623\" srcset=\"https:\/\/direktno.info\/wp-content\/uploads\/2026\/09\/69962-1024x643.jpg 1024w, https:\/\/direktno.info\/wp-content\/uploads\/2026\/09\/69962-300x188.jpg 300w, https:\/\/direktno.info\/wp-content\/uploads\/2026\/09\/69962-767x482.jpg 767w, https:\/\/direktno.info\/wp-content\/uploads\/2026\/09\/69962.jpg 1280w\" sizes=\"auto, (max-width: 1024px) 100vw, 1024px\" \/><\/figure>\n<\/figure>\n\n\n\n<p class=\"wp-block-paragraph\">Do 2014. godine, u okviru tog projekta, ultrazvu\u010dno je pregledano preko 20 hiljada pacijenata, a <strong>prema \u0110aji\u0107evim navodima, bud\u017eetu Republike Srpske u\u0161te\u0111eno je oko 15 miliona maraka, dok je spa\u0161eno vi\u0161e od hiljadu \u017eivota. <\/strong>Kampanja je uklju\u010divala plakate, bilborde, gostovanja u medijima i predavanja u domovima zdravlja &#8211; istu vrstu terenske, medijski propra\u0107ene aktivnosti koju danas vodi kao politi\u010dki lider.<\/p>\n\n\n\n<figure class=\"wp-block-gallery has-nested-images columns-default is-cropped wp-block-gallery-5 is-layout-flex wp-block-gallery-is-layout-flex\">\n<figure class=\"wp-block-image size-large\"><img loading=\"lazy\" decoding=\"async\" width=\"853\" height=\"1024\" data-id=\"1624\" src=\"https:\/\/direktno.info\/wp-content\/uploads\/2026\/09\/69964-853x1024.jpg\" alt=\"\" class=\"wp-image-1624\" srcset=\"https:\/\/direktno.info\/wp-content\/uploads\/2026\/09\/69964-853x1024.jpg 853w, https:\/\/direktno.info\/wp-content\/uploads\/2026\/09\/69964-250x300.jpg 250w, https:\/\/direktno.info\/wp-content\/uploads\/2026\/09\/69964-768x921.jpg 768w, https:\/\/direktno.info\/wp-content\/uploads\/2026\/09\/69964.jpg 1280w\" sizes=\"auto, (max-width: 853px) 100vw, 853px\" \/><\/figure>\n<\/figure>\n\n\n\n<p class=\"wp-block-paragraph\">Ono \u0161to ovu pri\u010du \u010dini posebno indikativnom jeste trenutak u kojem se odvija. <strong>\u0110aji\u0107 danas nastupa kao predsjednik &#8220;Volje naroda Srpske &#8211; dr Vlado \u0110aji\u0107&#8221; , novoosnovanog politi\u010dkog subjekta kojim je, nakon smjene sa \u010dela UKC-a i banjalu\u010dkog SNSD-a, formalno okrenuo le\u0111a Miloradu Dodiku i SNSD<\/strong>. <\/p>\n\n\n\n<p class=\"wp-block-paragraph\">Infrastruktura koju za tu terensku, direktno-bira\u010dki korisnu kampanju koristi &#8211; mre\u017ea kontakata sa ljekarima UKC-a, prepoznatljivost izgra\u0111ena kroz godine javnih nastupa, kao i sama praksa terenskog &#8220;izlaska u narod&#8221; &#8211; nastala je i uhodala se dok je \u0110aji\u0107 bio na \u010delu Gradskog odbora SNSD-a u Banjaluci.<\/p>\n\n\n\n<p class=\"wp-block-paragraph\"><strong>Dok \u0110aji\u0107 javno nastupa kao neko ko iz sopstvene inicijative i o sopstvenom tro\u0161ku &#8220;spa\u0161ava \u017eivote&#8221;<\/strong> po selima i gradovima Srpske &#8211; do te mjere da tvrdi da &#8220;<strong>danas niko nije uradio va\u017eniju stvar za narod Republike Srpske<\/strong>&#8221; od njega &#8211; infrastruktura koja to omogu\u0107ava, oprema, kadar, ugovori sa Fondom, pa i politi\u010dka vidljivost koju danas koristi za rast nove stranku, <strong>pripada, ili barem izvorno poti\u010de, iz perioda kada je bio dio sistema kojem se sada javno suprotstavlja.<\/strong><\/p>\n\n\n\n<figure class=\"wp-block-gallery has-nested-images columns-default is-cropped wp-block-gallery-6 is-layout-flex wp-block-gallery-is-layout-flex\">\n<figure class=\"wp-block-image size-large\"><img loading=\"lazy\" decoding=\"async\" width=\"780\" height=\"1024\" data-id=\"1625\" src=\"https:\/\/direktno.info\/wp-content\/uploads\/2026\/09\/69952-780x1024.jpg\" alt=\"\" class=\"wp-image-1625\" srcset=\"https:\/\/direktno.info\/wp-content\/uploads\/2026\/09\/69952-780x1024.jpg 780w, https:\/\/direktno.info\/wp-content\/uploads\/2026\/09\/69952-229x300.jpg 229w, https:\/\/direktno.info\/wp-content\/uploads\/2026\/09\/69952-768x1008.jpg 768w, https:\/\/direktno.info\/wp-content\/uploads\/2026\/09\/69952-1170x1536.jpg 1170w, https:\/\/direktno.info\/wp-content\/uploads\/2026\/09\/69952.jpg 1280w\" sizes=\"auto, (max-width: 780px) 100vw, 780px\" \/><\/figure>\n<\/figure>\n\n\n\n<p class=\"wp-block-paragraph\">Izborni zakon BiH eksplicitno zabranjuje kori\u0161tenje javnih sredstava i resursa u svrhu vo\u0111enja izborne kampanje ili sticanja politi\u010dke koristi, uklju\u010duju\u0107i kori\u0161tenje polo\u017eaja za politi\u010dku promociju. <\/p>\n\n\n\n<p class=\"wp-block-paragraph\"><strong>Transparency International BiH (TI BiH) u teku\u0107em izbornom ciklusu evidentirao je preko 1, 2 hiljade slu\u010dajeva zloupotrebe javnih resursa, od \u010dega se \u010dak 70 odsto odnosi upravo na obrazac u kojem pojedinac ili stranka sebi pripisuje li\u010dne zasluge za projekte i usluge koje su, u stvarnosti, finansirane iz javnih sredstava <\/strong>&#8211; obrazac koji se gotovo doslovno poklapa sa na\u010dinom na koji \u0110aji\u0107 u svojim objavama predstavlja terensku kampanju (&#8220;ja sam&#8221;, &#8220;mi smo spasili \u017eivote&#8221;), bez pomena Fonda zdravstvenog osiguranja ili ugovora koji stoji iza usluge.<\/p>\n\n\n\n<p class=\"wp-block-paragraph\"><strong>Centralna izborna komisija BiH (CIK BiH) je, prema navodima TI BiH, u aktuelnom ciklusu zna\u010dajno podigla prag tolerancije prema ovakvim slu\u010dajevima<\/strong>, pa je oko 40 odsto prijava odbijeno ili nikada nije ni razmatrano. <\/p>\n\n\n\n<figure class=\"wp-block-gallery has-nested-images columns-default is-cropped wp-block-gallery-7 is-layout-flex wp-block-gallery-is-layout-flex\">\n<figure class=\"wp-block-image size-large\"><img loading=\"lazy\" decoding=\"async\" width=\"1024\" height=\"1014\" data-id=\"1631\" src=\"https:\/\/direktno.info\/wp-content\/uploads\/2026\/09\/69980-1024x1014.jpg\" alt=\"\" class=\"wp-image-1631\" srcset=\"https:\/\/direktno.info\/wp-content\/uploads\/2026\/09\/69980-1024x1014.jpg 1024w, https:\/\/direktno.info\/wp-content\/uploads\/2026\/09\/69980-150x150.jpg 150w, https:\/\/direktno.info\/wp-content\/uploads\/2026\/09\/69980-300x297.jpg 300w, https:\/\/direktno.info\/wp-content\/uploads\/2026\/09\/69980-767x760.jpg 767w, https:\/\/direktno.info\/wp-content\/uploads\/2026\/09\/69980.jpg 1280w\" sizes=\"auto, (max-width: 1024px) 100vw, 1024px\" \/><\/figure>\n<\/figure>\n\n\n\n<p class=\"wp-block-paragraph\">To ne mijenja pravnu prirodu problema, ali ukazuje da bi eventualna prijava ovog konkretnog slu\u010daja zahtijevala jasan dokaz da sredstva Fonda zdravstvenog osiguranja direktno finansiraju terenske akcije, a ne samo redovne preglede unutar same ordinacije &#8220;Dr Arar&#8221;.<\/p>\n\n\n\n<p class=\"wp-block-paragraph\">Ostaje otvoreno pitanje ko je i kada finansirao samo vozilo pokretne ambulante, kao i da li i u kojoj mjeri terenske akcije direktno terete Fond zdravstvenog osiguranja &#8211; podaci koji do sada nisu javno dokumentovani, <strong>dok \u0110aji\u0107 javnosti nastavlja da se predstavlja kao jedini akter i jedini &#8220;donator&#8221; usluge koju gra\u0111ani dobijaju.<\/strong><\/p>\n\n\n\n<p class=\"wp-block-paragraph\"><\/p>\n","protected":false},"excerpt":{"rendered":"<p>Prof. dr Vlado \u0110aji\u0107, biv\u0161i direktor Univerzitetskog klini\u010dkog centra Republike Srpske (UKC RS) i sada lider stranke &#8220;Volja<\/p>\n","protected":false},"author":1,"featured_media":1530,"comment_status":"open","ping_status":"open","sticky":false,"template":"","format":"standard","meta":{"footnotes":""},"categories":[29,30],"tags":[133,131,134,132,86,45,85],"class_list":["post-1614","post","type-post","status-publish","format-standard","has-post-thumbnail","hentry","category-istrazivanje","category-pocetna","tag-besplatni-pregledi","tag-dr-arar","tag-fond-zdravstvenog-osiguranja-republike-srpske","tag-prevencija-mozdanog-udara","tag-snsd","tag-vlado-dajic","tag-volja-naroda-republike-srpske"],"yoast_head":"<!-- This site is optimized with the Yoast SEO plugin v28.3 - https:\/\/yoast.com\/product\/yoast-seo-wordpress\/ -->\n<title>Ono \u0161to je D\u017dABE, prodaju vam pod &quot;besplatno&quot;! FZO Republike Srpske PLATIO \u0110aji\u0107eve &quot;besplatne&quot; preglede (FOTO + VIDEO) - Direktno<\/title>\n<meta name=\"robots\" content=\"index, follow, max-snippet:-1, max-image-preview:large, max-video-preview:-1\" \/>\n<link rel=\"canonical\" href=\"https:\/\/direktno.info\/index.php\/2026\/09\/02\/1614\/\" \/>\n<meta property=\"og:locale\" content=\"hr_HR\" \/>\n<meta property=\"og:type\" content=\"article\" \/>\n<meta property=\"og:title\" content=\"Ono \u0161to je D\u017dABE, prodaju vam pod &quot;besplatno&quot;! FZO Republike Srpske PLATIO \u0110aji\u0107eve &quot;besplatne&quot; preglede (FOTO + VIDEO) - Direktno\" \/>\n<meta property=\"og:description\" content=\"Prof. dr Vlado \u0110aji\u0107, biv\u0161i direktor Univerzitetskog klini\u010dkog centra Republike Srpske (UKC RS) i sada lider stranke &#8220;Volja\" \/>\n<meta property=\"og:url\" content=\"https:\/\/direktno.info\/index.php\/2026\/09\/02\/1614\/\" \/>\n<meta property=\"og:site_name\" content=\"Direktno\" \/>\n<meta property=\"article:publisher\" content=\"https:\/\/www.facebook.com\/share\/1Jy4gXyc5u\/\" \/>\n<meta property=\"article:published_time\" content=\"2026-09-02T21:44:25+00:00\" \/>\n<meta property=\"article:modified_time\" content=\"2026-09-02T22:42:29+00:00\" \/>\n<meta property=\"og:image\" content=\"http:\/\/direktno.info\/wp-content\/uploads\/2026\/08\/com.facebook.lite_20260831030329.jpg\" \/>\n\t<meta property=\"og:image:width\" content=\"1207\" \/>\n\t<meta property=\"og:image:height\" content=\"757\" \/>\n\t<meta property=\"og:image:type\" content=\"image\/jpeg\" \/>\n<meta name=\"author\" content=\"Redakcija\" \/>\n<meta name=\"twitter:card\" content=\"summary_large_image\" \/>\n<meta name=\"twitter:label1\" content=\"Napisao\/la\" \/>\n\t<meta name=\"twitter:data1\" content=\"Redakcija\" \/>\n\t<meta name=\"twitter:label2\" content=\"Procijenjeno vrijeme \u010ditanja\" \/>\n\t<meta name=\"twitter:data2\" content=\"8 minuta\" \/>\n<script type=\"application\/ld+json\" class=\"yoast-schema-graph\">{\"@context\":\"https:\\\/\\\/schema.org\",\"@graph\":[{\"@type\":\"Article\",\"@id\":\"https:\\\/\\\/direktno.info\\\/index.php\\\/2026\\\/09\\\/02\\\/1614\\\/#article\",\"isPartOf\":{\"@id\":\"https:\\\/\\\/direktno.info\\\/index.php\\\/2026\\\/09\\\/02\\\/1614\\\/\"},\"author\":{\"name\":\"Redakcija\",\"@id\":\"https:\\\/\\\/direktno.info\\\/#\\\/schema\\\/person\\\/05fbdaecab81c27dec7cc131a9b37be1\"},\"headline\":\"Ono \u0161to je D\u017dABE, prodaju vam pod &#8220;besplatno&#8221;! FZO Republike Srpske PLATIO \u0110aji\u0107eve &#8220;besplatne&#8221; preglede (FOTO + VIDEO)\",\"datePublished\":\"2026-09-02T21:44:25+00:00\",\"dateModified\":\"2026-09-02T22:42:29+00:00\",\"mainEntityOfPage\":{\"@id\":\"https:\\\/\\\/direktno.info\\\/index.php\\\/2026\\\/09\\\/02\\\/1614\\\/\"},\"wordCount\":1139,\"commentCount\":0,\"publisher\":{\"@id\":\"https:\\\/\\\/direktno.info\\\/#organization\"},\"image\":{\"@id\":\"https:\\\/\\\/direktno.info\\\/index.php\\\/2026\\\/09\\\/02\\\/1614\\\/#primaryimage\"},\"thumbnailUrl\":\"https:\\\/\\\/direktno.info\\\/wp-content\\\/uploads\\\/2026\\\/08\\\/com.facebook.lite_20260831030329.jpg\",\"keywords\":[\"Besplatni pregledi\",\"Dr arar\",\"Fond zdravstvenog osiguranja Republike Srpske\",\"Prevencija mo\u017edanog udara\",\"Snsd\",\"Vlado \u0111aji\u0107\",\"Volja naroda Republike Srpske\"],\"articleSection\":[\"Istra\u017eivanje\",\"Po\u010detna\"],\"inLanguage\":\"hr\",\"potentialAction\":[{\"@type\":\"CommentAction\",\"name\":\"Comment\",\"target\":[\"https:\\\/\\\/direktno.info\\\/index.php\\\/2026\\\/09\\\/02\\\/1614\\\/#respond\"]}]},{\"@type\":\"WebPage\",\"@id\":\"https:\\\/\\\/direktno.info\\\/index.php\\\/2026\\\/09\\\/02\\\/1614\\\/\",\"url\":\"https:\\\/\\\/direktno.info\\\/index.php\\\/2026\\\/09\\\/02\\\/1614\\\/\",\"name\":\"Ono \u0161to je D\u017dABE, prodaju vam pod \\\"besplatno\\\"! FZO Republike Srpske PLATIO \u0110aji\u0107eve \\\"besplatne\\\" preglede (FOTO + VIDEO) - Direktno\",\"isPartOf\":{\"@id\":\"https:\\\/\\\/direktno.info\\\/#website\"},\"primaryImageOfPage\":{\"@id\":\"https:\\\/\\\/direktno.info\\\/index.php\\\/2026\\\/09\\\/02\\\/1614\\\/#primaryimage\"},\"image\":{\"@id\":\"https:\\\/\\\/direktno.info\\\/index.php\\\/2026\\\/09\\\/02\\\/1614\\\/#primaryimage\"},\"thumbnailUrl\":\"https:\\\/\\\/direktno.info\\\/wp-content\\\/uploads\\\/2026\\\/08\\\/com.facebook.lite_20260831030329.jpg\",\"datePublished\":\"2026-09-02T21:44:25+00:00\",\"dateModified\":\"2026-09-02T22:42:29+00:00\",\"breadcrumb\":{\"@id\":\"https:\\\/\\\/direktno.info\\\/index.php\\\/2026\\\/09\\\/02\\\/1614\\\/#breadcrumb\"},\"inLanguage\":\"hr\",\"potentialAction\":[{\"@type\":\"ReadAction\",\"target\":[\"https:\\\/\\\/direktno.info\\\/index.php\\\/2026\\\/09\\\/02\\\/1614\\\/\"]}]},{\"@type\":\"ImageObject\",\"inLanguage\":\"hr\",\"@id\":\"https:\\\/\\\/direktno.info\\\/index.php\\\/2026\\\/09\\\/02\\\/1614\\\/#primaryimage\",\"url\":\"https:\\\/\\\/direktno.info\\\/wp-content\\\/uploads\\\/2026\\\/08\\\/com.facebook.lite_20260831030329.jpg\",\"contentUrl\":\"https:\\\/\\\/direktno.info\\\/wp-content\\\/uploads\\\/2026\\\/08\\\/com.facebook.lite_20260831030329.jpg\",\"width\":1207,\"height\":757},{\"@type\":\"BreadcrumbList\",\"@id\":\"https:\\\/\\\/direktno.info\\\/index.php\\\/2026\\\/09\\\/02\\\/1614\\\/#breadcrumb\",\"itemListElement\":[{\"@type\":\"ListItem\",\"position\":1,\"name\":\"Po\u010detna stranica\",\"item\":\"https:\\\/\\\/direktno.info\\\/\"},{\"@type\":\"ListItem\",\"position\":2,\"name\":\"Ono \u0161to je D\u017dABE, prodaju vam pod &#8220;besplatno&#8221;! FZO Republike Srpske PLATIO \u0110aji\u0107eve &#8220;besplatne&#8221; preglede (FOTO + VIDEO)\"}]},{\"@type\":\"WebSite\",\"@id\":\"https:\\\/\\\/direktno.info\\\/#website\",\"url\":\"https:\\\/\\\/direktno.info\\\/\",\"name\":\"Direktno\",\"description\":\"\",\"publisher\":{\"@id\":\"https:\\\/\\\/direktno.info\\\/#organization\"},\"potentialAction\":[{\"@type\":\"SearchAction\",\"target\":{\"@type\":\"EntryPoint\",\"urlTemplate\":\"https:\\\/\\\/direktno.info\\\/?s={search_term_string}\"},\"query-input\":{\"@type\":\"PropertyValueSpecification\",\"valueRequired\":true,\"valueName\":\"search_term_string\"}}],\"inLanguage\":\"hr\"},{\"@type\":\"Organization\",\"@id\":\"https:\\\/\\\/direktno.info\\\/#organization\",\"name\":\"Direktno\",\"url\":\"https:\\\/\\\/direktno.info\\\/\",\"logo\":{\"@type\":\"ImageObject\",\"inLanguage\":\"hr\",\"@id\":\"https:\\\/\\\/direktno.info\\\/#\\\/schema\\\/logo\\\/image\\\/\",\"url\":\"https:\\\/\\\/direktno.info\\\/wp-content\\\/uploads\\\/2026\\\/08\\\/direktno_logo_white.png\",\"contentUrl\":\"https:\\\/\\\/direktno.info\\\/wp-content\\\/uploads\\\/2026\\\/08\\\/direktno_logo_white.png\",\"width\":1600,\"height\":340,\"caption\":\"Direktno\"},\"image\":{\"@id\":\"https:\\\/\\\/direktno.info\\\/#\\\/schema\\\/logo\\\/image\\\/\"},\"sameAs\":[\"https:\\\/\\\/www.facebook.com\\\/share\\\/1Jy4gXyc5u\\\/\"]},{\"@type\":\"Person\",\"@id\":\"https:\\\/\\\/direktno.info\\\/#\\\/schema\\\/person\\\/05fbdaecab81c27dec7cc131a9b37be1\",\"name\":\"Redakcija\",\"image\":{\"@type\":\"ImageObject\",\"inLanguage\":\"hr\",\"@id\":\"https:\\\/\\\/secure.gravatar.com\\\/avatar\\\/ede9d7f54b6164109c0b03742da40f108052ff362d7f85a6850f3cb67bd3d495?s=96&d=mm&r=g\",\"url\":\"https:\\\/\\\/secure.gravatar.com\\\/avatar\\\/ede9d7f54b6164109c0b03742da40f108052ff362d7f85a6850f3cb67bd3d495?s=96&d=mm&r=g\",\"contentUrl\":\"https:\\\/\\\/secure.gravatar.com\\\/avatar\\\/ede9d7f54b6164109c0b03742da40f108052ff362d7f85a6850f3cb67bd3d495?s=96&d=mm&r=g\",\"caption\":\"Redakcija\"},\"sameAs\":[\"http:\\\/\\\/direktno.info\"],\"url\":\"https:\\\/\\\/direktno.info\\\/index.php\\\/author\\\/novinar0603\\\/\"}]}<\/script>\n<!-- \/ Yoast SEO plugin. -->","yoast_head_json":{"title":"Ono \u0161to je D\u017dABE, prodaju vam pod \"besplatno\"! FZO Republike Srpske PLATIO \u0110aji\u0107eve \"besplatne\" preglede (FOTO + VIDEO) - Direktno","robots":{"index":"index","follow":"follow","max-snippet":"max-snippet:-1","max-image-preview":"max-image-preview:large","max-video-preview":"max-video-preview:-1"},"canonical":"https:\/\/direktno.info\/index.php\/2026\/09\/02\/1614\/","og_locale":"hr_HR","og_type":"article","og_title":"Ono \u0161to je D\u017dABE, prodaju vam pod \"besplatno\"! FZO Republike Srpske PLATIO \u0110aji\u0107eve \"besplatne\" preglede (FOTO + VIDEO) - Direktno","og_description":"Prof. dr Vlado \u0110aji\u0107, biv\u0161i direktor Univerzitetskog klini\u010dkog centra Republike Srpske (UKC RS) i sada lider stranke &#8220;Volja","og_url":"https:\/\/direktno.info\/index.php\/2026\/09\/02\/1614\/","og_site_name":"Direktno","article_publisher":"https:\/\/www.facebook.com\/share\/1Jy4gXyc5u\/","article_published_time":"2026-09-02T21:44:25+00:00","article_modified_time":"2026-09-02T22:42:29+00:00","og_image":[{"width":1207,"height":757,"url":"http:\/\/direktno.info\/wp-content\/uploads\/2026\/08\/com.facebook.lite_20260831030329.jpg","type":"image\/jpeg"}],"author":"Redakcija","twitter_card":"summary_large_image","twitter_misc":{"Napisao\/la":"Redakcija","Procijenjeno vrijeme \u010ditanja":"8 minuta"},"schema":{"@context":"https:\/\/schema.org","@graph":[{"@type":"Article","@id":"https:\/\/direktno.info\/index.php\/2026\/09\/02\/1614\/#article","isPartOf":{"@id":"https:\/\/direktno.info\/index.php\/2026\/09\/02\/1614\/"},"author":{"name":"Redakcija","@id":"https:\/\/direktno.info\/#\/schema\/person\/05fbdaecab81c27dec7cc131a9b37be1"},"headline":"Ono \u0161to je D\u017dABE, prodaju vam pod &#8220;besplatno&#8221;! FZO Republike Srpske PLATIO \u0110aji\u0107eve &#8220;besplatne&#8221; preglede (FOTO + VIDEO)","datePublished":"2026-09-02T21:44:25+00:00","dateModified":"2026-09-02T22:42:29+00:00","mainEntityOfPage":{"@id":"https:\/\/direktno.info\/index.php\/2026\/09\/02\/1614\/"},"wordCount":1139,"commentCount":0,"publisher":{"@id":"https:\/\/direktno.info\/#organization"},"image":{"@id":"https:\/\/direktno.info\/index.php\/2026\/09\/02\/1614\/#primaryimage"},"thumbnailUrl":"https:\/\/direktno.info\/wp-content\/uploads\/2026\/08\/com.facebook.lite_20260831030329.jpg","keywords":["Besplatni pregledi","Dr arar","Fond zdravstvenog osiguranja Republike Srpske","Prevencija mo\u017edanog udara","Snsd","Vlado \u0111aji\u0107","Volja naroda Republike Srpske"],"articleSection":["Istra\u017eivanje","Po\u010detna"],"inLanguage":"hr","potentialAction":[{"@type":"CommentAction","name":"Comment","target":["https:\/\/direktno.info\/index.php\/2026\/09\/02\/1614\/#respond"]}]},{"@type":"WebPage","@id":"https:\/\/direktno.info\/index.php\/2026\/09\/02\/1614\/","url":"https:\/\/direktno.info\/index.php\/2026\/09\/02\/1614\/","name":"Ono \u0161to je D\u017dABE, prodaju vam pod \"besplatno\"! FZO Republike Srpske PLATIO \u0110aji\u0107eve \"besplatne\" preglede (FOTO + VIDEO) - Direktno","isPartOf":{"@id":"https:\/\/direktno.info\/#website"},"primaryImageOfPage":{"@id":"https:\/\/direktno.info\/index.php\/2026\/09\/02\/1614\/#primaryimage"},"image":{"@id":"https:\/\/direktno.info\/index.php\/2026\/09\/02\/1614\/#primaryimage"},"thumbnailUrl":"https:\/\/direktno.info\/wp-content\/uploads\/2026\/08\/com.facebook.lite_20260831030329.jpg","datePublished":"2026-09-02T21:44:25+00:00","dateModified":"2026-09-02T22:42:29+00:00","breadcrumb":{"@id":"https:\/\/direktno.info\/index.php\/2026\/09\/02\/1614\/#breadcrumb"},"inLanguage":"hr","potentialAction":[{"@type":"ReadAction","target":["https:\/\/direktno.info\/index.php\/2026\/09\/02\/1614\/"]}]},{"@type":"ImageObject","inLanguage":"hr","@id":"https:\/\/direktno.info\/index.php\/2026\/09\/02\/1614\/#primaryimage","url":"https:\/\/direktno.info\/wp-content\/uploads\/2026\/08\/com.facebook.lite_20260831030329.jpg","contentUrl":"https:\/\/direktno.info\/wp-content\/uploads\/2026\/08\/com.facebook.lite_20260831030329.jpg","width":1207,"height":757},{"@type":"BreadcrumbList","@id":"https:\/\/direktno.info\/index.php\/2026\/09\/02\/1614\/#breadcrumb","itemListElement":[{"@type":"ListItem","position":1,"name":"Po\u010detna stranica","item":"https:\/\/direktno.info\/"},{"@type":"ListItem","position":2,"name":"Ono \u0161to je D\u017dABE, prodaju vam pod &#8220;besplatno&#8221;! FZO Republike Srpske PLATIO \u0110aji\u0107eve &#8220;besplatne&#8221; preglede (FOTO + VIDEO)"}]},{"@type":"WebSite","@id":"https:\/\/direktno.info\/#website","url":"https:\/\/direktno.info\/","name":"Direktno","description":"","publisher":{"@id":"https:\/\/direktno.info\/#organization"},"potentialAction":[{"@type":"SearchAction","target":{"@type":"EntryPoint","urlTemplate":"https:\/\/direktno.info\/?s={search_term_string}"},"query-input":{"@type":"PropertyValueSpecification","valueRequired":true,"valueName":"search_term_string"}}],"inLanguage":"hr"},{"@type":"Organization","@id":"https:\/\/direktno.info\/#organization","name":"Direktno","url":"https:\/\/direktno.info\/","logo":{"@type":"ImageObject","inLanguage":"hr","@id":"https:\/\/direktno.info\/#\/schema\/logo\/image\/","url":"https:\/\/direktno.info\/wp-content\/uploads\/2026\/08\/direktno_logo_white.png","contentUrl":"https:\/\/direktno.info\/wp-content\/uploads\/2026\/08\/direktno_logo_white.png","width":1600,"height":340,"caption":"Direktno"},"image":{"@id":"https:\/\/direktno.info\/#\/schema\/logo\/image\/"},"sameAs":["https:\/\/www.facebook.com\/share\/1Jy4gXyc5u\/"]},{"@type":"Person","@id":"https:\/\/direktno.info\/#\/schema\/person\/05fbdaecab81c27dec7cc131a9b37be1","name":"Redakcija","image":{"@type":"ImageObject","inLanguage":"hr","@id":"https:\/\/secure.gravatar.com\/avatar\/ede9d7f54b6164109c0b03742da40f108052ff362d7f85a6850f3cb67bd3d495?s=96&d=mm&r=g","url":"https:\/\/secure.gravatar.com\/avatar\/ede9d7f54b6164109c0b03742da40f108052ff362d7f85a6850f3cb67bd3d495?s=96&d=mm&r=g","contentUrl":"https:\/\/secure.gravatar.com\/avatar\/ede9d7f54b6164109c0b03742da40f108052ff362d7f85a6850f3cb67bd3d495?s=96&d=mm&r=g","caption":"Redakcija"},"sameAs":["http:\/\/direktno.info"],"url":"https:\/\/direktno.info\/index.php\/author\/novinar0603\/"}]}},"_links":{"self":[{"href":"https:\/\/direktno.info\/index.php\/wp-json\/wp\/v2\/posts\/1614","targetHints":{"allow":["GET"]}}],"collection":[{"href":"https:\/\/direktno.info\/index.php\/wp-json\/wp\/v2\/posts"}],"about":[{"href":"https:\/\/direktno.info\/index.php\/wp-json\/wp\/v2\/types\/post"}],"author":[{"embeddable":true,"href":"https:\/\/direktno.info\/index.php\/wp-json\/wp\/v2\/users\/1"}],"replies":[{"embeddable":true,"href":"https:\/\/direktno.info\/index.php\/wp-json\/wp\/v2\/comments?post=1614"}],"version-history":[{"count":4,"href":"https:\/\/direktno.info\/index.php\/wp-json\/wp\/v2\/posts\/1614\/revisions"}],"predecessor-version":[{"id":1635,"href":"https:\/\/direktno.info\/index.php\/wp-json\/wp\/v2\/posts\/1614\/revisions\/1635"}],"wp:featuredmedia":[{"embeddable":true,"href":"https:\/\/direktno.info\/index.php\/wp-json\/wp\/v2\/media\/1530"}],"wp:attachment":[{"href":"https:\/\/direktno.info\/index.php\/wp-json\/wp\/v2\/media?parent=1614"}],"wp:term":[{"taxonomy":"category","embeddable":true,"href":"https:\/\/direktno.info\/index.php\/wp-json\/wp\/v2\/categories?post=1614"},{"taxonomy":"post_tag","embeddable":true,"href":"https:\/\/direktno.info\/index.php\/wp-json\/wp\/v2\/tags?post=1614"}],"curies":[{"name":"wp","href":"https:\/\/api.w.org\/{rel}","templated":true}]}}