{"id":1605,"date":"2026-09-02T17:31:16","date_gmt":"2026-09-02T17:31:16","guid":{"rendered":"https:\/\/direktno.info\/?p=1605"},"modified":"2026-09-02T17:31:17","modified_gmt":"2026-09-02T17:31:17","slug":"liste-za-djecu-iz-mjesovitih-brakova-sramota-cik-bih-pomijesao-cirilicu-i-latinicu","status":"publish","type":"post","link":"https:\/\/direktno.info\/index.php\/2026\/09\/02\/liste-za-djecu-iz-mjesovitih-brakova-sramota-cik-bih-pomijesao-cirilicu-i-latinicu\/","title":{"rendered":"Liste za djecu iz mje\u0161ovitih brakova? SRAMOTA: CiK BiH pomije\u0161ao \u0107irilicu i latinicu!"},"content":{"rendered":"\n<p class=\"wp-block-paragraph\"> <strong>U &#8220;Slu\u017ebenom glasniku Republike Srpske&#8221; objavljena je Odluka o izgledu, sadr\u017eaju, svojstvima i karakteristikama glasa\u010dkog listi\u0107a za sve nivoe neposrednih izbora u Bosni i Hercegovini <\/strong>na op\u0161tim izborima 2026. godine i ni\u0161ta ne bi bilo sporno da na kandidatskim listama nema ozbiljnih pravopisnih gre\u0161aka.<\/p>\n\n\n\n<p class=\"wp-block-paragraph\"><strong>Kandidatske liste \u0161tampaju se sa dvije jezi\u010dke varijante na latinici i \u0107irilici, me\u0111utim u samom naslovu napravljena je ozbiljna gre\u0161ka i umjesto &#8220;kandidatska lista&#8221; pi\u0161e &#8220;kandidatska \u043b\u0438\u0441\u0442\u0430&#8221;, \u0161to zna\u010di da je pomije\u0161ana latinica i \u0107irilica.<\/strong><\/p>\n\n\n\n<p class=\"wp-block-paragraph\">&#8211; <strong>To nije do nas. To je do Centralne izborne komisije. Oni su nam preko sekretarijata poslali materijal i mi na njega ne smijemo imati intervencije. Gre\u0161ku sam vidio, ali nismo smjeli intervenisati<\/strong>, rekao je za &#8220;Nezavisne novine&#8221; <strong>Milo\u0161 Luki\u0107<\/strong>, v.d. direktora &#8220;Slu\u017ebenog glasnika Republike Srpske&#8221;.<\/p>\n\n\n\n<p class=\"wp-block-paragraph\">Ina\u010de, u samom &#8220;Slu\u017ebenom glasniku&#8221; objavljeno je i detaljno uputstvo o tome kako glasati na izborima i kako \u0107e izgledati glasa\u010dki listi\u0107i za razli\u010dite nivoe vlasti. <\/p>\n\n\n\n<p class=\"wp-block-paragraph\">Tekst preuzet iz Nezavisnih novina. <\/p>\n","protected":false},"excerpt":{"rendered":"<p>U &#8220;Slu\u017ebenom glasniku Republike Srpske&#8221; objavljena je Odluka o izgledu, sadr\u017eaju, svojstvima i karakteristikama glasa\u010dkog listi\u0107a za sve<\/p>\n","protected":false},"author":1,"featured_media":1606,"comment_status":"open","ping_status":"open","sticky":false,"template":"","format":"standard","meta":{"footnotes":""},"categories":[28],"tags":[119,124,120,121,123,122],"class_list":["post-1605","post","type-post","status-publish","format-standard","has-post-thumbnail","hentry","category-politika","tag-centralna-izborna-komisija","tag-cik-bih","tag-izbori-2026","tag-milos-lukic","tag-nezavisne-novine","tag-sluzbeni-glasnik-republike-srpske"],"yoast_head":"<!-- This site is optimized with the Yoast SEO plugin v28.3 - https:\/\/yoast.com\/product\/yoast-seo-wordpress\/ -->\n<title>Liste za djecu iz mje\u0161ovitih brakova? SRAMOTA: CiK BiH pomije\u0161ao \u0107irilicu i latinicu! - Direktno<\/title>\n<meta name=\"robots\" content=\"index, follow, max-snippet:-1, max-image-preview:large, max-video-preview:-1\" \/>\n<link rel=\"canonical\" href=\"https:\/\/direktno.info\/index.php\/2026\/09\/02\/liste-za-djecu-iz-mjesovitih-brakova-sramota-cik-bih-pomijesao-cirilicu-i-latinicu\/\" \/>\n<meta property=\"og:locale\" content=\"hr_HR\" \/>\n<meta property=\"og:type\" content=\"article\" \/>\n<meta property=\"og:title\" content=\"Liste za djecu iz mje\u0161ovitih brakova? SRAMOTA: CiK BiH pomije\u0161ao \u0107irilicu i latinicu! - Direktno\" \/>\n<meta property=\"og:description\" content=\"U &#8220;Slu\u017ebenom glasniku Republike Srpske&#8221; objavljena je Odluka o izgledu, sadr\u017eaju, svojstvima i karakteristikama glasa\u010dkog listi\u0107a za sve\" \/>\n<meta property=\"og:url\" content=\"https:\/\/direktno.info\/index.php\/2026\/09\/02\/liste-za-djecu-iz-mjesovitih-brakova-sramota-cik-bih-pomijesao-cirilicu-i-latinicu\/\" \/>\n<meta property=\"og:site_name\" content=\"Direktno\" \/>\n<meta property=\"article:publisher\" content=\"https:\/\/www.facebook.com\/share\/1Jy4gXyc5u\/\" \/>\n<meta property=\"article:published_time\" content=\"2026-09-02T17:31:16+00:00\" \/>\n<meta property=\"article:modified_time\" content=\"2026-09-02T17:31:17+00:00\" \/>\n<meta property=\"og:image\" content=\"http:\/\/direktno.info\/wp-content\/uploads\/2026\/09\/Screenshot_20260902_180911_com_twitter_android_MainActivity.jpg\" \/>\n\t<meta property=\"og:image:width\" content=\"1125\" \/>\n\t<meta property=\"og:image:height\" content=\"757\" \/>\n\t<meta property=\"og:image:type\" content=\"image\/jpeg\" \/>\n<meta name=\"author\" content=\"Redakcija\" \/>\n<meta name=\"twitter:card\" content=\"summary_large_image\" \/>\n<meta name=\"twitter:label1\" content=\"Napisao\/la\" \/>\n\t<meta name=\"twitter:data1\" content=\"Redakcija\" \/>\n\t<meta name=\"twitter:label2\" content=\"Procijenjeno vrijeme \u010ditanja\" \/>\n\t<meta name=\"twitter:data2\" content=\"2 minute\" \/>\n<script type=\"application\/ld+json\" class=\"yoast-schema-graph\">{\"@context\":\"https:\\\/\\\/schema.org\",\"@graph\":[{\"@type\":\"Article\",\"@id\":\"https:\\\/\\\/direktno.info\\\/index.php\\\/2026\\\/09\\\/02\\\/liste-za-djecu-iz-mjesovitih-brakova-sramota-cik-bih-pomijesao-cirilicu-i-latinicu\\\/#article\",\"isPartOf\":{\"@id\":\"https:\\\/\\\/direktno.info\\\/index.php\\\/2026\\\/09\\\/02\\\/liste-za-djecu-iz-mjesovitih-brakova-sramota-cik-bih-pomijesao-cirilicu-i-latinicu\\\/\"},\"author\":{\"name\":\"Redakcija\",\"@id\":\"https:\\\/\\\/direktno.info\\\/#\\\/schema\\\/person\\\/05fbdaecab81c27dec7cc131a9b37be1\"},\"headline\":\"Liste za djecu iz mje\u0161ovitih brakova? SRAMOTA: CiK BiH pomije\u0161ao \u0107irilicu i latinicu!\",\"datePublished\":\"2026-09-02T17:31:16+00:00\",\"dateModified\":\"2026-09-02T17:31:17+00:00\",\"mainEntityOfPage\":{\"@id\":\"https:\\\/\\\/direktno.info\\\/index.php\\\/2026\\\/09\\\/02\\\/liste-za-djecu-iz-mjesovitih-brakova-sramota-cik-bih-pomijesao-cirilicu-i-latinicu\\\/\"},\"wordCount\":192,\"commentCount\":0,\"publisher\":{\"@id\":\"https:\\\/\\\/direktno.info\\\/#organization\"},\"image\":{\"@id\":\"https:\\\/\\\/direktno.info\\\/index.php\\\/2026\\\/09\\\/02\\\/liste-za-djecu-iz-mjesovitih-brakova-sramota-cik-bih-pomijesao-cirilicu-i-latinicu\\\/#primaryimage\"},\"thumbnailUrl\":\"https:\\\/\\\/direktno.info\\\/wp-content\\\/uploads\\\/2026\\\/09\\\/Screenshot_20260902_180911_com_twitter_android_MainActivity.jpg\",\"keywords\":[\"Centralna izborna komisija\",\"Cik bih\",\"Izbori 2026\",\"Milo\u0161 Luki\u0107\",\"Nezavisne novine\",\"Slu\u017ebeni glasnik Republike Srpske\"],\"articleSection\":[\"Politika\"],\"inLanguage\":\"hr\",\"potentialAction\":[{\"@type\":\"CommentAction\",\"name\":\"Comment\",\"target\":[\"https:\\\/\\\/direktno.info\\\/index.php\\\/2026\\\/09\\\/02\\\/liste-za-djecu-iz-mjesovitih-brakova-sramota-cik-bih-pomijesao-cirilicu-i-latinicu\\\/#respond\"]}]},{\"@type\":\"WebPage\",\"@id\":\"https:\\\/\\\/direktno.info\\\/index.php\\\/2026\\\/09\\\/02\\\/liste-za-djecu-iz-mjesovitih-brakova-sramota-cik-bih-pomijesao-cirilicu-i-latinicu\\\/\",\"url\":\"https:\\\/\\\/direktno.info\\\/index.php\\\/2026\\\/09\\\/02\\\/liste-za-djecu-iz-mjesovitih-brakova-sramota-cik-bih-pomijesao-cirilicu-i-latinicu\\\/\",\"name\":\"Liste za djecu iz mje\u0161ovitih brakova? SRAMOTA: CiK BiH pomije\u0161ao \u0107irilicu i latinicu! - Direktno\",\"isPartOf\":{\"@id\":\"https:\\\/\\\/direktno.info\\\/#website\"},\"primaryImageOfPage\":{\"@id\":\"https:\\\/\\\/direktno.info\\\/index.php\\\/2026\\\/09\\\/02\\\/liste-za-djecu-iz-mjesovitih-brakova-sramota-cik-bih-pomijesao-cirilicu-i-latinicu\\\/#primaryimage\"},\"image\":{\"@id\":\"https:\\\/\\\/direktno.info\\\/index.php\\\/2026\\\/09\\\/02\\\/liste-za-djecu-iz-mjesovitih-brakova-sramota-cik-bih-pomijesao-cirilicu-i-latinicu\\\/#primaryimage\"},\"thumbnailUrl\":\"https:\\\/\\\/direktno.info\\\/wp-content\\\/uploads\\\/2026\\\/09\\\/Screenshot_20260902_180911_com_twitter_android_MainActivity.jpg\",\"datePublished\":\"2026-09-02T17:31:16+00:00\",\"dateModified\":\"2026-09-02T17:31:17+00:00\",\"breadcrumb\":{\"@id\":\"https:\\\/\\\/direktno.info\\\/index.php\\\/2026\\\/09\\\/02\\\/liste-za-djecu-iz-mjesovitih-brakova-sramota-cik-bih-pomijesao-cirilicu-i-latinicu\\\/#breadcrumb\"},\"inLanguage\":\"hr\",\"potentialAction\":[{\"@type\":\"ReadAction\",\"target\":[\"https:\\\/\\\/direktno.info\\\/index.php\\\/2026\\\/09\\\/02\\\/liste-za-djecu-iz-mjesovitih-brakova-sramota-cik-bih-pomijesao-cirilicu-i-latinicu\\\/\"]}]},{\"@type\":\"ImageObject\",\"inLanguage\":\"hr\",\"@id\":\"https:\\\/\\\/direktno.info\\\/index.php\\\/2026\\\/09\\\/02\\\/liste-za-djecu-iz-mjesovitih-brakova-sramota-cik-bih-pomijesao-cirilicu-i-latinicu\\\/#primaryimage\",\"url\":\"https:\\\/\\\/direktno.info\\\/wp-content\\\/uploads\\\/2026\\\/09\\\/Screenshot_20260902_180911_com_twitter_android_MainActivity.jpg\",\"contentUrl\":\"https:\\\/\\\/direktno.info\\\/wp-content\\\/uploads\\\/2026\\\/09\\\/Screenshot_20260902_180911_com_twitter_android_MainActivity.jpg\",\"width\":1125,\"height\":757},{\"@type\":\"BreadcrumbList\",\"@id\":\"https:\\\/\\\/direktno.info\\\/index.php\\\/2026\\\/09\\\/02\\\/liste-za-djecu-iz-mjesovitih-brakova-sramota-cik-bih-pomijesao-cirilicu-i-latinicu\\\/#breadcrumb\",\"itemListElement\":[{\"@type\":\"ListItem\",\"position\":1,\"name\":\"Po\u010detna stranica\",\"item\":\"https:\\\/\\\/direktno.info\\\/\"},{\"@type\":\"ListItem\",\"position\":2,\"name\":\"Liste za djecu iz mje\u0161ovitih brakova? SRAMOTA: CiK BiH pomije\u0161ao \u0107irilicu i latinicu!\"}]},{\"@type\":\"WebSite\",\"@id\":\"https:\\\/\\\/direktno.info\\\/#website\",\"url\":\"https:\\\/\\\/direktno.info\\\/\",\"name\":\"Direktno\",\"description\":\"\",\"publisher\":{\"@id\":\"https:\\\/\\\/direktno.info\\\/#organization\"},\"potentialAction\":[{\"@type\":\"SearchAction\",\"target\":{\"@type\":\"EntryPoint\",\"urlTemplate\":\"https:\\\/\\\/direktno.info\\\/?s={search_term_string}\"},\"query-input\":{\"@type\":\"PropertyValueSpecification\",\"valueRequired\":true,\"valueName\":\"search_term_string\"}}],\"inLanguage\":\"hr\"},{\"@type\":\"Organization\",\"@id\":\"https:\\\/\\\/direktno.info\\\/#organization\",\"name\":\"Direktno\",\"url\":\"https:\\\/\\\/direktno.info\\\/\",\"logo\":{\"@type\":\"ImageObject\",\"inLanguage\":\"hr\",\"@id\":\"https:\\\/\\\/direktno.info\\\/#\\\/schema\\\/logo\\\/image\\\/\",\"url\":\"https:\\\/\\\/direktno.info\\\/wp-content\\\/uploads\\\/2026\\\/08\\\/direktno_logo_white.png\",\"contentUrl\":\"https:\\\/\\\/direktno.info\\\/wp-content\\\/uploads\\\/2026\\\/08\\\/direktno_logo_white.png\",\"width\":1600,\"height\":340,\"caption\":\"Direktno\"},\"image\":{\"@id\":\"https:\\\/\\\/direktno.info\\\/#\\\/schema\\\/logo\\\/image\\\/\"},\"sameAs\":[\"https:\\\/\\\/www.facebook.com\\\/share\\\/1Jy4gXyc5u\\\/\"]},{\"@type\":\"Person\",\"@id\":\"https:\\\/\\\/direktno.info\\\/#\\\/schema\\\/person\\\/05fbdaecab81c27dec7cc131a9b37be1\",\"name\":\"Redakcija\",\"image\":{\"@type\":\"ImageObject\",\"inLanguage\":\"hr\",\"@id\":\"https:\\\/\\\/secure.gravatar.com\\\/avatar\\\/ede9d7f54b6164109c0b03742da40f108052ff362d7f85a6850f3cb67bd3d495?s=96&d=mm&r=g\",\"url\":\"https:\\\/\\\/secure.gravatar.com\\\/avatar\\\/ede9d7f54b6164109c0b03742da40f108052ff362d7f85a6850f3cb67bd3d495?s=96&d=mm&r=g\",\"contentUrl\":\"https:\\\/\\\/secure.gravatar.com\\\/avatar\\\/ede9d7f54b6164109c0b03742da40f108052ff362d7f85a6850f3cb67bd3d495?s=96&d=mm&r=g\",\"caption\":\"Redakcija\"},\"sameAs\":[\"http:\\\/\\\/direktno.info\"],\"url\":\"https:\\\/\\\/direktno.info\\\/index.php\\\/author\\\/novinar0603\\\/\"}]}<\/script>\n<!-- \/ Yoast SEO plugin. -->","yoast_head_json":{"title":"Liste za djecu iz mje\u0161ovitih brakova? SRAMOTA: CiK BiH pomije\u0161ao \u0107irilicu i latinicu! - Direktno","robots":{"index":"index","follow":"follow","max-snippet":"max-snippet:-1","max-image-preview":"max-image-preview:large","max-video-preview":"max-video-preview:-1"},"canonical":"https:\/\/direktno.info\/index.php\/2026\/09\/02\/liste-za-djecu-iz-mjesovitih-brakova-sramota-cik-bih-pomijesao-cirilicu-i-latinicu\/","og_locale":"hr_HR","og_type":"article","og_title":"Liste za djecu iz mje\u0161ovitih brakova? SRAMOTA: CiK BiH pomije\u0161ao \u0107irilicu i latinicu! - Direktno","og_description":"U &#8220;Slu\u017ebenom glasniku Republike Srpske&#8221; objavljena je Odluka o izgledu, sadr\u017eaju, svojstvima i karakteristikama glasa\u010dkog listi\u0107a za sve","og_url":"https:\/\/direktno.info\/index.php\/2026\/09\/02\/liste-za-djecu-iz-mjesovitih-brakova-sramota-cik-bih-pomijesao-cirilicu-i-latinicu\/","og_site_name":"Direktno","article_publisher":"https:\/\/www.facebook.com\/share\/1Jy4gXyc5u\/","article_published_time":"2026-09-02T17:31:16+00:00","article_modified_time":"2026-09-02T17:31:17+00:00","og_image":[{"width":1125,"height":757,"url":"http:\/\/direktno.info\/wp-content\/uploads\/2026\/09\/Screenshot_20260902_180911_com_twitter_android_MainActivity.jpg","type":"image\/jpeg"}],"author":"Redakcija","twitter_card":"summary_large_image","twitter_misc":{"Napisao\/la":"Redakcija","Procijenjeno vrijeme \u010ditanja":"2 minute"},"schema":{"@context":"https:\/\/schema.org","@graph":[{"@type":"Article","@id":"https:\/\/direktno.info\/index.php\/2026\/09\/02\/liste-za-djecu-iz-mjesovitih-brakova-sramota-cik-bih-pomijesao-cirilicu-i-latinicu\/#article","isPartOf":{"@id":"https:\/\/direktno.info\/index.php\/2026\/09\/02\/liste-za-djecu-iz-mjesovitih-brakova-sramota-cik-bih-pomijesao-cirilicu-i-latinicu\/"},"author":{"name":"Redakcija","@id":"https:\/\/direktno.info\/#\/schema\/person\/05fbdaecab81c27dec7cc131a9b37be1"},"headline":"Liste za djecu iz mje\u0161ovitih brakova? SRAMOTA: CiK BiH pomije\u0161ao \u0107irilicu i latinicu!","datePublished":"2026-09-02T17:31:16+00:00","dateModified":"2026-09-02T17:31:17+00:00","mainEntityOfPage":{"@id":"https:\/\/direktno.info\/index.php\/2026\/09\/02\/liste-za-djecu-iz-mjesovitih-brakova-sramota-cik-bih-pomijesao-cirilicu-i-latinicu\/"},"wordCount":192,"commentCount":0,"publisher":{"@id":"https:\/\/direktno.info\/#organization"},"image":{"@id":"https:\/\/direktno.info\/index.php\/2026\/09\/02\/liste-za-djecu-iz-mjesovitih-brakova-sramota-cik-bih-pomijesao-cirilicu-i-latinicu\/#primaryimage"},"thumbnailUrl":"https:\/\/direktno.info\/wp-content\/uploads\/2026\/09\/Screenshot_20260902_180911_com_twitter_android_MainActivity.jpg","keywords":["Centralna izborna komisija","Cik bih","Izbori 2026","Milo\u0161 Luki\u0107","Nezavisne novine","Slu\u017ebeni glasnik Republike Srpske"],"articleSection":["Politika"],"inLanguage":"hr","potentialAction":[{"@type":"CommentAction","name":"Comment","target":["https:\/\/direktno.info\/index.php\/2026\/09\/02\/liste-za-djecu-iz-mjesovitih-brakova-sramota-cik-bih-pomijesao-cirilicu-i-latinicu\/#respond"]}]},{"@type":"WebPage","@id":"https:\/\/direktno.info\/index.php\/2026\/09\/02\/liste-za-djecu-iz-mjesovitih-brakova-sramota-cik-bih-pomijesao-cirilicu-i-latinicu\/","url":"https:\/\/direktno.info\/index.php\/2026\/09\/02\/liste-za-djecu-iz-mjesovitih-brakova-sramota-cik-bih-pomijesao-cirilicu-i-latinicu\/","name":"Liste za djecu iz mje\u0161ovitih brakova? SRAMOTA: CiK BiH pomije\u0161ao \u0107irilicu i latinicu! - Direktno","isPartOf":{"@id":"https:\/\/direktno.info\/#website"},"primaryImageOfPage":{"@id":"https:\/\/direktno.info\/index.php\/2026\/09\/02\/liste-za-djecu-iz-mjesovitih-brakova-sramota-cik-bih-pomijesao-cirilicu-i-latinicu\/#primaryimage"},"image":{"@id":"https:\/\/direktno.info\/index.php\/2026\/09\/02\/liste-za-djecu-iz-mjesovitih-brakova-sramota-cik-bih-pomijesao-cirilicu-i-latinicu\/#primaryimage"},"thumbnailUrl":"https:\/\/direktno.info\/wp-content\/uploads\/2026\/09\/Screenshot_20260902_180911_com_twitter_android_MainActivity.jpg","datePublished":"2026-09-02T17:31:16+00:00","dateModified":"2026-09-02T17:31:17+00:00","breadcrumb":{"@id":"https:\/\/direktno.info\/index.php\/2026\/09\/02\/liste-za-djecu-iz-mjesovitih-brakova-sramota-cik-bih-pomijesao-cirilicu-i-latinicu\/#breadcrumb"},"inLanguage":"hr","potentialAction":[{"@type":"ReadAction","target":["https:\/\/direktno.info\/index.php\/2026\/09\/02\/liste-za-djecu-iz-mjesovitih-brakova-sramota-cik-bih-pomijesao-cirilicu-i-latinicu\/"]}]},{"@type":"ImageObject","inLanguage":"hr","@id":"https:\/\/direktno.info\/index.php\/2026\/09\/02\/liste-za-djecu-iz-mjesovitih-brakova-sramota-cik-bih-pomijesao-cirilicu-i-latinicu\/#primaryimage","url":"https:\/\/direktno.info\/wp-content\/uploads\/2026\/09\/Screenshot_20260902_180911_com_twitter_android_MainActivity.jpg","contentUrl":"https:\/\/direktno.info\/wp-content\/uploads\/2026\/09\/Screenshot_20260902_180911_com_twitter_android_MainActivity.jpg","width":1125,"height":757},{"@type":"BreadcrumbList","@id":"https:\/\/direktno.info\/index.php\/2026\/09\/02\/liste-za-djecu-iz-mjesovitih-brakova-sramota-cik-bih-pomijesao-cirilicu-i-latinicu\/#breadcrumb","itemListElement":[{"@type":"ListItem","position":1,"name":"Po\u010detna stranica","item":"https:\/\/direktno.info\/"},{"@type":"ListItem","position":2,"name":"Liste za djecu iz mje\u0161ovitih brakova? SRAMOTA: CiK BiH pomije\u0161ao \u0107irilicu i latinicu!"}]},{"@type":"WebSite","@id":"https:\/\/direktno.info\/#website","url":"https:\/\/direktno.info\/","name":"Direktno","description":"","publisher":{"@id":"https:\/\/direktno.info\/#organization"},"potentialAction":[{"@type":"SearchAction","target":{"@type":"EntryPoint","urlTemplate":"https:\/\/direktno.info\/?s={search_term_string}"},"query-input":{"@type":"PropertyValueSpecification","valueRequired":true,"valueName":"search_term_string"}}],"inLanguage":"hr"},{"@type":"Organization","@id":"https:\/\/direktno.info\/#organization","name":"Direktno","url":"https:\/\/direktno.info\/","logo":{"@type":"ImageObject","inLanguage":"hr","@id":"https:\/\/direktno.info\/#\/schema\/logo\/image\/","url":"https:\/\/direktno.info\/wp-content\/uploads\/2026\/08\/direktno_logo_white.png","contentUrl":"https:\/\/direktno.info\/wp-content\/uploads\/2026\/08\/direktno_logo_white.png","width":1600,"height":340,"caption":"Direktno"},"image":{"@id":"https:\/\/direktno.info\/#\/schema\/logo\/image\/"},"sameAs":["https:\/\/www.facebook.com\/share\/1Jy4gXyc5u\/"]},{"@type":"Person","@id":"https:\/\/direktno.info\/#\/schema\/person\/05fbdaecab81c27dec7cc131a9b37be1","name":"Redakcija","image":{"@type":"ImageObject","inLanguage":"hr","@id":"https:\/\/secure.gravatar.com\/avatar\/ede9d7f54b6164109c0b03742da40f108052ff362d7f85a6850f3cb67bd3d495?s=96&d=mm&r=g","url":"https:\/\/secure.gravatar.com\/avatar\/ede9d7f54b6164109c0b03742da40f108052ff362d7f85a6850f3cb67bd3d495?s=96&d=mm&r=g","contentUrl":"https:\/\/secure.gravatar.com\/avatar\/ede9d7f54b6164109c0b03742da40f108052ff362d7f85a6850f3cb67bd3d495?s=96&d=mm&r=g","caption":"Redakcija"},"sameAs":["http:\/\/direktno.info"],"url":"https:\/\/direktno.info\/index.php\/author\/novinar0603\/"}]}},"_links":{"self":[{"href":"https:\/\/direktno.info\/index.php\/wp-json\/wp\/v2\/posts\/1605","targetHints":{"allow":["GET"]}}],"collection":[{"href":"https:\/\/direktno.info\/index.php\/wp-json\/wp\/v2\/posts"}],"about":[{"href":"https:\/\/direktno.info\/index.php\/wp-json\/wp\/v2\/types\/post"}],"author":[{"embeddable":true,"href":"https:\/\/direktno.info\/index.php\/wp-json\/wp\/v2\/users\/1"}],"replies":[{"embeddable":true,"href":"https:\/\/direktno.info\/index.php\/wp-json\/wp\/v2\/comments?post=1605"}],"version-history":[{"count":1,"href":"https:\/\/direktno.info\/index.php\/wp-json\/wp\/v2\/posts\/1605\/revisions"}],"predecessor-version":[{"id":1607,"href":"https:\/\/direktno.info\/index.php\/wp-json\/wp\/v2\/posts\/1605\/revisions\/1607"}],"wp:featuredmedia":[{"embeddable":true,"href":"https:\/\/direktno.info\/index.php\/wp-json\/wp\/v2\/media\/1606"}],"wp:attachment":[{"href":"https:\/\/direktno.info\/index.php\/wp-json\/wp\/v2\/media?parent=1605"}],"wp:term":[{"taxonomy":"category","embeddable":true,"href":"https:\/\/direktno.info\/index.php\/wp-json\/wp\/v2\/categories?post=1605"},{"taxonomy":"post_tag","embeddable":true,"href":"https:\/\/direktno.info\/index.php\/wp-json\/wp\/v2\/tags?post=1605"}],"curies":[{"name":"wp","href":"https:\/\/api.w.org\/{rel}","templated":true}]}}