{"id":1597,"date":"2026-09-02T15:46:08","date_gmt":"2026-09-02T15:46:08","guid":{"rendered":"https:\/\/direktno.info\/?p=1597"},"modified":"2026-09-02T15:46:10","modified_gmt":"2026-09-02T15:46:10","slug":"zbog-ove-slike-nevesinjac-parovic-je-dobio-otkaz","status":"publish","type":"post","link":"https:\/\/direktno.info\/index.php\/2026\/09\/02\/zbog-ove-slike-nevesinjac-parovic-je-dobio-otkaz\/","title":{"rendered":"Zbog ove slike Nevesinjac Parovi\u0107 je dobio otkaz!"},"content":{"rendered":"\n<p class=\"wp-block-paragraph\"><strong>Agencija za obezbje\u0111enje &#8220;Sek van&#8221; (Sec one) otpustila je Nevesinjca Milenka Parovi\u0107a sa radnog mjesta u Mostaru, nakon \u0161to je na dru\u0161tvenim mre\u017eama objavio fotografiju generala Ratka Mladi\u0107a.<\/strong><\/p>\n\n\n\n<p class=\"wp-block-paragraph\">Hajka na Parovi\u0107a krenula je kada je stranica &#8220;Za\u0161titari BiH\/Novosti\/Konkursi&#8221; na &#8220;Fejsbuku&#8221; zatra\u017eila reakciju njegovog poslodavca nakon \u0161to je objavio fotografiju generala Mladi\u0107a.<\/p>\n\n\n\n<p class=\"wp-block-paragraph\">Parovi\u0107 je rekao da su ga ju\u010de kontaktirali i ponudili mu sporazumni raskid radnog odnosa zbog objave na dru\u0161tvenim mre\u017eama.<\/p>\n\n\n\n<p class=\"wp-block-paragraph\">&#8211; Podijelio sam fotografiju generala Mladi\u0107a i njegove pokojne k\u0107erke, jer me dirnula kao oca, bez namjere da vrije\u0111am bilo \u010dije \u017ertve, naveo je <strong>Parovi\u0107<\/strong>, isti\u010du\u0107i da objavom nije \u017eelio nikoga da vrije\u0111a.<\/p>\n\n\n\n<p class=\"wp-block-paragraph\"><strong>On je naglasio da je nakon objave uslijedila hajka protiv njega, navode\u0107i da je dobio veliki broj gnusnih uvreda i prijetnji.<\/strong><\/p>\n\n\n\n<p class=\"wp-block-paragraph\">&#8211; <strong>Objavili su moju sliku sa &#8220;Fejsbuka&#8221;, poveli hajku na dru\u0161tvenim mre\u017eama, stavili su mi metu na \u010delo. Imam poruke u kojima vrije\u0111aju moju majku, k\u0107erku, psuju \u010detni\u010dku majku. Prijete mi i u komentarima<\/strong>, rekao je Parovi\u0107.<\/p>\n\n\n\n<p class=\"wp-block-paragraph\">Iz Uprave &#8220;Sek uan&#8221; potvr\u0111eno je da Parovi\u0107 vi\u0161e nije anga\u017eovan na poslovima u toj agenciji.<\/p>\n\n\n\n<p class=\"wp-block-paragraph\">&#8211; <strong>Ovim putem vas informi\u0161emo da navedeni Milenko Parovi\u0107 od ju\u010de nije anga\u017eovan na radnim zadacima u Agenciji &#8220;Sek uan&#8221;. Njegov status zaposlenika prestaje nakon isteka zakonom propisanog otkaznog roka od 15 dana<\/strong>, naveli su iz Uprave.<\/p>\n\n\n\n<p class=\"wp-block-paragraph\">Iz Agencije su poru\u010dili da u svom poslovanju primjenjuju visoke eti\u010dke standarde, te da po\u0161tuju zakone BiH, me\u0111unarodne propise i odluke nadle\u017enih institucija.Agencija za obezbje\u0111enje &#8220;Sek uan&#8221; posluje \u0161irom BiH, kao i u Republici Srpskoj, a ve\u0107inski vlasnici su <strong>Mirsad \u0106ati\u0107 i Emir Spahi\u0107.<\/strong><\/p>\n\n\n\n<figure class=\"wp-block-gallery has-nested-images columns-default is-cropped wp-block-gallery-1 is-layout-flex wp-block-gallery-is-layout-flex\">\n<figure class=\"wp-block-image size-large\"><img loading=\"lazy\" decoding=\"async\" width=\"969\" height=\"1024\" data-id=\"1599\" src=\"https:\/\/direktno.info\/wp-content\/uploads\/2026\/09\/69872-969x1024.jpg\" alt=\"\" class=\"wp-image-1599\" srcset=\"https:\/\/direktno.info\/wp-content\/uploads\/2026\/09\/69872-969x1024.jpg 969w, https:\/\/direktno.info\/wp-content\/uploads\/2026\/09\/69872-284x300.jpg 284w, https:\/\/direktno.info\/wp-content\/uploads\/2026\/09\/69872-767x811.jpg 767w, https:\/\/direktno.info\/wp-content\/uploads\/2026\/09\/69872.jpg 1280w\" sizes=\"auto, (max-width: 969px) 100vw, 969px\" \/><\/figure>\n\n\n\n<figure class=\"wp-block-image size-large\"><img loading=\"lazy\" decoding=\"async\" width=\"1024\" height=\"740\" data-id=\"1598\" src=\"https:\/\/direktno.info\/wp-content\/uploads\/2026\/09\/69870-1024x740.jpg\" alt=\"\" class=\"wp-image-1598\" srcset=\"https:\/\/direktno.info\/wp-content\/uploads\/2026\/09\/69870-1024x740.jpg 1024w, https:\/\/direktno.info\/wp-content\/uploads\/2026\/09\/69870-300x217.jpg 300w, https:\/\/direktno.info\/wp-content\/uploads\/2026\/09\/69870-768x555.jpg 768w, https:\/\/direktno.info\/wp-content\/uploads\/2026\/09\/69870.jpg 1280w\" sizes=\"auto, (max-width: 1024px) 100vw, 1024px\" \/><\/figure>\n<\/figure>\n","protected":false},"excerpt":{"rendered":"<p>Agencija za obezbje\u0111enje &#8220;Sek van&#8221; (Sec one) otpustila je Nevesinjca Milenka Parovi\u0107a sa radnog mjesta u Mostaru, nakon<\/p>\n","protected":false},"author":1,"featured_media":1459,"comment_status":"open","ping_status":"open","sticky":false,"template":"","format":"standard","meta":{"footnotes":""},"categories":[35],"tags":[114,112,115,40,116,113],"class_list":["post-1597","post","type-post","status-publish","format-standard","has-post-thumbnail","hentry","category-drustvo","tag-ana-mladic","tag-milenko-parovic","tag-nevesinje","tag-ratko-mladic","tag-sarajevo","tag-sec-one"],"yoast_head":"<!-- This site is optimized with the Yoast SEO plugin v28.3 - https:\/\/yoast.com\/product\/yoast-seo-wordpress\/ -->\n<title>Zbog ove slike Nevesinjac Parovi\u0107 je dobio otkaz! - Direktno<\/title>\n<meta name=\"robots\" content=\"index, follow, max-snippet:-1, max-image-preview:large, max-video-preview:-1\" \/>\n<link rel=\"canonical\" href=\"https:\/\/direktno.info\/index.php\/2026\/09\/02\/zbog-ove-slike-nevesinjac-parovic-je-dobio-otkaz\/\" \/>\n<meta property=\"og:locale\" content=\"hr_HR\" \/>\n<meta property=\"og:type\" content=\"article\" \/>\n<meta property=\"og:title\" content=\"Zbog ove slike Nevesinjac Parovi\u0107 je dobio otkaz! - Direktno\" \/>\n<meta property=\"og:description\" content=\"Agencija za obezbje\u0111enje &#8220;Sek van&#8221; (Sec one) otpustila je Nevesinjca Milenka Parovi\u0107a sa radnog mjesta u Mostaru, nakon\" \/>\n<meta property=\"og:url\" content=\"https:\/\/direktno.info\/index.php\/2026\/09\/02\/zbog-ove-slike-nevesinjac-parovic-je-dobio-otkaz\/\" \/>\n<meta property=\"og:site_name\" content=\"Direktno\" \/>\n<meta property=\"article:publisher\" content=\"https:\/\/www.facebook.com\/share\/1Jy4gXyc5u\/\" \/>\n<meta property=\"article:published_time\" content=\"2026-09-02T15:46:08+00:00\" \/>\n<meta property=\"article:modified_time\" content=\"2026-09-02T15:46:10+00:00\" \/>\n<meta property=\"og:image\" content=\"http:\/\/direktno.info\/wp-content\/uploads\/2026\/08\/2e277eac312f217d70a2-1.jpeg\" \/>\n\t<meta property=\"og:image:width\" content=\"740\" \/>\n\t<meta property=\"og:image:height\" content=\"416\" \/>\n\t<meta property=\"og:image:type\" content=\"image\/jpeg\" \/>\n<meta name=\"author\" content=\"Redakcija\" \/>\n<meta name=\"twitter:card\" content=\"summary_large_image\" \/>\n<meta name=\"twitter:label1\" content=\"Napisao\/la\" \/>\n\t<meta name=\"twitter:data1\" content=\"Redakcija\" \/>\n\t<meta name=\"twitter:label2\" content=\"Procijenjeno vrijeme \u010ditanja\" \/>\n\t<meta name=\"twitter:data2\" content=\"2 minute\" \/>\n<script type=\"application\/ld+json\" class=\"yoast-schema-graph\">{\"@context\":\"https:\\\/\\\/schema.org\",\"@graph\":[{\"@type\":\"Article\",\"@id\":\"https:\\\/\\\/direktno.info\\\/index.php\\\/2026\\\/09\\\/02\\\/zbog-ove-slike-nevesinjac-parovic-je-dobio-otkaz\\\/#article\",\"isPartOf\":{\"@id\":\"https:\\\/\\\/direktno.info\\\/index.php\\\/2026\\\/09\\\/02\\\/zbog-ove-slike-nevesinjac-parovic-je-dobio-otkaz\\\/\"},\"author\":{\"name\":\"Redakcija\",\"@id\":\"https:\\\/\\\/direktno.info\\\/#\\\/schema\\\/person\\\/05fbdaecab81c27dec7cc131a9b37be1\"},\"headline\":\"Zbog ove slike Nevesinjac Parovi\u0107 je dobio otkaz!\",\"datePublished\":\"2026-09-02T15:46:08+00:00\",\"dateModified\":\"2026-09-02T15:46:10+00:00\",\"mainEntityOfPage\":{\"@id\":\"https:\\\/\\\/direktno.info\\\/index.php\\\/2026\\\/09\\\/02\\\/zbog-ove-slike-nevesinjac-parovic-je-dobio-otkaz\\\/\"},\"wordCount\":306,\"commentCount\":0,\"publisher\":{\"@id\":\"https:\\\/\\\/direktno.info\\\/#organization\"},\"image\":{\"@id\":\"https:\\\/\\\/direktno.info\\\/index.php\\\/2026\\\/09\\\/02\\\/zbog-ove-slike-nevesinjac-parovic-je-dobio-otkaz\\\/#primaryimage\"},\"thumbnailUrl\":\"https:\\\/\\\/direktno.info\\\/wp-content\\\/uploads\\\/2026\\\/08\\\/2e277eac312f217d70a2-1.jpeg\",\"keywords\":[\"Ana Mladi\u0107\",\"Milenko Parovi\u0107\",\"Nevesinje\",\"Ratko Mladi\u0107\",\"Sarajevo\",\"Sec one\"],\"articleSection\":[\"Dru\u0161tvo\"],\"inLanguage\":\"hr\",\"potentialAction\":[{\"@type\":\"CommentAction\",\"name\":\"Comment\",\"target\":[\"https:\\\/\\\/direktno.info\\\/index.php\\\/2026\\\/09\\\/02\\\/zbog-ove-slike-nevesinjac-parovic-je-dobio-otkaz\\\/#respond\"]}]},{\"@type\":\"WebPage\",\"@id\":\"https:\\\/\\\/direktno.info\\\/index.php\\\/2026\\\/09\\\/02\\\/zbog-ove-slike-nevesinjac-parovic-je-dobio-otkaz\\\/\",\"url\":\"https:\\\/\\\/direktno.info\\\/index.php\\\/2026\\\/09\\\/02\\\/zbog-ove-slike-nevesinjac-parovic-je-dobio-otkaz\\\/\",\"name\":\"Zbog ove slike Nevesinjac Parovi\u0107 je dobio otkaz! - Direktno\",\"isPartOf\":{\"@id\":\"https:\\\/\\\/direktno.info\\\/#website\"},\"primaryImageOfPage\":{\"@id\":\"https:\\\/\\\/direktno.info\\\/index.php\\\/2026\\\/09\\\/02\\\/zbog-ove-slike-nevesinjac-parovic-je-dobio-otkaz\\\/#primaryimage\"},\"image\":{\"@id\":\"https:\\\/\\\/direktno.info\\\/index.php\\\/2026\\\/09\\\/02\\\/zbog-ove-slike-nevesinjac-parovic-je-dobio-otkaz\\\/#primaryimage\"},\"thumbnailUrl\":\"https:\\\/\\\/direktno.info\\\/wp-content\\\/uploads\\\/2026\\\/08\\\/2e277eac312f217d70a2-1.jpeg\",\"datePublished\":\"2026-09-02T15:46:08+00:00\",\"dateModified\":\"2026-09-02T15:46:10+00:00\",\"breadcrumb\":{\"@id\":\"https:\\\/\\\/direktno.info\\\/index.php\\\/2026\\\/09\\\/02\\\/zbog-ove-slike-nevesinjac-parovic-je-dobio-otkaz\\\/#breadcrumb\"},\"inLanguage\":\"hr\",\"potentialAction\":[{\"@type\":\"ReadAction\",\"target\":[\"https:\\\/\\\/direktno.info\\\/index.php\\\/2026\\\/09\\\/02\\\/zbog-ove-slike-nevesinjac-parovic-je-dobio-otkaz\\\/\"]}]},{\"@type\":\"ImageObject\",\"inLanguage\":\"hr\",\"@id\":\"https:\\\/\\\/direktno.info\\\/index.php\\\/2026\\\/09\\\/02\\\/zbog-ove-slike-nevesinjac-parovic-je-dobio-otkaz\\\/#primaryimage\",\"url\":\"https:\\\/\\\/direktno.info\\\/wp-content\\\/uploads\\\/2026\\\/08\\\/2e277eac312f217d70a2-1.jpeg\",\"contentUrl\":\"https:\\\/\\\/direktno.info\\\/wp-content\\\/uploads\\\/2026\\\/08\\\/2e277eac312f217d70a2-1.jpeg\",\"width\":740,\"height\":416},{\"@type\":\"BreadcrumbList\",\"@id\":\"https:\\\/\\\/direktno.info\\\/index.php\\\/2026\\\/09\\\/02\\\/zbog-ove-slike-nevesinjac-parovic-je-dobio-otkaz\\\/#breadcrumb\",\"itemListElement\":[{\"@type\":\"ListItem\",\"position\":1,\"name\":\"Po\u010detna stranica\",\"item\":\"https:\\\/\\\/direktno.info\\\/\"},{\"@type\":\"ListItem\",\"position\":2,\"name\":\"Zbog ove slike Nevesinjac Parovi\u0107 je dobio otkaz!\"}]},{\"@type\":\"WebSite\",\"@id\":\"https:\\\/\\\/direktno.info\\\/#website\",\"url\":\"https:\\\/\\\/direktno.info\\\/\",\"name\":\"Direktno\",\"description\":\"\",\"publisher\":{\"@id\":\"https:\\\/\\\/direktno.info\\\/#organization\"},\"potentialAction\":[{\"@type\":\"SearchAction\",\"target\":{\"@type\":\"EntryPoint\",\"urlTemplate\":\"https:\\\/\\\/direktno.info\\\/?s={search_term_string}\"},\"query-input\":{\"@type\":\"PropertyValueSpecification\",\"valueRequired\":true,\"valueName\":\"search_term_string\"}}],\"inLanguage\":\"hr\"},{\"@type\":\"Organization\",\"@id\":\"https:\\\/\\\/direktno.info\\\/#organization\",\"name\":\"Direktno\",\"url\":\"https:\\\/\\\/direktno.info\\\/\",\"logo\":{\"@type\":\"ImageObject\",\"inLanguage\":\"hr\",\"@id\":\"https:\\\/\\\/direktno.info\\\/#\\\/schema\\\/logo\\\/image\\\/\",\"url\":\"https:\\\/\\\/direktno.info\\\/wp-content\\\/uploads\\\/2026\\\/08\\\/direktno_logo_white.png\",\"contentUrl\":\"https:\\\/\\\/direktno.info\\\/wp-content\\\/uploads\\\/2026\\\/08\\\/direktno_logo_white.png\",\"width\":1600,\"height\":340,\"caption\":\"Direktno\"},\"image\":{\"@id\":\"https:\\\/\\\/direktno.info\\\/#\\\/schema\\\/logo\\\/image\\\/\"},\"sameAs\":[\"https:\\\/\\\/www.facebook.com\\\/share\\\/1Jy4gXyc5u\\\/\"]},{\"@type\":\"Person\",\"@id\":\"https:\\\/\\\/direktno.info\\\/#\\\/schema\\\/person\\\/05fbdaecab81c27dec7cc131a9b37be1\",\"name\":\"Redakcija\",\"image\":{\"@type\":\"ImageObject\",\"inLanguage\":\"hr\",\"@id\":\"https:\\\/\\\/secure.gravatar.com\\\/avatar\\\/ede9d7f54b6164109c0b03742da40f108052ff362d7f85a6850f3cb67bd3d495?s=96&d=mm&r=g\",\"url\":\"https:\\\/\\\/secure.gravatar.com\\\/avatar\\\/ede9d7f54b6164109c0b03742da40f108052ff362d7f85a6850f3cb67bd3d495?s=96&d=mm&r=g\",\"contentUrl\":\"https:\\\/\\\/secure.gravatar.com\\\/avatar\\\/ede9d7f54b6164109c0b03742da40f108052ff362d7f85a6850f3cb67bd3d495?s=96&d=mm&r=g\",\"caption\":\"Redakcija\"},\"sameAs\":[\"http:\\\/\\\/direktno.info\"],\"url\":\"https:\\\/\\\/direktno.info\\\/index.php\\\/author\\\/novinar0603\\\/\"}]}<\/script>\n<!-- \/ Yoast SEO plugin. -->","yoast_head_json":{"title":"Zbog ove slike Nevesinjac Parovi\u0107 je dobio otkaz! - Direktno","robots":{"index":"index","follow":"follow","max-snippet":"max-snippet:-1","max-image-preview":"max-image-preview:large","max-video-preview":"max-video-preview:-1"},"canonical":"https:\/\/direktno.info\/index.php\/2026\/09\/02\/zbog-ove-slike-nevesinjac-parovic-je-dobio-otkaz\/","og_locale":"hr_HR","og_type":"article","og_title":"Zbog ove slike Nevesinjac Parovi\u0107 je dobio otkaz! - Direktno","og_description":"Agencija za obezbje\u0111enje &#8220;Sek van&#8221; (Sec one) otpustila je Nevesinjca Milenka Parovi\u0107a sa radnog mjesta u Mostaru, nakon","og_url":"https:\/\/direktno.info\/index.php\/2026\/09\/02\/zbog-ove-slike-nevesinjac-parovic-je-dobio-otkaz\/","og_site_name":"Direktno","article_publisher":"https:\/\/www.facebook.com\/share\/1Jy4gXyc5u\/","article_published_time":"2026-09-02T15:46:08+00:00","article_modified_time":"2026-09-02T15:46:10+00:00","og_image":[{"width":740,"height":416,"url":"http:\/\/direktno.info\/wp-content\/uploads\/2026\/08\/2e277eac312f217d70a2-1.jpeg","type":"image\/jpeg"}],"author":"Redakcija","twitter_card":"summary_large_image","twitter_misc":{"Napisao\/la":"Redakcija","Procijenjeno vrijeme \u010ditanja":"2 minute"},"schema":{"@context":"https:\/\/schema.org","@graph":[{"@type":"Article","@id":"https:\/\/direktno.info\/index.php\/2026\/09\/02\/zbog-ove-slike-nevesinjac-parovic-je-dobio-otkaz\/#article","isPartOf":{"@id":"https:\/\/direktno.info\/index.php\/2026\/09\/02\/zbog-ove-slike-nevesinjac-parovic-je-dobio-otkaz\/"},"author":{"name":"Redakcija","@id":"https:\/\/direktno.info\/#\/schema\/person\/05fbdaecab81c27dec7cc131a9b37be1"},"headline":"Zbog ove slike Nevesinjac Parovi\u0107 je dobio otkaz!","datePublished":"2026-09-02T15:46:08+00:00","dateModified":"2026-09-02T15:46:10+00:00","mainEntityOfPage":{"@id":"https:\/\/direktno.info\/index.php\/2026\/09\/02\/zbog-ove-slike-nevesinjac-parovic-je-dobio-otkaz\/"},"wordCount":306,"commentCount":0,"publisher":{"@id":"https:\/\/direktno.info\/#organization"},"image":{"@id":"https:\/\/direktno.info\/index.php\/2026\/09\/02\/zbog-ove-slike-nevesinjac-parovic-je-dobio-otkaz\/#primaryimage"},"thumbnailUrl":"https:\/\/direktno.info\/wp-content\/uploads\/2026\/08\/2e277eac312f217d70a2-1.jpeg","keywords":["Ana Mladi\u0107","Milenko Parovi\u0107","Nevesinje","Ratko Mladi\u0107","Sarajevo","Sec one"],"articleSection":["Dru\u0161tvo"],"inLanguage":"hr","potentialAction":[{"@type":"CommentAction","name":"Comment","target":["https:\/\/direktno.info\/index.php\/2026\/09\/02\/zbog-ove-slike-nevesinjac-parovic-je-dobio-otkaz\/#respond"]}]},{"@type":"WebPage","@id":"https:\/\/direktno.info\/index.php\/2026\/09\/02\/zbog-ove-slike-nevesinjac-parovic-je-dobio-otkaz\/","url":"https:\/\/direktno.info\/index.php\/2026\/09\/02\/zbog-ove-slike-nevesinjac-parovic-je-dobio-otkaz\/","name":"Zbog ove slike Nevesinjac Parovi\u0107 je dobio otkaz! - Direktno","isPartOf":{"@id":"https:\/\/direktno.info\/#website"},"primaryImageOfPage":{"@id":"https:\/\/direktno.info\/index.php\/2026\/09\/02\/zbog-ove-slike-nevesinjac-parovic-je-dobio-otkaz\/#primaryimage"},"image":{"@id":"https:\/\/direktno.info\/index.php\/2026\/09\/02\/zbog-ove-slike-nevesinjac-parovic-je-dobio-otkaz\/#primaryimage"},"thumbnailUrl":"https:\/\/direktno.info\/wp-content\/uploads\/2026\/08\/2e277eac312f217d70a2-1.jpeg","datePublished":"2026-09-02T15:46:08+00:00","dateModified":"2026-09-02T15:46:10+00:00","breadcrumb":{"@id":"https:\/\/direktno.info\/index.php\/2026\/09\/02\/zbog-ove-slike-nevesinjac-parovic-je-dobio-otkaz\/#breadcrumb"},"inLanguage":"hr","potentialAction":[{"@type":"ReadAction","target":["https:\/\/direktno.info\/index.php\/2026\/09\/02\/zbog-ove-slike-nevesinjac-parovic-je-dobio-otkaz\/"]}]},{"@type":"ImageObject","inLanguage":"hr","@id":"https:\/\/direktno.info\/index.php\/2026\/09\/02\/zbog-ove-slike-nevesinjac-parovic-je-dobio-otkaz\/#primaryimage","url":"https:\/\/direktno.info\/wp-content\/uploads\/2026\/08\/2e277eac312f217d70a2-1.jpeg","contentUrl":"https:\/\/direktno.info\/wp-content\/uploads\/2026\/08\/2e277eac312f217d70a2-1.jpeg","width":740,"height":416},{"@type":"BreadcrumbList","@id":"https:\/\/direktno.info\/index.php\/2026\/09\/02\/zbog-ove-slike-nevesinjac-parovic-je-dobio-otkaz\/#breadcrumb","itemListElement":[{"@type":"ListItem","position":1,"name":"Po\u010detna stranica","item":"https:\/\/direktno.info\/"},{"@type":"ListItem","position":2,"name":"Zbog ove slike Nevesinjac Parovi\u0107 je dobio otkaz!"}]},{"@type":"WebSite","@id":"https:\/\/direktno.info\/#website","url":"https:\/\/direktno.info\/","name":"Direktno","description":"","publisher":{"@id":"https:\/\/direktno.info\/#organization"},"potentialAction":[{"@type":"SearchAction","target":{"@type":"EntryPoint","urlTemplate":"https:\/\/direktno.info\/?s={search_term_string}"},"query-input":{"@type":"PropertyValueSpecification","valueRequired":true,"valueName":"search_term_string"}}],"inLanguage":"hr"},{"@type":"Organization","@id":"https:\/\/direktno.info\/#organization","name":"Direktno","url":"https:\/\/direktno.info\/","logo":{"@type":"ImageObject","inLanguage":"hr","@id":"https:\/\/direktno.info\/#\/schema\/logo\/image\/","url":"https:\/\/direktno.info\/wp-content\/uploads\/2026\/08\/direktno_logo_white.png","contentUrl":"https:\/\/direktno.info\/wp-content\/uploads\/2026\/08\/direktno_logo_white.png","width":1600,"height":340,"caption":"Direktno"},"image":{"@id":"https:\/\/direktno.info\/#\/schema\/logo\/image\/"},"sameAs":["https:\/\/www.facebook.com\/share\/1Jy4gXyc5u\/"]},{"@type":"Person","@id":"https:\/\/direktno.info\/#\/schema\/person\/05fbdaecab81c27dec7cc131a9b37be1","name":"Redakcija","image":{"@type":"ImageObject","inLanguage":"hr","@id":"https:\/\/secure.gravatar.com\/avatar\/ede9d7f54b6164109c0b03742da40f108052ff362d7f85a6850f3cb67bd3d495?s=96&d=mm&r=g","url":"https:\/\/secure.gravatar.com\/avatar\/ede9d7f54b6164109c0b03742da40f108052ff362d7f85a6850f3cb67bd3d495?s=96&d=mm&r=g","contentUrl":"https:\/\/secure.gravatar.com\/avatar\/ede9d7f54b6164109c0b03742da40f108052ff362d7f85a6850f3cb67bd3d495?s=96&d=mm&r=g","caption":"Redakcija"},"sameAs":["http:\/\/direktno.info"],"url":"https:\/\/direktno.info\/index.php\/author\/novinar0603\/"}]}},"_links":{"self":[{"href":"https:\/\/direktno.info\/index.php\/wp-json\/wp\/v2\/posts\/1597","targetHints":{"allow":["GET"]}}],"collection":[{"href":"https:\/\/direktno.info\/index.php\/wp-json\/wp\/v2\/posts"}],"about":[{"href":"https:\/\/direktno.info\/index.php\/wp-json\/wp\/v2\/types\/post"}],"author":[{"embeddable":true,"href":"https:\/\/direktno.info\/index.php\/wp-json\/wp\/v2\/users\/1"}],"replies":[{"embeddable":true,"href":"https:\/\/direktno.info\/index.php\/wp-json\/wp\/v2\/comments?post=1597"}],"version-history":[{"count":1,"href":"https:\/\/direktno.info\/index.php\/wp-json\/wp\/v2\/posts\/1597\/revisions"}],"predecessor-version":[{"id":1600,"href":"https:\/\/direktno.info\/index.php\/wp-json\/wp\/v2\/posts\/1597\/revisions\/1600"}],"wp:featuredmedia":[{"embeddable":true,"href":"https:\/\/direktno.info\/index.php\/wp-json\/wp\/v2\/media\/1459"}],"wp:attachment":[{"href":"https:\/\/direktno.info\/index.php\/wp-json\/wp\/v2\/media?parent=1597"}],"wp:term":[{"taxonomy":"category","embeddable":true,"href":"https:\/\/direktno.info\/index.php\/wp-json\/wp\/v2\/categories?post=1597"},{"taxonomy":"post_tag","embeddable":true,"href":"https:\/\/direktno.info\/index.php\/wp-json\/wp\/v2\/tags?post=1597"}],"curies":[{"name":"wp","href":"https:\/\/api.w.org\/{rel}","templated":true}]}}