{"id":1587,"date":"2026-09-02T00:10:25","date_gmt":"2026-09-02T00:10:25","guid":{"rendered":"https:\/\/direktno.info\/?p=1587"},"modified":"2026-09-02T00:11:19","modified_gmt":"2026-09-02T00:11:19","slug":"i-eekonomista-i-pravnik-istovremeno-goran-selak-moze-oboje","status":"publish","type":"post","link":"https:\/\/direktno.info\/index.php\/2026\/09\/02\/i-eekonomista-i-pravnik-istovremeno-goran-selak-moze-oboje\/","title":{"rendered":"I ekonomista i pravnik istovremeno? GORAN SELAK MO\u017dE OBOJE (FOTO + VIDEO)"},"content":{"rendered":"\n<p class=\"wp-block-paragraph\">&#8220;<strong>Pozivam Savu Mini\u0107a, svog nekada\u0161njeg kolegu iz advokature, da zajedno na Trgu Krajine javno spalimo diplome Pravnog fakulteta zbog prijedloga Gorana Selaka za ministra pravde.<\/strong> Ne vidim da nam je ne\u0161to drugo preostalo&#8221;. <\/p>\n\n\n\n<p class=\"wp-block-paragraph\">Ovim rije\u010dima je <strong>Jovica Radulovi\u0107, predsjednik Glavnog odbora SDS-a,<\/strong> prokomentarisao imenovanje <strong>Gorana Selaka<\/strong> za ministra pravde u Vladi Republike Srpske.<\/p>\n\n\n\n<p class=\"wp-block-paragraph\">Selak, ro\u0111en 1983. u Banjaluci, predsjednik je SPS-a i danas ministar pravde Republike Srpske. <\/p>\n\n\n\n<p class=\"wp-block-paragraph\"><strong>Njegov obrazovni put, me\u0111utim, sadr\u017ei kontradikciju koju do sada nije javno objasnio: diplomirao je ekonomiju<\/strong> : na Fakultetu za ekonomiju i in\u017eenjerski menad\u017ement Univerziteta Privredna akademija u Novom Sadu &#8211; <strong>da bi potom, na istoj privatnoj instituciji, odbranio doktorsku disertaciju iz prava, na tamo\u0161njem &#8220;Pravnom fakultetu za privredu i pravosu\u0111e<\/strong>&#8220;.<\/p>\n\n\n\n<figure class=\"wp-block-gallery has-nested-images columns-default is-cropped wp-block-gallery-1 is-layout-flex wp-block-gallery-is-layout-flex\">\n<figure class=\"wp-block-image size-large\"><img loading=\"lazy\" decoding=\"async\" width=\"631\" height=\"1024\" data-id=\"1588\" src=\"https:\/\/direktno.info\/wp-content\/uploads\/2026\/09\/69786-631x1024.jpg\" alt=\"\" class=\"wp-image-1588\" srcset=\"https:\/\/direktno.info\/wp-content\/uploads\/2026\/09\/69786-631x1024.jpg 631w, https:\/\/direktno.info\/wp-content\/uploads\/2026\/09\/69786-185x300.jpg 185w, https:\/\/direktno.info\/wp-content\/uploads\/2026\/09\/69786-768x1245.jpg 768w, https:\/\/direktno.info\/wp-content\/uploads\/2026\/09\/69786-947x1536.jpg 947w, https:\/\/direktno.info\/wp-content\/uploads\/2026\/09\/69786-1263x2048.jpg 1263w, https:\/\/direktno.info\/wp-content\/uploads\/2026\/09\/69786.jpg 1280w\" sizes=\"auto, (max-width: 631px) 100vw, 631px\" \/><\/figure>\n<\/figure>\n\n\n\n<p class=\"wp-block-paragraph\">Sama tema disertacije, odbranjene 2016. godine pod naslovom &#8220;<strong>Municipalne obveznice kao hartije od vrednosti<\/strong>&#8220;, otkriva koliko je ta pravna titula zapravo bila formalnost : <strong>rije\u010d je o \u010disto finansijsko-ekonomskoj temi, bez ikakve veze sa pravnom strukom u klasi\u010dnom smislu. <\/strong><\/p>\n\n\n\n<p class=\"wp-block-paragraph\">Pojednostavljeno &#8211; Selak je doktorirao temu iz svoje prvobitne, ekonomske oblasti, ali je diplomu dobio kao doktor prava &#8211; titulu na osnovu koje je potom, <strong>odlukom Senata Nezavisnog univerziteta Banja Luka, imenovan u zvanje docenta za Krivi\u010dno pravo i Krivi\u010dno procesno pravo, <\/strong>oblast koja nema nikakve veze ni sa njegovim prvobitnim ekonomskim obrazovanjem, ni sa temom same disertacije.<\/p>\n\n\n\n<p class=\"wp-block-paragraph\"><strong>Ekonomista bez ijednog javno poznatog koraka u pravnom obrazovanju postaje doktor prava<\/strong>, a potom, odlukom Senata Nezavisnog univerziteta Banja Luka i docent za <strong>Krivi\u010dno pravo i Krivi\u010dno procesno pravo.<\/strong><\/p>\n\n\n\n<p class=\"wp-block-paragraph\">Ostaje nerazja\u0161njena i njegova srednjo\u0161kolska diploma, koja, prema navodima Gerila.info, &#8220;izgleda ne postoji&#8221;. <\/p>\n\n\n\n<p class=\"wp-block-paragraph\">Selak na ta pitanja odgovara Mati \u0110akovi\u0107u u emisiji &#8220;Telering&#8221; na Radio televiziji Republike Srpske.<\/p>\n\n\n\n<p class=\"wp-block-paragraph\"><strong>Nastavi\u0107e se&#8230;<\/strong><\/p>\n\n\n\n<figure class=\"wp-block-video\"><video height=\"720\" style=\"aspect-ratio: 1280 \/ 720;\" width=\"1280\" controls src=\"https:\/\/direktno.info\/wp-content\/uploads\/2026\/09\/69784.mp4\"><\/video><\/figure>\n\n\n\n<p class=\"wp-block-paragraph\"><\/p>\n\n\n\n<p class=\"wp-block-paragraph\"><\/p>\n","protected":false},"excerpt":{"rendered":"<p>&#8220;Pozivam Savu Mini\u0107a, svog nekada\u0161njeg kolegu iz advokature, da zajedno na Trgu Krajine javno spalimo diplome Pravnog fakulteta<\/p>\n","protected":false},"author":1,"featured_media":1590,"comment_status":"open","ping_status":"open","sticky":false,"template":"","format":"standard","meta":{"footnotes":""},"categories":[29,30],"tags":[106,108,98,107],"class_list":["post-1587","post","type-post","status-publish","format-standard","has-post-thumbnail","hentry","category-istrazivanje","category-pocetna","tag-goran-selak","tag-ministar-pravde-republike-srpske","tag-republika-srpska","tag-socijalisticka-partija-srpske"],"yoast_head":"<!-- This site is optimized with the Yoast SEO plugin v28.3 - https:\/\/yoast.com\/product\/yoast-seo-wordpress\/ -->\n<title>I ekonomista i pravnik istovremeno? GORAN SELAK MO\u017dE OBOJE (FOTO + VIDEO) - Direktno<\/title>\n<meta name=\"robots\" content=\"index, follow, max-snippet:-1, max-image-preview:large, max-video-preview:-1\" \/>\n<link rel=\"canonical\" href=\"https:\/\/direktno.info\/index.php\/2026\/09\/02\/i-eekonomista-i-pravnik-istovremeno-goran-selak-moze-oboje\/\" \/>\n<meta property=\"og:locale\" content=\"hr_HR\" \/>\n<meta property=\"og:type\" content=\"article\" \/>\n<meta property=\"og:title\" content=\"I ekonomista i pravnik istovremeno? GORAN SELAK MO\u017dE OBOJE (FOTO + VIDEO) - Direktno\" \/>\n<meta property=\"og:description\" content=\"&#8220;Pozivam Savu Mini\u0107a, svog nekada\u0161njeg kolegu iz advokature, da zajedno na Trgu Krajine javno spalimo diplome Pravnog fakulteta\" \/>\n<meta property=\"og:url\" content=\"https:\/\/direktno.info\/index.php\/2026\/09\/02\/i-eekonomista-i-pravnik-istovremeno-goran-selak-moze-oboje\/\" \/>\n<meta property=\"og:site_name\" content=\"Direktno\" \/>\n<meta property=\"article:publisher\" content=\"https:\/\/www.facebook.com\/share\/1Jy4gXyc5u\/\" \/>\n<meta property=\"article:published_time\" content=\"2026-09-02T00:10:25+00:00\" \/>\n<meta property=\"article:modified_time\" content=\"2026-09-02T00:11:19+00:00\" \/>\n<meta property=\"og:image\" content=\"http:\/\/direktno.info\/wp-content\/uploads\/2026\/09\/goran-selak-e1742463967735.jpg\" \/>\n\t<meta property=\"og:image:width\" content=\"1440\" \/>\n\t<meta property=\"og:image:height\" content=\"811\" \/>\n\t<meta property=\"og:image:type\" content=\"image\/jpeg\" \/>\n<meta name=\"author\" content=\"Redakcija\" \/>\n<meta name=\"twitter:card\" content=\"summary_large_image\" \/>\n<meta name=\"twitter:label1\" content=\"Napisao\/la\" \/>\n\t<meta name=\"twitter:data1\" content=\"Redakcija\" \/>\n\t<meta name=\"twitter:label2\" content=\"Procijenjeno vrijeme \u010ditanja\" \/>\n\t<meta name=\"twitter:data2\" content=\"2 minute\" \/>\n<script type=\"application\/ld+json\" class=\"yoast-schema-graph\">{\"@context\":\"https:\\\/\\\/schema.org\",\"@graph\":[{\"@type\":\"Article\",\"@id\":\"https:\\\/\\\/direktno.info\\\/index.php\\\/2026\\\/09\\\/02\\\/i-eekonomista-i-pravnik-istovremeno-goran-selak-moze-oboje\\\/#article\",\"isPartOf\":{\"@id\":\"https:\\\/\\\/direktno.info\\\/index.php\\\/2026\\\/09\\\/02\\\/i-eekonomista-i-pravnik-istovremeno-goran-selak-moze-oboje\\\/\"},\"author\":{\"name\":\"Redakcija\",\"@id\":\"https:\\\/\\\/direktno.info\\\/#\\\/schema\\\/person\\\/05fbdaecab81c27dec7cc131a9b37be1\"},\"headline\":\"I ekonomista i pravnik istovremeno? GORAN SELAK MO\u017dE OBOJE (FOTO + VIDEO)\",\"datePublished\":\"2026-09-02T00:10:25+00:00\",\"dateModified\":\"2026-09-02T00:11:19+00:00\",\"mainEntityOfPage\":{\"@id\":\"https:\\\/\\\/direktno.info\\\/index.php\\\/2026\\\/09\\\/02\\\/i-eekonomista-i-pravnik-istovremeno-goran-selak-moze-oboje\\\/\"},\"wordCount\":302,\"commentCount\":0,\"publisher\":{\"@id\":\"https:\\\/\\\/direktno.info\\\/#organization\"},\"image\":{\"@id\":\"https:\\\/\\\/direktno.info\\\/index.php\\\/2026\\\/09\\\/02\\\/i-eekonomista-i-pravnik-istovremeno-goran-selak-moze-oboje\\\/#primaryimage\"},\"thumbnailUrl\":\"https:\\\/\\\/direktno.info\\\/wp-content\\\/uploads\\\/2026\\\/09\\\/goran-selak-e1742463967735.jpg\",\"keywords\":[\"Goran selak\",\"Ministar pravde Republike Srpske\",\"Republika Srpska\",\"Socijalisti\u010dka partija Srpske\"],\"articleSection\":[\"Istra\u017eivanje\",\"Po\u010detna\"],\"inLanguage\":\"hr\",\"potentialAction\":[{\"@type\":\"CommentAction\",\"name\":\"Comment\",\"target\":[\"https:\\\/\\\/direktno.info\\\/index.php\\\/2026\\\/09\\\/02\\\/i-eekonomista-i-pravnik-istovremeno-goran-selak-moze-oboje\\\/#respond\"]}]},{\"@type\":\"WebPage\",\"@id\":\"https:\\\/\\\/direktno.info\\\/index.php\\\/2026\\\/09\\\/02\\\/i-eekonomista-i-pravnik-istovremeno-goran-selak-moze-oboje\\\/\",\"url\":\"https:\\\/\\\/direktno.info\\\/index.php\\\/2026\\\/09\\\/02\\\/i-eekonomista-i-pravnik-istovremeno-goran-selak-moze-oboje\\\/\",\"name\":\"I ekonomista i pravnik istovremeno? GORAN SELAK MO\u017dE OBOJE (FOTO + VIDEO) - Direktno\",\"isPartOf\":{\"@id\":\"https:\\\/\\\/direktno.info\\\/#website\"},\"primaryImageOfPage\":{\"@id\":\"https:\\\/\\\/direktno.info\\\/index.php\\\/2026\\\/09\\\/02\\\/i-eekonomista-i-pravnik-istovremeno-goran-selak-moze-oboje\\\/#primaryimage\"},\"image\":{\"@id\":\"https:\\\/\\\/direktno.info\\\/index.php\\\/2026\\\/09\\\/02\\\/i-eekonomista-i-pravnik-istovremeno-goran-selak-moze-oboje\\\/#primaryimage\"},\"thumbnailUrl\":\"https:\\\/\\\/direktno.info\\\/wp-content\\\/uploads\\\/2026\\\/09\\\/goran-selak-e1742463967735.jpg\",\"datePublished\":\"2026-09-02T00:10:25+00:00\",\"dateModified\":\"2026-09-02T00:11:19+00:00\",\"breadcrumb\":{\"@id\":\"https:\\\/\\\/direktno.info\\\/index.php\\\/2026\\\/09\\\/02\\\/i-eekonomista-i-pravnik-istovremeno-goran-selak-moze-oboje\\\/#breadcrumb\"},\"inLanguage\":\"hr\",\"potentialAction\":[{\"@type\":\"ReadAction\",\"target\":[\"https:\\\/\\\/direktno.info\\\/index.php\\\/2026\\\/09\\\/02\\\/i-eekonomista-i-pravnik-istovremeno-goran-selak-moze-oboje\\\/\"]}]},{\"@type\":\"ImageObject\",\"inLanguage\":\"hr\",\"@id\":\"https:\\\/\\\/direktno.info\\\/index.php\\\/2026\\\/09\\\/02\\\/i-eekonomista-i-pravnik-istovremeno-goran-selak-moze-oboje\\\/#primaryimage\",\"url\":\"https:\\\/\\\/direktno.info\\\/wp-content\\\/uploads\\\/2026\\\/09\\\/goran-selak-e1742463967735.jpg\",\"contentUrl\":\"https:\\\/\\\/direktno.info\\\/wp-content\\\/uploads\\\/2026\\\/09\\\/goran-selak-e1742463967735.jpg\",\"width\":1440,\"height\":811},{\"@type\":\"BreadcrumbList\",\"@id\":\"https:\\\/\\\/direktno.info\\\/index.php\\\/2026\\\/09\\\/02\\\/i-eekonomista-i-pravnik-istovremeno-goran-selak-moze-oboje\\\/#breadcrumb\",\"itemListElement\":[{\"@type\":\"ListItem\",\"position\":1,\"name\":\"Po\u010detna stranica\",\"item\":\"https:\\\/\\\/direktno.info\\\/\"},{\"@type\":\"ListItem\",\"position\":2,\"name\":\"I ekonomista i pravnik istovremeno? GORAN SELAK MO\u017dE OBOJE (FOTO + VIDEO)\"}]},{\"@type\":\"WebSite\",\"@id\":\"https:\\\/\\\/direktno.info\\\/#website\",\"url\":\"https:\\\/\\\/direktno.info\\\/\",\"name\":\"Direktno\",\"description\":\"\",\"publisher\":{\"@id\":\"https:\\\/\\\/direktno.info\\\/#organization\"},\"potentialAction\":[{\"@type\":\"SearchAction\",\"target\":{\"@type\":\"EntryPoint\",\"urlTemplate\":\"https:\\\/\\\/direktno.info\\\/?s={search_term_string}\"},\"query-input\":{\"@type\":\"PropertyValueSpecification\",\"valueRequired\":true,\"valueName\":\"search_term_string\"}}],\"inLanguage\":\"hr\"},{\"@type\":\"Organization\",\"@id\":\"https:\\\/\\\/direktno.info\\\/#organization\",\"name\":\"Direktno\",\"url\":\"https:\\\/\\\/direktno.info\\\/\",\"logo\":{\"@type\":\"ImageObject\",\"inLanguage\":\"hr\",\"@id\":\"https:\\\/\\\/direktno.info\\\/#\\\/schema\\\/logo\\\/image\\\/\",\"url\":\"https:\\\/\\\/direktno.info\\\/wp-content\\\/uploads\\\/2026\\\/08\\\/direktno_logo_white.png\",\"contentUrl\":\"https:\\\/\\\/direktno.info\\\/wp-content\\\/uploads\\\/2026\\\/08\\\/direktno_logo_white.png\",\"width\":1600,\"height\":340,\"caption\":\"Direktno\"},\"image\":{\"@id\":\"https:\\\/\\\/direktno.info\\\/#\\\/schema\\\/logo\\\/image\\\/\"},\"sameAs\":[\"https:\\\/\\\/www.facebook.com\\\/share\\\/1Jy4gXyc5u\\\/\"]},{\"@type\":\"Person\",\"@id\":\"https:\\\/\\\/direktno.info\\\/#\\\/schema\\\/person\\\/05fbdaecab81c27dec7cc131a9b37be1\",\"name\":\"Redakcija\",\"image\":{\"@type\":\"ImageObject\",\"inLanguage\":\"hr\",\"@id\":\"https:\\\/\\\/secure.gravatar.com\\\/avatar\\\/ede9d7f54b6164109c0b03742da40f108052ff362d7f85a6850f3cb67bd3d495?s=96&d=mm&r=g\",\"url\":\"https:\\\/\\\/secure.gravatar.com\\\/avatar\\\/ede9d7f54b6164109c0b03742da40f108052ff362d7f85a6850f3cb67bd3d495?s=96&d=mm&r=g\",\"contentUrl\":\"https:\\\/\\\/secure.gravatar.com\\\/avatar\\\/ede9d7f54b6164109c0b03742da40f108052ff362d7f85a6850f3cb67bd3d495?s=96&d=mm&r=g\",\"caption\":\"Redakcija\"},\"sameAs\":[\"http:\\\/\\\/direktno.info\"],\"url\":\"https:\\\/\\\/direktno.info\\\/index.php\\\/author\\\/novinar0603\\\/\"}]}<\/script>\n<!-- \/ Yoast SEO plugin. -->","yoast_head_json":{"title":"I ekonomista i pravnik istovremeno? GORAN SELAK MO\u017dE OBOJE (FOTO + VIDEO) - Direktno","robots":{"index":"index","follow":"follow","max-snippet":"max-snippet:-1","max-image-preview":"max-image-preview:large","max-video-preview":"max-video-preview:-1"},"canonical":"https:\/\/direktno.info\/index.php\/2026\/09\/02\/i-eekonomista-i-pravnik-istovremeno-goran-selak-moze-oboje\/","og_locale":"hr_HR","og_type":"article","og_title":"I ekonomista i pravnik istovremeno? GORAN SELAK MO\u017dE OBOJE (FOTO + VIDEO) - Direktno","og_description":"&#8220;Pozivam Savu Mini\u0107a, svog nekada\u0161njeg kolegu iz advokature, da zajedno na Trgu Krajine javno spalimo diplome Pravnog fakulteta","og_url":"https:\/\/direktno.info\/index.php\/2026\/09\/02\/i-eekonomista-i-pravnik-istovremeno-goran-selak-moze-oboje\/","og_site_name":"Direktno","article_publisher":"https:\/\/www.facebook.com\/share\/1Jy4gXyc5u\/","article_published_time":"2026-09-02T00:10:25+00:00","article_modified_time":"2026-09-02T00:11:19+00:00","og_image":[{"width":1440,"height":811,"url":"http:\/\/direktno.info\/wp-content\/uploads\/2026\/09\/goran-selak-e1742463967735.jpg","type":"image\/jpeg"}],"author":"Redakcija","twitter_card":"summary_large_image","twitter_misc":{"Napisao\/la":"Redakcija","Procijenjeno vrijeme \u010ditanja":"2 minute"},"schema":{"@context":"https:\/\/schema.org","@graph":[{"@type":"Article","@id":"https:\/\/direktno.info\/index.php\/2026\/09\/02\/i-eekonomista-i-pravnik-istovremeno-goran-selak-moze-oboje\/#article","isPartOf":{"@id":"https:\/\/direktno.info\/index.php\/2026\/09\/02\/i-eekonomista-i-pravnik-istovremeno-goran-selak-moze-oboje\/"},"author":{"name":"Redakcija","@id":"https:\/\/direktno.info\/#\/schema\/person\/05fbdaecab81c27dec7cc131a9b37be1"},"headline":"I ekonomista i pravnik istovremeno? GORAN SELAK MO\u017dE OBOJE (FOTO + VIDEO)","datePublished":"2026-09-02T00:10:25+00:00","dateModified":"2026-09-02T00:11:19+00:00","mainEntityOfPage":{"@id":"https:\/\/direktno.info\/index.php\/2026\/09\/02\/i-eekonomista-i-pravnik-istovremeno-goran-selak-moze-oboje\/"},"wordCount":302,"commentCount":0,"publisher":{"@id":"https:\/\/direktno.info\/#organization"},"image":{"@id":"https:\/\/direktno.info\/index.php\/2026\/09\/02\/i-eekonomista-i-pravnik-istovremeno-goran-selak-moze-oboje\/#primaryimage"},"thumbnailUrl":"https:\/\/direktno.info\/wp-content\/uploads\/2026\/09\/goran-selak-e1742463967735.jpg","keywords":["Goran selak","Ministar pravde Republike Srpske","Republika Srpska","Socijalisti\u010dka partija Srpske"],"articleSection":["Istra\u017eivanje","Po\u010detna"],"inLanguage":"hr","potentialAction":[{"@type":"CommentAction","name":"Comment","target":["https:\/\/direktno.info\/index.php\/2026\/09\/02\/i-eekonomista-i-pravnik-istovremeno-goran-selak-moze-oboje\/#respond"]}]},{"@type":"WebPage","@id":"https:\/\/direktno.info\/index.php\/2026\/09\/02\/i-eekonomista-i-pravnik-istovremeno-goran-selak-moze-oboje\/","url":"https:\/\/direktno.info\/index.php\/2026\/09\/02\/i-eekonomista-i-pravnik-istovremeno-goran-selak-moze-oboje\/","name":"I ekonomista i pravnik istovremeno? GORAN SELAK MO\u017dE OBOJE (FOTO + VIDEO) - Direktno","isPartOf":{"@id":"https:\/\/direktno.info\/#website"},"primaryImageOfPage":{"@id":"https:\/\/direktno.info\/index.php\/2026\/09\/02\/i-eekonomista-i-pravnik-istovremeno-goran-selak-moze-oboje\/#primaryimage"},"image":{"@id":"https:\/\/direktno.info\/index.php\/2026\/09\/02\/i-eekonomista-i-pravnik-istovremeno-goran-selak-moze-oboje\/#primaryimage"},"thumbnailUrl":"https:\/\/direktno.info\/wp-content\/uploads\/2026\/09\/goran-selak-e1742463967735.jpg","datePublished":"2026-09-02T00:10:25+00:00","dateModified":"2026-09-02T00:11:19+00:00","breadcrumb":{"@id":"https:\/\/direktno.info\/index.php\/2026\/09\/02\/i-eekonomista-i-pravnik-istovremeno-goran-selak-moze-oboje\/#breadcrumb"},"inLanguage":"hr","potentialAction":[{"@type":"ReadAction","target":["https:\/\/direktno.info\/index.php\/2026\/09\/02\/i-eekonomista-i-pravnik-istovremeno-goran-selak-moze-oboje\/"]}]},{"@type":"ImageObject","inLanguage":"hr","@id":"https:\/\/direktno.info\/index.php\/2026\/09\/02\/i-eekonomista-i-pravnik-istovremeno-goran-selak-moze-oboje\/#primaryimage","url":"https:\/\/direktno.info\/wp-content\/uploads\/2026\/09\/goran-selak-e1742463967735.jpg","contentUrl":"https:\/\/direktno.info\/wp-content\/uploads\/2026\/09\/goran-selak-e1742463967735.jpg","width":1440,"height":811},{"@type":"BreadcrumbList","@id":"https:\/\/direktno.info\/index.php\/2026\/09\/02\/i-eekonomista-i-pravnik-istovremeno-goran-selak-moze-oboje\/#breadcrumb","itemListElement":[{"@type":"ListItem","position":1,"name":"Po\u010detna stranica","item":"https:\/\/direktno.info\/"},{"@type":"ListItem","position":2,"name":"I ekonomista i pravnik istovremeno? GORAN SELAK MO\u017dE OBOJE (FOTO + VIDEO)"}]},{"@type":"WebSite","@id":"https:\/\/direktno.info\/#website","url":"https:\/\/direktno.info\/","name":"Direktno","description":"","publisher":{"@id":"https:\/\/direktno.info\/#organization"},"potentialAction":[{"@type":"SearchAction","target":{"@type":"EntryPoint","urlTemplate":"https:\/\/direktno.info\/?s={search_term_string}"},"query-input":{"@type":"PropertyValueSpecification","valueRequired":true,"valueName":"search_term_string"}}],"inLanguage":"hr"},{"@type":"Organization","@id":"https:\/\/direktno.info\/#organization","name":"Direktno","url":"https:\/\/direktno.info\/","logo":{"@type":"ImageObject","inLanguage":"hr","@id":"https:\/\/direktno.info\/#\/schema\/logo\/image\/","url":"https:\/\/direktno.info\/wp-content\/uploads\/2026\/08\/direktno_logo_white.png","contentUrl":"https:\/\/direktno.info\/wp-content\/uploads\/2026\/08\/direktno_logo_white.png","width":1600,"height":340,"caption":"Direktno"},"image":{"@id":"https:\/\/direktno.info\/#\/schema\/logo\/image\/"},"sameAs":["https:\/\/www.facebook.com\/share\/1Jy4gXyc5u\/"]},{"@type":"Person","@id":"https:\/\/direktno.info\/#\/schema\/person\/05fbdaecab81c27dec7cc131a9b37be1","name":"Redakcija","image":{"@type":"ImageObject","inLanguage":"hr","@id":"https:\/\/secure.gravatar.com\/avatar\/ede9d7f54b6164109c0b03742da40f108052ff362d7f85a6850f3cb67bd3d495?s=96&d=mm&r=g","url":"https:\/\/secure.gravatar.com\/avatar\/ede9d7f54b6164109c0b03742da40f108052ff362d7f85a6850f3cb67bd3d495?s=96&d=mm&r=g","contentUrl":"https:\/\/secure.gravatar.com\/avatar\/ede9d7f54b6164109c0b03742da40f108052ff362d7f85a6850f3cb67bd3d495?s=96&d=mm&r=g","caption":"Redakcija"},"sameAs":["http:\/\/direktno.info"],"url":"https:\/\/direktno.info\/index.php\/author\/novinar0603\/"}]}},"_links":{"self":[{"href":"https:\/\/direktno.info\/index.php\/wp-json\/wp\/v2\/posts\/1587","targetHints":{"allow":["GET"]}}],"collection":[{"href":"https:\/\/direktno.info\/index.php\/wp-json\/wp\/v2\/posts"}],"about":[{"href":"https:\/\/direktno.info\/index.php\/wp-json\/wp\/v2\/types\/post"}],"author":[{"embeddable":true,"href":"https:\/\/direktno.info\/index.php\/wp-json\/wp\/v2\/users\/1"}],"replies":[{"embeddable":true,"href":"https:\/\/direktno.info\/index.php\/wp-json\/wp\/v2\/comments?post=1587"}],"version-history":[{"count":2,"href":"https:\/\/direktno.info\/index.php\/wp-json\/wp\/v2\/posts\/1587\/revisions"}],"predecessor-version":[{"id":1592,"href":"https:\/\/direktno.info\/index.php\/wp-json\/wp\/v2\/posts\/1587\/revisions\/1592"}],"wp:featuredmedia":[{"embeddable":true,"href":"https:\/\/direktno.info\/index.php\/wp-json\/wp\/v2\/media\/1590"}],"wp:attachment":[{"href":"https:\/\/direktno.info\/index.php\/wp-json\/wp\/v2\/media?parent=1587"}],"wp:term":[{"taxonomy":"category","embeddable":true,"href":"https:\/\/direktno.info\/index.php\/wp-json\/wp\/v2\/categories?post=1587"},{"taxonomy":"post_tag","embeddable":true,"href":"https:\/\/direktno.info\/index.php\/wp-json\/wp\/v2\/tags?post=1587"}],"curies":[{"name":"wp","href":"https:\/\/api.w.org\/{rel}","templated":true}]}}