{"id":1583,"date":"2026-09-01T18:24:51","date_gmt":"2026-09-01T18:24:51","guid":{"rendered":"https:\/\/direktno.info\/?p=1583"},"modified":"2026-09-01T18:24:52","modified_gmt":"2026-09-01T18:24:52","slug":"komandante-hvala-ti-za-sve-banjalucani-odali-pocast-generalu-mladicu-video","status":"publish","type":"post","link":"https:\/\/direktno.info\/index.php\/2026\/09\/01\/komandante-hvala-ti-za-sve-banjalucani-odali-pocast-generalu-mladicu-video\/","title":{"rendered":"KOMANDANTE, HVALA TI ZA SVE! Banjalu\u010dani odali po\u010dast generalu Mladi\u0107u (VIDEO)"},"content":{"rendered":"\n<p class=\"wp-block-paragraph\">&#8220;Komandante, hvala ti za sve!&#8221; <\/p>\n\n\n\n<p class=\"wp-block-paragraph\">12. mart 1942.- 27. avgust 2026. <\/p>\n\n\n\n<figure class=\"wp-block-video\"><video height=\"720\" style=\"aspect-ratio: 1280 \/ 720;\" width=\"1280\" controls src=\"https:\/\/direktno.info\/wp-content\/uploads\/2026\/09\/69708.mp4\"><\/video><\/figure>\n\n\n\n<p class=\"wp-block-paragraph\"><\/p>\n","protected":false},"excerpt":{"rendered":"<p>&#8220;Komandante, hvala ti za sve!&#8221; 12. mart 1942.- 27. avgust 2026.<\/p>\n","protected":false},"author":1,"featured_media":1585,"comment_status":"open","ping_status":"open","sticky":false,"template":"","format":"standard","meta":{"footnotes":""},"categories":[30,99],"tags":[55,40,98],"class_list":["post-1583","post","type-post","status-publish","format-standard","has-post-thumbnail","hentry","category-pocetna","category-video-dana","tag-banja-luka","tag-ratko-mladic","tag-republika-srpska"],"yoast_head":"<!-- This site is optimized with the Yoast SEO plugin v28.3 - https:\/\/yoast.com\/product\/yoast-seo-wordpress\/ -->\n<title>KOMANDANTE, HVALA TI ZA SVE! Banjalu\u010dani odali po\u010dast generalu Mladi\u0107u (VIDEO) - Direktno<\/title>\n<meta name=\"robots\" content=\"index, follow, max-snippet:-1, max-image-preview:large, max-video-preview:-1\" \/>\n<link rel=\"canonical\" href=\"https:\/\/direktno.info\/index.php\/2026\/09\/01\/komandante-hvala-ti-za-sve-banjalucani-odali-pocast-generalu-mladicu-video\/\" \/>\n<meta property=\"og:locale\" content=\"hr_HR\" \/>\n<meta property=\"og:type\" content=\"article\" \/>\n<meta property=\"og:title\" content=\"KOMANDANTE, HVALA TI ZA SVE! Banjalu\u010dani odali po\u010dast generalu Mladi\u0107u (VIDEO) - Direktno\" \/>\n<meta property=\"og:description\" content=\"&#8220;Komandante, hvala ti za sve!&#8221; 12. mart 1942.- 27. avgust 2026.\" \/>\n<meta property=\"og:url\" content=\"https:\/\/direktno.info\/index.php\/2026\/09\/01\/komandante-hvala-ti-za-sve-banjalucani-odali-pocast-generalu-mladicu-video\/\" \/>\n<meta property=\"og:site_name\" content=\"Direktno\" \/>\n<meta property=\"article:publisher\" content=\"https:\/\/www.facebook.com\/share\/1Jy4gXyc5u\/\" \/>\n<meta property=\"article:published_time\" content=\"2026-09-01T18:24:51+00:00\" \/>\n<meta property=\"article:modified_time\" content=\"2026-09-01T18:24:52+00:00\" \/>\n<meta property=\"og:image\" content=\"http:\/\/direktno.info\/wp-content\/uploads\/2026\/09\/Screenshot_20260901_202307_com_facebook_katana_FbMainTabActivity.jpg\" \/>\n\t<meta property=\"og:image:width\" content=\"1280\" \/>\n\t<meta property=\"og:image:height\" content=\"716\" \/>\n\t<meta property=\"og:image:type\" content=\"image\/jpeg\" \/>\n<meta name=\"author\" content=\"Redakcija\" \/>\n<meta name=\"twitter:card\" content=\"summary_large_image\" \/>\n<meta name=\"twitter:label1\" content=\"Napisao\/la\" \/>\n\t<meta name=\"twitter:data1\" content=\"Redakcija\" \/>\n\t<meta name=\"twitter:label2\" content=\"Procijenjeno vrijeme \u010ditanja\" \/>\n\t<meta name=\"twitter:data2\" content=\"1 minuta\" \/>\n<script type=\"application\/ld+json\" class=\"yoast-schema-graph\">{\"@context\":\"https:\\\/\\\/schema.org\",\"@graph\":[{\"@type\":\"Article\",\"@id\":\"https:\\\/\\\/direktno.info\\\/index.php\\\/2026\\\/09\\\/01\\\/komandante-hvala-ti-za-sve-banjalucani-odali-pocast-generalu-mladicu-video\\\/#article\",\"isPartOf\":{\"@id\":\"https:\\\/\\\/direktno.info\\\/index.php\\\/2026\\\/09\\\/01\\\/komandante-hvala-ti-za-sve-banjalucani-odali-pocast-generalu-mladicu-video\\\/\"},\"author\":{\"name\":\"Redakcija\",\"@id\":\"https:\\\/\\\/direktno.info\\\/#\\\/schema\\\/person\\\/05fbdaecab81c27dec7cc131a9b37be1\"},\"headline\":\"KOMANDANTE, HVALA TI ZA SVE! Banjalu\u010dani odali po\u010dast generalu Mladi\u0107u (VIDEO)\",\"datePublished\":\"2026-09-01T18:24:51+00:00\",\"dateModified\":\"2026-09-01T18:24:52+00:00\",\"mainEntityOfPage\":{\"@id\":\"https:\\\/\\\/direktno.info\\\/index.php\\\/2026\\\/09\\\/01\\\/komandante-hvala-ti-za-sve-banjalucani-odali-pocast-generalu-mladicu-video\\\/\"},\"wordCount\":22,\"commentCount\":0,\"publisher\":{\"@id\":\"https:\\\/\\\/direktno.info\\\/#organization\"},\"image\":{\"@id\":\"https:\\\/\\\/direktno.info\\\/index.php\\\/2026\\\/09\\\/01\\\/komandante-hvala-ti-za-sve-banjalucani-odali-pocast-generalu-mladicu-video\\\/#primaryimage\"},\"thumbnailUrl\":\"https:\\\/\\\/direktno.info\\\/wp-content\\\/uploads\\\/2026\\\/09\\\/Screenshot_20260901_202307_com_facebook_katana_FbMainTabActivity.jpg\",\"keywords\":[\"Banja Luka\",\"Ratko Mladi\u0107\",\"Republika Srpska\"],\"articleSection\":[\"Po\u010detna\",\"Video dana\"],\"inLanguage\":\"hr\",\"potentialAction\":[{\"@type\":\"CommentAction\",\"name\":\"Comment\",\"target\":[\"https:\\\/\\\/direktno.info\\\/index.php\\\/2026\\\/09\\\/01\\\/komandante-hvala-ti-za-sve-banjalucani-odali-pocast-generalu-mladicu-video\\\/#respond\"]}]},{\"@type\":\"WebPage\",\"@id\":\"https:\\\/\\\/direktno.info\\\/index.php\\\/2026\\\/09\\\/01\\\/komandante-hvala-ti-za-sve-banjalucani-odali-pocast-generalu-mladicu-video\\\/\",\"url\":\"https:\\\/\\\/direktno.info\\\/index.php\\\/2026\\\/09\\\/01\\\/komandante-hvala-ti-za-sve-banjalucani-odali-pocast-generalu-mladicu-video\\\/\",\"name\":\"KOMANDANTE, HVALA TI ZA SVE! Banjalu\u010dani odali po\u010dast generalu Mladi\u0107u (VIDEO) - Direktno\",\"isPartOf\":{\"@id\":\"https:\\\/\\\/direktno.info\\\/#website\"},\"primaryImageOfPage\":{\"@id\":\"https:\\\/\\\/direktno.info\\\/index.php\\\/2026\\\/09\\\/01\\\/komandante-hvala-ti-za-sve-banjalucani-odali-pocast-generalu-mladicu-video\\\/#primaryimage\"},\"image\":{\"@id\":\"https:\\\/\\\/direktno.info\\\/index.php\\\/2026\\\/09\\\/01\\\/komandante-hvala-ti-za-sve-banjalucani-odali-pocast-generalu-mladicu-video\\\/#primaryimage\"},\"thumbnailUrl\":\"https:\\\/\\\/direktno.info\\\/wp-content\\\/uploads\\\/2026\\\/09\\\/Screenshot_20260901_202307_com_facebook_katana_FbMainTabActivity.jpg\",\"datePublished\":\"2026-09-01T18:24:51+00:00\",\"dateModified\":\"2026-09-01T18:24:52+00:00\",\"breadcrumb\":{\"@id\":\"https:\\\/\\\/direktno.info\\\/index.php\\\/2026\\\/09\\\/01\\\/komandante-hvala-ti-za-sve-banjalucani-odali-pocast-generalu-mladicu-video\\\/#breadcrumb\"},\"inLanguage\":\"hr\",\"potentialAction\":[{\"@type\":\"ReadAction\",\"target\":[\"https:\\\/\\\/direktno.info\\\/index.php\\\/2026\\\/09\\\/01\\\/komandante-hvala-ti-za-sve-banjalucani-odali-pocast-generalu-mladicu-video\\\/\"]}]},{\"@type\":\"ImageObject\",\"inLanguage\":\"hr\",\"@id\":\"https:\\\/\\\/direktno.info\\\/index.php\\\/2026\\\/09\\\/01\\\/komandante-hvala-ti-za-sve-banjalucani-odali-pocast-generalu-mladicu-video\\\/#primaryimage\",\"url\":\"https:\\\/\\\/direktno.info\\\/wp-content\\\/uploads\\\/2026\\\/09\\\/Screenshot_20260901_202307_com_facebook_katana_FbMainTabActivity.jpg\",\"contentUrl\":\"https:\\\/\\\/direktno.info\\\/wp-content\\\/uploads\\\/2026\\\/09\\\/Screenshot_20260901_202307_com_facebook_katana_FbMainTabActivity.jpg\",\"width\":1280,\"height\":716},{\"@type\":\"BreadcrumbList\",\"@id\":\"https:\\\/\\\/direktno.info\\\/index.php\\\/2026\\\/09\\\/01\\\/komandante-hvala-ti-za-sve-banjalucani-odali-pocast-generalu-mladicu-video\\\/#breadcrumb\",\"itemListElement\":[{\"@type\":\"ListItem\",\"position\":1,\"name\":\"Po\u010detna stranica\",\"item\":\"https:\\\/\\\/direktno.info\\\/\"},{\"@type\":\"ListItem\",\"position\":2,\"name\":\"KOMANDANTE, HVALA TI ZA SVE! Banjalu\u010dani odali po\u010dast generalu Mladi\u0107u (VIDEO)\"}]},{\"@type\":\"WebSite\",\"@id\":\"https:\\\/\\\/direktno.info\\\/#website\",\"url\":\"https:\\\/\\\/direktno.info\\\/\",\"name\":\"Direktno\",\"description\":\"\",\"publisher\":{\"@id\":\"https:\\\/\\\/direktno.info\\\/#organization\"},\"potentialAction\":[{\"@type\":\"SearchAction\",\"target\":{\"@type\":\"EntryPoint\",\"urlTemplate\":\"https:\\\/\\\/direktno.info\\\/?s={search_term_string}\"},\"query-input\":{\"@type\":\"PropertyValueSpecification\",\"valueRequired\":true,\"valueName\":\"search_term_string\"}}],\"inLanguage\":\"hr\"},{\"@type\":\"Organization\",\"@id\":\"https:\\\/\\\/direktno.info\\\/#organization\",\"name\":\"Direktno\",\"url\":\"https:\\\/\\\/direktno.info\\\/\",\"logo\":{\"@type\":\"ImageObject\",\"inLanguage\":\"hr\",\"@id\":\"https:\\\/\\\/direktno.info\\\/#\\\/schema\\\/logo\\\/image\\\/\",\"url\":\"https:\\\/\\\/direktno.info\\\/wp-content\\\/uploads\\\/2026\\\/08\\\/direktno_logo_white.png\",\"contentUrl\":\"https:\\\/\\\/direktno.info\\\/wp-content\\\/uploads\\\/2026\\\/08\\\/direktno_logo_white.png\",\"width\":1600,\"height\":340,\"caption\":\"Direktno\"},\"image\":{\"@id\":\"https:\\\/\\\/direktno.info\\\/#\\\/schema\\\/logo\\\/image\\\/\"},\"sameAs\":[\"https:\\\/\\\/www.facebook.com\\\/share\\\/1Jy4gXyc5u\\\/\"]},{\"@type\":\"Person\",\"@id\":\"https:\\\/\\\/direktno.info\\\/#\\\/schema\\\/person\\\/05fbdaecab81c27dec7cc131a9b37be1\",\"name\":\"Redakcija\",\"image\":{\"@type\":\"ImageObject\",\"inLanguage\":\"hr\",\"@id\":\"https:\\\/\\\/secure.gravatar.com\\\/avatar\\\/ede9d7f54b6164109c0b03742da40f108052ff362d7f85a6850f3cb67bd3d495?s=96&d=mm&r=g\",\"url\":\"https:\\\/\\\/secure.gravatar.com\\\/avatar\\\/ede9d7f54b6164109c0b03742da40f108052ff362d7f85a6850f3cb67bd3d495?s=96&d=mm&r=g\",\"contentUrl\":\"https:\\\/\\\/secure.gravatar.com\\\/avatar\\\/ede9d7f54b6164109c0b03742da40f108052ff362d7f85a6850f3cb67bd3d495?s=96&d=mm&r=g\",\"caption\":\"Redakcija\"},\"sameAs\":[\"http:\\\/\\\/direktno.info\"],\"url\":\"https:\\\/\\\/direktno.info\\\/index.php\\\/author\\\/novinar0603\\\/\"}]}<\/script>\n<!-- \/ Yoast SEO plugin. -->","yoast_head_json":{"title":"KOMANDANTE, HVALA TI ZA SVE! Banjalu\u010dani odali po\u010dast generalu Mladi\u0107u (VIDEO) - Direktno","robots":{"index":"index","follow":"follow","max-snippet":"max-snippet:-1","max-image-preview":"max-image-preview:large","max-video-preview":"max-video-preview:-1"},"canonical":"https:\/\/direktno.info\/index.php\/2026\/09\/01\/komandante-hvala-ti-za-sve-banjalucani-odali-pocast-generalu-mladicu-video\/","og_locale":"hr_HR","og_type":"article","og_title":"KOMANDANTE, HVALA TI ZA SVE! Banjalu\u010dani odali po\u010dast generalu Mladi\u0107u (VIDEO) - Direktno","og_description":"&#8220;Komandante, hvala ti za sve!&#8221; 12. mart 1942.- 27. avgust 2026.","og_url":"https:\/\/direktno.info\/index.php\/2026\/09\/01\/komandante-hvala-ti-za-sve-banjalucani-odali-pocast-generalu-mladicu-video\/","og_site_name":"Direktno","article_publisher":"https:\/\/www.facebook.com\/share\/1Jy4gXyc5u\/","article_published_time":"2026-09-01T18:24:51+00:00","article_modified_time":"2026-09-01T18:24:52+00:00","og_image":[{"width":1280,"height":716,"url":"http:\/\/direktno.info\/wp-content\/uploads\/2026\/09\/Screenshot_20260901_202307_com_facebook_katana_FbMainTabActivity.jpg","type":"image\/jpeg"}],"author":"Redakcija","twitter_card":"summary_large_image","twitter_misc":{"Napisao\/la":"Redakcija","Procijenjeno vrijeme \u010ditanja":"1 minuta"},"schema":{"@context":"https:\/\/schema.org","@graph":[{"@type":"Article","@id":"https:\/\/direktno.info\/index.php\/2026\/09\/01\/komandante-hvala-ti-za-sve-banjalucani-odali-pocast-generalu-mladicu-video\/#article","isPartOf":{"@id":"https:\/\/direktno.info\/index.php\/2026\/09\/01\/komandante-hvala-ti-za-sve-banjalucani-odali-pocast-generalu-mladicu-video\/"},"author":{"name":"Redakcija","@id":"https:\/\/direktno.info\/#\/schema\/person\/05fbdaecab81c27dec7cc131a9b37be1"},"headline":"KOMANDANTE, HVALA TI ZA SVE! Banjalu\u010dani odali po\u010dast generalu Mladi\u0107u (VIDEO)","datePublished":"2026-09-01T18:24:51+00:00","dateModified":"2026-09-01T18:24:52+00:00","mainEntityOfPage":{"@id":"https:\/\/direktno.info\/index.php\/2026\/09\/01\/komandante-hvala-ti-za-sve-banjalucani-odali-pocast-generalu-mladicu-video\/"},"wordCount":22,"commentCount":0,"publisher":{"@id":"https:\/\/direktno.info\/#organization"},"image":{"@id":"https:\/\/direktno.info\/index.php\/2026\/09\/01\/komandante-hvala-ti-za-sve-banjalucani-odali-pocast-generalu-mladicu-video\/#primaryimage"},"thumbnailUrl":"https:\/\/direktno.info\/wp-content\/uploads\/2026\/09\/Screenshot_20260901_202307_com_facebook_katana_FbMainTabActivity.jpg","keywords":["Banja Luka","Ratko Mladi\u0107","Republika Srpska"],"articleSection":["Po\u010detna","Video dana"],"inLanguage":"hr","potentialAction":[{"@type":"CommentAction","name":"Comment","target":["https:\/\/direktno.info\/index.php\/2026\/09\/01\/komandante-hvala-ti-za-sve-banjalucani-odali-pocast-generalu-mladicu-video\/#respond"]}]},{"@type":"WebPage","@id":"https:\/\/direktno.info\/index.php\/2026\/09\/01\/komandante-hvala-ti-za-sve-banjalucani-odali-pocast-generalu-mladicu-video\/","url":"https:\/\/direktno.info\/index.php\/2026\/09\/01\/komandante-hvala-ti-za-sve-banjalucani-odali-pocast-generalu-mladicu-video\/","name":"KOMANDANTE, HVALA TI ZA SVE! Banjalu\u010dani odali po\u010dast generalu Mladi\u0107u (VIDEO) - Direktno","isPartOf":{"@id":"https:\/\/direktno.info\/#website"},"primaryImageOfPage":{"@id":"https:\/\/direktno.info\/index.php\/2026\/09\/01\/komandante-hvala-ti-za-sve-banjalucani-odali-pocast-generalu-mladicu-video\/#primaryimage"},"image":{"@id":"https:\/\/direktno.info\/index.php\/2026\/09\/01\/komandante-hvala-ti-za-sve-banjalucani-odali-pocast-generalu-mladicu-video\/#primaryimage"},"thumbnailUrl":"https:\/\/direktno.info\/wp-content\/uploads\/2026\/09\/Screenshot_20260901_202307_com_facebook_katana_FbMainTabActivity.jpg","datePublished":"2026-09-01T18:24:51+00:00","dateModified":"2026-09-01T18:24:52+00:00","breadcrumb":{"@id":"https:\/\/direktno.info\/index.php\/2026\/09\/01\/komandante-hvala-ti-za-sve-banjalucani-odali-pocast-generalu-mladicu-video\/#breadcrumb"},"inLanguage":"hr","potentialAction":[{"@type":"ReadAction","target":["https:\/\/direktno.info\/index.php\/2026\/09\/01\/komandante-hvala-ti-za-sve-banjalucani-odali-pocast-generalu-mladicu-video\/"]}]},{"@type":"ImageObject","inLanguage":"hr","@id":"https:\/\/direktno.info\/index.php\/2026\/09\/01\/komandante-hvala-ti-za-sve-banjalucani-odali-pocast-generalu-mladicu-video\/#primaryimage","url":"https:\/\/direktno.info\/wp-content\/uploads\/2026\/09\/Screenshot_20260901_202307_com_facebook_katana_FbMainTabActivity.jpg","contentUrl":"https:\/\/direktno.info\/wp-content\/uploads\/2026\/09\/Screenshot_20260901_202307_com_facebook_katana_FbMainTabActivity.jpg","width":1280,"height":716},{"@type":"BreadcrumbList","@id":"https:\/\/direktno.info\/index.php\/2026\/09\/01\/komandante-hvala-ti-za-sve-banjalucani-odali-pocast-generalu-mladicu-video\/#breadcrumb","itemListElement":[{"@type":"ListItem","position":1,"name":"Po\u010detna stranica","item":"https:\/\/direktno.info\/"},{"@type":"ListItem","position":2,"name":"KOMANDANTE, HVALA TI ZA SVE! Banjalu\u010dani odali po\u010dast generalu Mladi\u0107u (VIDEO)"}]},{"@type":"WebSite","@id":"https:\/\/direktno.info\/#website","url":"https:\/\/direktno.info\/","name":"Direktno","description":"","publisher":{"@id":"https:\/\/direktno.info\/#organization"},"potentialAction":[{"@type":"SearchAction","target":{"@type":"EntryPoint","urlTemplate":"https:\/\/direktno.info\/?s={search_term_string}"},"query-input":{"@type":"PropertyValueSpecification","valueRequired":true,"valueName":"search_term_string"}}],"inLanguage":"hr"},{"@type":"Organization","@id":"https:\/\/direktno.info\/#organization","name":"Direktno","url":"https:\/\/direktno.info\/","logo":{"@type":"ImageObject","inLanguage":"hr","@id":"https:\/\/direktno.info\/#\/schema\/logo\/image\/","url":"https:\/\/direktno.info\/wp-content\/uploads\/2026\/08\/direktno_logo_white.png","contentUrl":"https:\/\/direktno.info\/wp-content\/uploads\/2026\/08\/direktno_logo_white.png","width":1600,"height":340,"caption":"Direktno"},"image":{"@id":"https:\/\/direktno.info\/#\/schema\/logo\/image\/"},"sameAs":["https:\/\/www.facebook.com\/share\/1Jy4gXyc5u\/"]},{"@type":"Person","@id":"https:\/\/direktno.info\/#\/schema\/person\/05fbdaecab81c27dec7cc131a9b37be1","name":"Redakcija","image":{"@type":"ImageObject","inLanguage":"hr","@id":"https:\/\/secure.gravatar.com\/avatar\/ede9d7f54b6164109c0b03742da40f108052ff362d7f85a6850f3cb67bd3d495?s=96&d=mm&r=g","url":"https:\/\/secure.gravatar.com\/avatar\/ede9d7f54b6164109c0b03742da40f108052ff362d7f85a6850f3cb67bd3d495?s=96&d=mm&r=g","contentUrl":"https:\/\/secure.gravatar.com\/avatar\/ede9d7f54b6164109c0b03742da40f108052ff362d7f85a6850f3cb67bd3d495?s=96&d=mm&r=g","caption":"Redakcija"},"sameAs":["http:\/\/direktno.info"],"url":"https:\/\/direktno.info\/index.php\/author\/novinar0603\/"}]}},"_links":{"self":[{"href":"https:\/\/direktno.info\/index.php\/wp-json\/wp\/v2\/posts\/1583","targetHints":{"allow":["GET"]}}],"collection":[{"href":"https:\/\/direktno.info\/index.php\/wp-json\/wp\/v2\/posts"}],"about":[{"href":"https:\/\/direktno.info\/index.php\/wp-json\/wp\/v2\/types\/post"}],"author":[{"embeddable":true,"href":"https:\/\/direktno.info\/index.php\/wp-json\/wp\/v2\/users\/1"}],"replies":[{"embeddable":true,"href":"https:\/\/direktno.info\/index.php\/wp-json\/wp\/v2\/comments?post=1583"}],"version-history":[{"count":1,"href":"https:\/\/direktno.info\/index.php\/wp-json\/wp\/v2\/posts\/1583\/revisions"}],"predecessor-version":[{"id":1586,"href":"https:\/\/direktno.info\/index.php\/wp-json\/wp\/v2\/posts\/1583\/revisions\/1586"}],"wp:featuredmedia":[{"embeddable":true,"href":"https:\/\/direktno.info\/index.php\/wp-json\/wp\/v2\/media\/1585"}],"wp:attachment":[{"href":"https:\/\/direktno.info\/index.php\/wp-json\/wp\/v2\/media?parent=1583"}],"wp:term":[{"taxonomy":"category","embeddable":true,"href":"https:\/\/direktno.info\/index.php\/wp-json\/wp\/v2\/categories?post=1583"},{"taxonomy":"post_tag","embeddable":true,"href":"https:\/\/direktno.info\/index.php\/wp-json\/wp\/v2\/tags?post=1583"}],"curies":[{"name":"wp","href":"https:\/\/api.w.org\/{rel}","templated":true}]}}