{"id":1578,"date":"2026-09-01T17:09:29","date_gmt":"2026-09-01T17:09:29","guid":{"rendered":"https:\/\/direktno.info\/?p=1578"},"modified":"2026-09-01T17:09:30","modified_gmt":"2026-09-01T17:09:30","slug":"stanivukovic-uhvacen-u-lazi-nista-od-uniformi-grad-dzabe-dao-pare","status":"publish","type":"post","link":"https:\/\/direktno.info\/index.php\/2026\/09\/01\/stanivukovic-uhvacen-u-lazi-nista-od-uniformi-grad-dzabe-dao-pare\/","title":{"rendered":"STANIVUKOVI\u0106 UHVA\u0106EN U LA\u017dI: Ni\u0161ta od uniformi, grad d\u017eabe dao pare!"},"content":{"rendered":"\n<p class=\"wp-block-paragraph\"><strong>Dra\u0161ko Stanivukovi\u0107, gradona\u010delnik Banjaluke podijelio je fotografiju osnovaca u jednobraznim uniformama uz poruku &#8211; &#8220;prvo odjeljenje koje je prihvatilo na\u0161u ideju&#8221;. Odmah zatim reakcija nadle\u017enog ministarstva i direktora \u0161kole.<\/strong><\/p>\n\n\n\n<p class=\"wp-block-paragraph\">&#8211; Povodom fotografije koja se pojavila u javnosti na kojoj se gradona\u010delnik grada Banjaluka nalazi sa u\u010denicima Osnovne \u0161kole <strong>Borisav Stankovi\u0107<\/strong>, \u017eelim da obavijestim javnost da se gradona\u010delnik grada Banjaluka bez mog prethodnog znanja i saglasnosti fotografisao sa u\u010denicima jednog odjeljenja na\u0161e \u0161kole, kazae je za ATV <strong>Miladin Savi\u0107, direktor O\u0160 &#8220;Borisav Stankovi\u0107&#8221;<\/strong>. <\/p>\n\n\n\n<p class=\"wp-block-paragraph\">On poru\u010duje da prema informacijama kojima raspola\u017ee, do fotografisanja je do\u0161lo u dogovoru sa pojedinim \u010dlanovima Savjeta roditelja. U\u010denici su tog dana do\u0161li jednobrazno obu\u010deni, \u0161to je bila inicijativa i dogovor koji je postoja me\u0111u roditeljima.<\/p>\n\n\n\n<p class=\"wp-block-paragraph\">-Me\u0111utim, uprava \u0161kole nije bila upoznata sa namjerom da se navedena okolnost iskoristi za organizovanje fotografisanja sa gradona\u010delnikom. \u017delim naglasiti da Ministarstvo prosvjete i kulture nije dalo nikakvu saglasnost u vezi no\u0161enja uniformi u \u0161kolama i da \u0161kola nije dobila saglasnost nadle\u017enog Ministarstva za njegovu realizaciju, ka\u017ee Savi\u0107.<\/p>\n\n\n\n<p class=\"wp-block-paragraph\">On nagla\u0161ava da JU O\u0160 Borisav Stankovi\u0107 nije organizovala navedeno fotografisanje niti je on bio uklju\u010den u dogovore koji su prethodili njegovom organizovanju.<\/p>\n\n\n\n<p class=\"wp-block-paragraph\">&#8211;<strong>\u0160kola nije dala zvani\u010dnu saglasnost da se u\u010denici fotografi\u0161u u okviru bilo kakve aktivnosti koja bi mogla biti predstavljena kao aktivnost \u0161kole.<\/strong> <strong>Na\u0161a \u0161kola je obrazovna ustanova koja svoje u\u010denike i njihovo djetinjstvo nastoji za\u0161tititi od bilo kakve politizacije. <\/strong>Neophodno je da sve aktivnosti koje uklju\u010duju u\u010denike budu organizovane transparentno i uz prethodno znanje i odgovornost uprave \u0161kole, ka\u017ee <strong>Savi\u0107<\/strong>.<\/p>\n\n\n\n<p class=\"wp-block-paragraph\">Ministarstvo prosvjete i kulture Republike Srpske nije dalo saglasnost gradu Banjaluka, niti banjalu\u010dkim osnovnim \u0161kolama, za uvo\u0111enje \u0161kolskih uniformi, te poziva grad da obustavi aktivnosti kojima se zaobilaze nadle\u017enosti institucija.<\/p>\n\n\n\n<p class=\"wp-block-paragraph\">Iz resornog ministarstva podsje\u0107aju da se Grad Banjaluka ranije obratio Ministarstvu inicijativom za realizaciju pilot-projekta uvo\u0111enja \u0161kolskih uniformi, te da su ukazali na potrebu da se inicijativa dodatno obrazlo\u017ei sa aspekta pedago\u0161ke opravdanosti, na\u010dina realizacije, finansiranja i evaluacije projekta.<\/p>\n\n\n\n<p class=\"wp-block-paragraph\">&#8211;<strong>Do danas nije dostavljena dopunjena dokumentacija kojom bi bili otklonjeni uo\u010deni nedostaci. S obzirom na to, Ministarstvo nije dalo saglasnost za uvo\u0111enje \u0161kolskih uniformi<\/strong>, navodi se u saop\u0161tenju Ministarstva.<\/p>\n\n\n\n<figure class=\"wp-block-image size-large\"><img loading=\"lazy\" decoding=\"async\" width=\"536\" height=\"1024\" src=\"https:\/\/direktno.info\/wp-content\/uploads\/2026\/09\/69699-536x1024.jpg\" alt=\"\" class=\"wp-image-1579\" srcset=\"https:\/\/direktno.info\/wp-content\/uploads\/2026\/09\/69699-536x1024.jpg 536w, https:\/\/direktno.info\/wp-content\/uploads\/2026\/09\/69699-157x300.jpg 157w, https:\/\/direktno.info\/wp-content\/uploads\/2026\/09\/69699-768x1467.jpg 768w, https:\/\/direktno.info\/wp-content\/uploads\/2026\/09\/69699-804x1536.jpg 804w, https:\/\/direktno.info\/wp-content\/uploads\/2026\/09\/69699-1072x2048.jpg 1072w, https:\/\/direktno.info\/wp-content\/uploads\/2026\/09\/69699.jpg 1280w\" sizes=\"auto, (max-width: 536px) 100vw, 536px\" \/><\/figure>\n\n\n\n<p class=\"wp-block-paragraph\">Iz Ministarstva podsje\u0107aju Grad Banjaluka da se pitanje u vezi sa nepotpunom dokumentacijom za pilot-projekat rje\u0161ava u skladu sa zakonskim i podzakonskim propisima iz oblasti osnovnog vaspitanja i obrazovanja.<\/p>\n\n\n\n<p class=\"wp-block-paragraph\">Iz Ministarstva poru\u010duju da pozivanje savjeta roditelja i od\u200cjeljenja na izja\u0161njavanje o uniformama koje je obezbijedio Grad Banjaluka ne mo\u017ee predstavljati na\u010din za dono\u0161enje odluke o njihovom uvo\u0111enju u \u0161kole. <strong>Posebno ukazuju da savjet roditelja nema nadle\u017enost da samostalno odlu\u010duje o uvo\u0111enju \u0161kolskih uniformi, niti se posredstvom izja\u0161njavanja roditelja mogu zaobi\u0107i zakonom propisane nadle\u017enosti Ministarstva.<\/strong><\/p>\n\n\n\n<p class=\"wp-block-paragraph\">-Savjet roditelja mo\u017ee da svoje prijedloge, pitanja i stavove upu\u0107uje \u0161kolskom odboru, direktoru, odnosno stru\u010dnim organima \u0161kole. Pravila primjerenog obla\u010denja u\u010denika i nastavnika ve\u0107 su definisana eti\u010dkim kodeksima koje \u0161kole donose u skladu sa propisima, zaklju\u010dili su iz resornog ministarstva.<\/p>\n\n\n\n<figure class=\"wp-block-gallery has-nested-images columns-default is-cropped wp-block-gallery-1 is-layout-flex wp-block-gallery-is-layout-flex\">\n<figure class=\"wp-block-image size-large\"><img loading=\"lazy\" decoding=\"async\" width=\"617\" height=\"1024\" data-id=\"1580\" src=\"https:\/\/direktno.info\/wp-content\/uploads\/2026\/09\/69697-617x1024.jpg\" alt=\"\" class=\"wp-image-1580\" srcset=\"https:\/\/direktno.info\/wp-content\/uploads\/2026\/09\/69697-617x1024.jpg 617w, https:\/\/direktno.info\/wp-content\/uploads\/2026\/09\/69697-768x1274.jpg 768w, https:\/\/direktno.info\/wp-content\/uploads\/2026\/09\/69697-181x300.jpg 181w, https:\/\/direktno.info\/wp-content\/uploads\/2026\/09\/69697-926x1536.jpg 926w, https:\/\/direktno.info\/wp-content\/uploads\/2026\/09\/69697-1234x2048.jpg 1234w, https:\/\/direktno.info\/wp-content\/uploads\/2026\/09\/69697.jpg 1280w\" sizes=\"auto, (max-width: 617px) 100vw, 617px\" \/><\/figure>\n<\/figure>\n\n\n\n<p class=\"wp-block-paragraph\">Gradona\u010delnik Banjaluke Dra\u0161ko Stanivukovi\u0107 u svojoj objavi podijelio je fotografiju djece koja poziraju u jednobraznim uniformama. Tom prilikom pozvao je nadle\u017eno ministarstvo i direktore \u0161kola da razgovaraju, jer kako se njemu \u010dini, po pozitivnim reakcijama mnogih, ovo je ne\u0161to \u0161to je potrebno na\u0161em dru\u0161tvu.<\/p>\n\n\n\n<p class=\"wp-block-paragraph\">-Posebno je zadovoljstvo \u0161to se jo\u0161 pet Savjeta roditelja iz drugih \u0161kola javilo sa \u017eeljom da ova ideja za\u017eivi i me\u0111u njihovom djecom, napisao je Stanivukovi\u0107 na dru\u0161tvenim mre\u017eama. <\/p>\n","protected":false},"excerpt":{"rendered":"<p>Dra\u0161ko Stanivukovi\u0107, gradona\u010delnik Banjaluke podijelio je fotografiju osnovaca u jednobraznim uniformama uz poruku &#8211; &#8220;prvo odjeljenje koje je<\/p>\n","protected":false},"author":1,"featured_media":1581,"comment_status":"open","ping_status":"open","sticky":false,"template":"","format":"standard","meta":{"footnotes":""},"categories":[34],"tags":[104,55,49,105,98],"class_list":["post-1578","post","type-post","status-publish","format-standard","has-post-thumbnail","hentry","category-banjaluka","tag-adrijana-basara","tag-banja-luka","tag-drasko-stanivukovic","tag-ministarstvo-prosvete-republike-srpske","tag-republika-srpska"],"yoast_head":"<!-- This site is optimized with the Yoast SEO plugin v28.3 - https:\/\/yoast.com\/product\/yoast-seo-wordpress\/ -->\n<title>STANIVUKOVI\u0106 UHVA\u0106EN U LA\u017dI: Ni\u0161ta od uniformi, grad d\u017eabe dao pare! - Direktno<\/title>\n<meta name=\"robots\" content=\"index, follow, max-snippet:-1, max-image-preview:large, max-video-preview:-1\" \/>\n<link rel=\"canonical\" href=\"https:\/\/direktno.info\/index.php\/2026\/09\/01\/stanivukovic-uhvacen-u-lazi-nista-od-uniformi-grad-dzabe-dao-pare\/\" \/>\n<meta property=\"og:locale\" content=\"hr_HR\" \/>\n<meta property=\"og:type\" content=\"article\" \/>\n<meta property=\"og:title\" content=\"STANIVUKOVI\u0106 UHVA\u0106EN U LA\u017dI: Ni\u0161ta od uniformi, grad d\u017eabe dao pare! - Direktno\" \/>\n<meta property=\"og:description\" content=\"Dra\u0161ko Stanivukovi\u0107, gradona\u010delnik Banjaluke podijelio je fotografiju osnovaca u jednobraznim uniformama uz poruku &#8211; &#8220;prvo odjeljenje koje je\" \/>\n<meta property=\"og:url\" content=\"https:\/\/direktno.info\/index.php\/2026\/09\/01\/stanivukovic-uhvacen-u-lazi-nista-od-uniformi-grad-dzabe-dao-pare\/\" \/>\n<meta property=\"og:site_name\" content=\"Direktno\" \/>\n<meta property=\"article:publisher\" content=\"https:\/\/www.facebook.com\/share\/1Jy4gXyc5u\/\" \/>\n<meta property=\"article:published_time\" content=\"2026-09-01T17:09:29+00:00\" \/>\n<meta property=\"article:modified_time\" content=\"2026-09-01T17:09:30+00:00\" \/>\n<meta property=\"og:image\" content=\"http:\/\/direktno.info\/wp-content\/uploads\/2026\/09\/Screenshot_20260901_185446_com_facebook_katana_BrowserLiteDIActivity.jpg\" \/>\n\t<meta property=\"og:image:width\" content=\"1280\" \/>\n\t<meta property=\"og:image:height\" content=\"879\" \/>\n\t<meta property=\"og:image:type\" content=\"image\/jpeg\" \/>\n<meta name=\"author\" content=\"Redakcija\" \/>\n<meta name=\"twitter:card\" content=\"summary_large_image\" \/>\n<meta name=\"twitter:label1\" content=\"Napisao\/la\" \/>\n\t<meta name=\"twitter:data1\" content=\"Redakcija\" \/>\n\t<meta name=\"twitter:label2\" content=\"Procijenjeno vrijeme \u010ditanja\" \/>\n\t<meta name=\"twitter:data2\" content=\"4 minute\" \/>\n<script type=\"application\/ld+json\" class=\"yoast-schema-graph\">{\"@context\":\"https:\\\/\\\/schema.org\",\"@graph\":[{\"@type\":\"Article\",\"@id\":\"https:\\\/\\\/direktno.info\\\/index.php\\\/2026\\\/09\\\/01\\\/stanivukovic-uhvacen-u-lazi-nista-od-uniformi-grad-dzabe-dao-pare\\\/#article\",\"isPartOf\":{\"@id\":\"https:\\\/\\\/direktno.info\\\/index.php\\\/2026\\\/09\\\/01\\\/stanivukovic-uhvacen-u-lazi-nista-od-uniformi-grad-dzabe-dao-pare\\\/\"},\"author\":{\"name\":\"Redakcija\",\"@id\":\"https:\\\/\\\/direktno.info\\\/#\\\/schema\\\/person\\\/05fbdaecab81c27dec7cc131a9b37be1\"},\"headline\":\"STANIVUKOVI\u0106 UHVA\u0106EN U LA\u017dI: Ni\u0161ta od uniformi, grad d\u017eabe dao pare!\",\"datePublished\":\"2026-09-01T17:09:29+00:00\",\"dateModified\":\"2026-09-01T17:09:30+00:00\",\"mainEntityOfPage\":{\"@id\":\"https:\\\/\\\/direktno.info\\\/index.php\\\/2026\\\/09\\\/01\\\/stanivukovic-uhvacen-u-lazi-nista-od-uniformi-grad-dzabe-dao-pare\\\/\"},\"wordCount\":635,\"commentCount\":0,\"publisher\":{\"@id\":\"https:\\\/\\\/direktno.info\\\/#organization\"},\"image\":{\"@id\":\"https:\\\/\\\/direktno.info\\\/index.php\\\/2026\\\/09\\\/01\\\/stanivukovic-uhvacen-u-lazi-nista-od-uniformi-grad-dzabe-dao-pare\\\/#primaryimage\"},\"thumbnailUrl\":\"https:\\\/\\\/direktno.info\\\/wp-content\\\/uploads\\\/2026\\\/09\\\/Screenshot_20260901_185446_com_facebook_katana_BrowserLiteDIActivity.jpg\",\"keywords\":[\"Adrijana Basara\",\"Banja Luka\",\"Dra\u0161ko Stanivukovi\u0107\",\"Ministarstvo prosvete Republike Srpske\",\"Republika Srpska\"],\"articleSection\":[\"Banjaluka\"],\"inLanguage\":\"hr\",\"potentialAction\":[{\"@type\":\"CommentAction\",\"name\":\"Comment\",\"target\":[\"https:\\\/\\\/direktno.info\\\/index.php\\\/2026\\\/09\\\/01\\\/stanivukovic-uhvacen-u-lazi-nista-od-uniformi-grad-dzabe-dao-pare\\\/#respond\"]}]},{\"@type\":\"WebPage\",\"@id\":\"https:\\\/\\\/direktno.info\\\/index.php\\\/2026\\\/09\\\/01\\\/stanivukovic-uhvacen-u-lazi-nista-od-uniformi-grad-dzabe-dao-pare\\\/\",\"url\":\"https:\\\/\\\/direktno.info\\\/index.php\\\/2026\\\/09\\\/01\\\/stanivukovic-uhvacen-u-lazi-nista-od-uniformi-grad-dzabe-dao-pare\\\/\",\"name\":\"STANIVUKOVI\u0106 UHVA\u0106EN U LA\u017dI: Ni\u0161ta od uniformi, grad d\u017eabe dao pare! - Direktno\",\"isPartOf\":{\"@id\":\"https:\\\/\\\/direktno.info\\\/#website\"},\"primaryImageOfPage\":{\"@id\":\"https:\\\/\\\/direktno.info\\\/index.php\\\/2026\\\/09\\\/01\\\/stanivukovic-uhvacen-u-lazi-nista-od-uniformi-grad-dzabe-dao-pare\\\/#primaryimage\"},\"image\":{\"@id\":\"https:\\\/\\\/direktno.info\\\/index.php\\\/2026\\\/09\\\/01\\\/stanivukovic-uhvacen-u-lazi-nista-od-uniformi-grad-dzabe-dao-pare\\\/#primaryimage\"},\"thumbnailUrl\":\"https:\\\/\\\/direktno.info\\\/wp-content\\\/uploads\\\/2026\\\/09\\\/Screenshot_20260901_185446_com_facebook_katana_BrowserLiteDIActivity.jpg\",\"datePublished\":\"2026-09-01T17:09:29+00:00\",\"dateModified\":\"2026-09-01T17:09:30+00:00\",\"breadcrumb\":{\"@id\":\"https:\\\/\\\/direktno.info\\\/index.php\\\/2026\\\/09\\\/01\\\/stanivukovic-uhvacen-u-lazi-nista-od-uniformi-grad-dzabe-dao-pare\\\/#breadcrumb\"},\"inLanguage\":\"hr\",\"potentialAction\":[{\"@type\":\"ReadAction\",\"target\":[\"https:\\\/\\\/direktno.info\\\/index.php\\\/2026\\\/09\\\/01\\\/stanivukovic-uhvacen-u-lazi-nista-od-uniformi-grad-dzabe-dao-pare\\\/\"]}]},{\"@type\":\"ImageObject\",\"inLanguage\":\"hr\",\"@id\":\"https:\\\/\\\/direktno.info\\\/index.php\\\/2026\\\/09\\\/01\\\/stanivukovic-uhvacen-u-lazi-nista-od-uniformi-grad-dzabe-dao-pare\\\/#primaryimage\",\"url\":\"https:\\\/\\\/direktno.info\\\/wp-content\\\/uploads\\\/2026\\\/09\\\/Screenshot_20260901_185446_com_facebook_katana_BrowserLiteDIActivity.jpg\",\"contentUrl\":\"https:\\\/\\\/direktno.info\\\/wp-content\\\/uploads\\\/2026\\\/09\\\/Screenshot_20260901_185446_com_facebook_katana_BrowserLiteDIActivity.jpg\",\"width\":1280,\"height\":879},{\"@type\":\"BreadcrumbList\",\"@id\":\"https:\\\/\\\/direktno.info\\\/index.php\\\/2026\\\/09\\\/01\\\/stanivukovic-uhvacen-u-lazi-nista-od-uniformi-grad-dzabe-dao-pare\\\/#breadcrumb\",\"itemListElement\":[{\"@type\":\"ListItem\",\"position\":1,\"name\":\"Po\u010detna stranica\",\"item\":\"https:\\\/\\\/direktno.info\\\/\"},{\"@type\":\"ListItem\",\"position\":2,\"name\":\"STANIVUKOVI\u0106 UHVA\u0106EN U LA\u017dI: Ni\u0161ta od uniformi, grad d\u017eabe dao pare!\"}]},{\"@type\":\"WebSite\",\"@id\":\"https:\\\/\\\/direktno.info\\\/#website\",\"url\":\"https:\\\/\\\/direktno.info\\\/\",\"name\":\"Direktno\",\"description\":\"\",\"publisher\":{\"@id\":\"https:\\\/\\\/direktno.info\\\/#organization\"},\"potentialAction\":[{\"@type\":\"SearchAction\",\"target\":{\"@type\":\"EntryPoint\",\"urlTemplate\":\"https:\\\/\\\/direktno.info\\\/?s={search_term_string}\"},\"query-input\":{\"@type\":\"PropertyValueSpecification\",\"valueRequired\":true,\"valueName\":\"search_term_string\"}}],\"inLanguage\":\"hr\"},{\"@type\":\"Organization\",\"@id\":\"https:\\\/\\\/direktno.info\\\/#organization\",\"name\":\"Direktno\",\"url\":\"https:\\\/\\\/direktno.info\\\/\",\"logo\":{\"@type\":\"ImageObject\",\"inLanguage\":\"hr\",\"@id\":\"https:\\\/\\\/direktno.info\\\/#\\\/schema\\\/logo\\\/image\\\/\",\"url\":\"https:\\\/\\\/direktno.info\\\/wp-content\\\/uploads\\\/2026\\\/08\\\/direktno_logo_white.png\",\"contentUrl\":\"https:\\\/\\\/direktno.info\\\/wp-content\\\/uploads\\\/2026\\\/08\\\/direktno_logo_white.png\",\"width\":1600,\"height\":340,\"caption\":\"Direktno\"},\"image\":{\"@id\":\"https:\\\/\\\/direktno.info\\\/#\\\/schema\\\/logo\\\/image\\\/\"},\"sameAs\":[\"https:\\\/\\\/www.facebook.com\\\/share\\\/1Jy4gXyc5u\\\/\"]},{\"@type\":\"Person\",\"@id\":\"https:\\\/\\\/direktno.info\\\/#\\\/schema\\\/person\\\/05fbdaecab81c27dec7cc131a9b37be1\",\"name\":\"Redakcija\",\"image\":{\"@type\":\"ImageObject\",\"inLanguage\":\"hr\",\"@id\":\"https:\\\/\\\/secure.gravatar.com\\\/avatar\\\/ede9d7f54b6164109c0b03742da40f108052ff362d7f85a6850f3cb67bd3d495?s=96&d=mm&r=g\",\"url\":\"https:\\\/\\\/secure.gravatar.com\\\/avatar\\\/ede9d7f54b6164109c0b03742da40f108052ff362d7f85a6850f3cb67bd3d495?s=96&d=mm&r=g\",\"contentUrl\":\"https:\\\/\\\/secure.gravatar.com\\\/avatar\\\/ede9d7f54b6164109c0b03742da40f108052ff362d7f85a6850f3cb67bd3d495?s=96&d=mm&r=g\",\"caption\":\"Redakcija\"},\"sameAs\":[\"http:\\\/\\\/direktno.info\"],\"url\":\"https:\\\/\\\/direktno.info\\\/index.php\\\/author\\\/novinar0603\\\/\"}]}<\/script>\n<!-- \/ Yoast SEO plugin. -->","yoast_head_json":{"title":"STANIVUKOVI\u0106 UHVA\u0106EN U LA\u017dI: Ni\u0161ta od uniformi, grad d\u017eabe dao pare! - Direktno","robots":{"index":"index","follow":"follow","max-snippet":"max-snippet:-1","max-image-preview":"max-image-preview:large","max-video-preview":"max-video-preview:-1"},"canonical":"https:\/\/direktno.info\/index.php\/2026\/09\/01\/stanivukovic-uhvacen-u-lazi-nista-od-uniformi-grad-dzabe-dao-pare\/","og_locale":"hr_HR","og_type":"article","og_title":"STANIVUKOVI\u0106 UHVA\u0106EN U LA\u017dI: Ni\u0161ta od uniformi, grad d\u017eabe dao pare! - Direktno","og_description":"Dra\u0161ko Stanivukovi\u0107, gradona\u010delnik Banjaluke podijelio je fotografiju osnovaca u jednobraznim uniformama uz poruku &#8211; &#8220;prvo odjeljenje koje je","og_url":"https:\/\/direktno.info\/index.php\/2026\/09\/01\/stanivukovic-uhvacen-u-lazi-nista-od-uniformi-grad-dzabe-dao-pare\/","og_site_name":"Direktno","article_publisher":"https:\/\/www.facebook.com\/share\/1Jy4gXyc5u\/","article_published_time":"2026-09-01T17:09:29+00:00","article_modified_time":"2026-09-01T17:09:30+00:00","og_image":[{"width":1280,"height":879,"url":"http:\/\/direktno.info\/wp-content\/uploads\/2026\/09\/Screenshot_20260901_185446_com_facebook_katana_BrowserLiteDIActivity.jpg","type":"image\/jpeg"}],"author":"Redakcija","twitter_card":"summary_large_image","twitter_misc":{"Napisao\/la":"Redakcija","Procijenjeno vrijeme \u010ditanja":"4 minute"},"schema":{"@context":"https:\/\/schema.org","@graph":[{"@type":"Article","@id":"https:\/\/direktno.info\/index.php\/2026\/09\/01\/stanivukovic-uhvacen-u-lazi-nista-od-uniformi-grad-dzabe-dao-pare\/#article","isPartOf":{"@id":"https:\/\/direktno.info\/index.php\/2026\/09\/01\/stanivukovic-uhvacen-u-lazi-nista-od-uniformi-grad-dzabe-dao-pare\/"},"author":{"name":"Redakcija","@id":"https:\/\/direktno.info\/#\/schema\/person\/05fbdaecab81c27dec7cc131a9b37be1"},"headline":"STANIVUKOVI\u0106 UHVA\u0106EN U LA\u017dI: Ni\u0161ta od uniformi, grad d\u017eabe dao pare!","datePublished":"2026-09-01T17:09:29+00:00","dateModified":"2026-09-01T17:09:30+00:00","mainEntityOfPage":{"@id":"https:\/\/direktno.info\/index.php\/2026\/09\/01\/stanivukovic-uhvacen-u-lazi-nista-od-uniformi-grad-dzabe-dao-pare\/"},"wordCount":635,"commentCount":0,"publisher":{"@id":"https:\/\/direktno.info\/#organization"},"image":{"@id":"https:\/\/direktno.info\/index.php\/2026\/09\/01\/stanivukovic-uhvacen-u-lazi-nista-od-uniformi-grad-dzabe-dao-pare\/#primaryimage"},"thumbnailUrl":"https:\/\/direktno.info\/wp-content\/uploads\/2026\/09\/Screenshot_20260901_185446_com_facebook_katana_BrowserLiteDIActivity.jpg","keywords":["Adrijana Basara","Banja Luka","Dra\u0161ko Stanivukovi\u0107","Ministarstvo prosvete Republike Srpske","Republika Srpska"],"articleSection":["Banjaluka"],"inLanguage":"hr","potentialAction":[{"@type":"CommentAction","name":"Comment","target":["https:\/\/direktno.info\/index.php\/2026\/09\/01\/stanivukovic-uhvacen-u-lazi-nista-od-uniformi-grad-dzabe-dao-pare\/#respond"]}]},{"@type":"WebPage","@id":"https:\/\/direktno.info\/index.php\/2026\/09\/01\/stanivukovic-uhvacen-u-lazi-nista-od-uniformi-grad-dzabe-dao-pare\/","url":"https:\/\/direktno.info\/index.php\/2026\/09\/01\/stanivukovic-uhvacen-u-lazi-nista-od-uniformi-grad-dzabe-dao-pare\/","name":"STANIVUKOVI\u0106 UHVA\u0106EN U LA\u017dI: Ni\u0161ta od uniformi, grad d\u017eabe dao pare! - Direktno","isPartOf":{"@id":"https:\/\/direktno.info\/#website"},"primaryImageOfPage":{"@id":"https:\/\/direktno.info\/index.php\/2026\/09\/01\/stanivukovic-uhvacen-u-lazi-nista-od-uniformi-grad-dzabe-dao-pare\/#primaryimage"},"image":{"@id":"https:\/\/direktno.info\/index.php\/2026\/09\/01\/stanivukovic-uhvacen-u-lazi-nista-od-uniformi-grad-dzabe-dao-pare\/#primaryimage"},"thumbnailUrl":"https:\/\/direktno.info\/wp-content\/uploads\/2026\/09\/Screenshot_20260901_185446_com_facebook_katana_BrowserLiteDIActivity.jpg","datePublished":"2026-09-01T17:09:29+00:00","dateModified":"2026-09-01T17:09:30+00:00","breadcrumb":{"@id":"https:\/\/direktno.info\/index.php\/2026\/09\/01\/stanivukovic-uhvacen-u-lazi-nista-od-uniformi-grad-dzabe-dao-pare\/#breadcrumb"},"inLanguage":"hr","potentialAction":[{"@type":"ReadAction","target":["https:\/\/direktno.info\/index.php\/2026\/09\/01\/stanivukovic-uhvacen-u-lazi-nista-od-uniformi-grad-dzabe-dao-pare\/"]}]},{"@type":"ImageObject","inLanguage":"hr","@id":"https:\/\/direktno.info\/index.php\/2026\/09\/01\/stanivukovic-uhvacen-u-lazi-nista-od-uniformi-grad-dzabe-dao-pare\/#primaryimage","url":"https:\/\/direktno.info\/wp-content\/uploads\/2026\/09\/Screenshot_20260901_185446_com_facebook_katana_BrowserLiteDIActivity.jpg","contentUrl":"https:\/\/direktno.info\/wp-content\/uploads\/2026\/09\/Screenshot_20260901_185446_com_facebook_katana_BrowserLiteDIActivity.jpg","width":1280,"height":879},{"@type":"BreadcrumbList","@id":"https:\/\/direktno.info\/index.php\/2026\/09\/01\/stanivukovic-uhvacen-u-lazi-nista-od-uniformi-grad-dzabe-dao-pare\/#breadcrumb","itemListElement":[{"@type":"ListItem","position":1,"name":"Po\u010detna stranica","item":"https:\/\/direktno.info\/"},{"@type":"ListItem","position":2,"name":"STANIVUKOVI\u0106 UHVA\u0106EN U LA\u017dI: Ni\u0161ta od uniformi, grad d\u017eabe dao pare!"}]},{"@type":"WebSite","@id":"https:\/\/direktno.info\/#website","url":"https:\/\/direktno.info\/","name":"Direktno","description":"","publisher":{"@id":"https:\/\/direktno.info\/#organization"},"potentialAction":[{"@type":"SearchAction","target":{"@type":"EntryPoint","urlTemplate":"https:\/\/direktno.info\/?s={search_term_string}"},"query-input":{"@type":"PropertyValueSpecification","valueRequired":true,"valueName":"search_term_string"}}],"inLanguage":"hr"},{"@type":"Organization","@id":"https:\/\/direktno.info\/#organization","name":"Direktno","url":"https:\/\/direktno.info\/","logo":{"@type":"ImageObject","inLanguage":"hr","@id":"https:\/\/direktno.info\/#\/schema\/logo\/image\/","url":"https:\/\/direktno.info\/wp-content\/uploads\/2026\/08\/direktno_logo_white.png","contentUrl":"https:\/\/direktno.info\/wp-content\/uploads\/2026\/08\/direktno_logo_white.png","width":1600,"height":340,"caption":"Direktno"},"image":{"@id":"https:\/\/direktno.info\/#\/schema\/logo\/image\/"},"sameAs":["https:\/\/www.facebook.com\/share\/1Jy4gXyc5u\/"]},{"@type":"Person","@id":"https:\/\/direktno.info\/#\/schema\/person\/05fbdaecab81c27dec7cc131a9b37be1","name":"Redakcija","image":{"@type":"ImageObject","inLanguage":"hr","@id":"https:\/\/secure.gravatar.com\/avatar\/ede9d7f54b6164109c0b03742da40f108052ff362d7f85a6850f3cb67bd3d495?s=96&d=mm&r=g","url":"https:\/\/secure.gravatar.com\/avatar\/ede9d7f54b6164109c0b03742da40f108052ff362d7f85a6850f3cb67bd3d495?s=96&d=mm&r=g","contentUrl":"https:\/\/secure.gravatar.com\/avatar\/ede9d7f54b6164109c0b03742da40f108052ff362d7f85a6850f3cb67bd3d495?s=96&d=mm&r=g","caption":"Redakcija"},"sameAs":["http:\/\/direktno.info"],"url":"https:\/\/direktno.info\/index.php\/author\/novinar0603\/"}]}},"_links":{"self":[{"href":"https:\/\/direktno.info\/index.php\/wp-json\/wp\/v2\/posts\/1578","targetHints":{"allow":["GET"]}}],"collection":[{"href":"https:\/\/direktno.info\/index.php\/wp-json\/wp\/v2\/posts"}],"about":[{"href":"https:\/\/direktno.info\/index.php\/wp-json\/wp\/v2\/types\/post"}],"author":[{"embeddable":true,"href":"https:\/\/direktno.info\/index.php\/wp-json\/wp\/v2\/users\/1"}],"replies":[{"embeddable":true,"href":"https:\/\/direktno.info\/index.php\/wp-json\/wp\/v2\/comments?post=1578"}],"version-history":[{"count":1,"href":"https:\/\/direktno.info\/index.php\/wp-json\/wp\/v2\/posts\/1578\/revisions"}],"predecessor-version":[{"id":1582,"href":"https:\/\/direktno.info\/index.php\/wp-json\/wp\/v2\/posts\/1578\/revisions\/1582"}],"wp:featuredmedia":[{"embeddable":true,"href":"https:\/\/direktno.info\/index.php\/wp-json\/wp\/v2\/media\/1581"}],"wp:attachment":[{"href":"https:\/\/direktno.info\/index.php\/wp-json\/wp\/v2\/media?parent=1578"}],"wp:term":[{"taxonomy":"category","embeddable":true,"href":"https:\/\/direktno.info\/index.php\/wp-json\/wp\/v2\/categories?post=1578"},{"taxonomy":"post_tag","embeddable":true,"href":"https:\/\/direktno.info\/index.php\/wp-json\/wp\/v2\/tags?post=1578"}],"curies":[{"name":"wp","href":"https:\/\/api.w.org\/{rel}","templated":true}]}}