{"id":1573,"date":"2026-08-31T20:00:13","date_gmt":"2026-08-31T20:00:13","guid":{"rendered":"https:\/\/direktno.info\/?p=1573"},"modified":"2026-08-31T20:02:54","modified_gmt":"2026-08-31T20:02:54","slug":"koga-sstanovnici-republike-srpske-dozivljavaju-kao-opoziciju-video-anketa","status":"publish","type":"post","link":"https:\/\/direktno.info\/index.php\/2026\/08\/31\/koga-sstanovnici-republike-srpske-dozivljavaju-kao-opoziciju-video-anketa\/","title":{"rendered":"Koga stanovnici Republike Srpske do\u017eivljavaju kao opoziciju? VIDEO ANKETA"},"content":{"rendered":"\n<p class=\"wp-block-paragraph\"><strong>A koje je Va\u0161e mi\u0161ljenje?<\/strong><\/p>\n\n\n\n<figure class=\"wp-block-video\"><video height=\"1024\" style=\"aspect-ratio: 576 \/ 1024;\" width=\"576\" controls src=\"https:\/\/direktno.info\/wp-content\/uploads\/2026\/08\/69573.mp4\"><\/video><\/figure>\n","protected":false},"excerpt":{"rendered":"<p>A koje je Va\u0161e mi\u0161ljenje?<\/p>\n","protected":false},"author":1,"featured_media":1575,"comment_status":"open","ping_status":"open","sticky":false,"template":"","format":"standard","meta":{"footnotes":""},"categories":[99],"tags":[76,49,44,74,37,100,103,102,101,77],"class_list":["post-1573","post","type-post","status-publish","format-standard","has-post-thumbnail","hentry","category-video-dana","tag-branko-blanusa","tag-drasko-stanivukovic","tag-jelena-trivic","tag-narodni-front","tag-nebojsa-vukanovic","tag-opozicija-2","tag-pdp","tag-pokret-za-pravdu-i-red","tag-restart-srpska","tag-sds"],"yoast_head":"<!-- This site is optimized with the Yoast SEO plugin v28.3 - https:\/\/yoast.com\/product\/yoast-seo-wordpress\/ -->\n<title>Koga stanovnici Republike Srpske do\u017eivljavaju kao opoziciju? VIDEO ANKETA - Direktno<\/title>\n<meta name=\"robots\" content=\"index, follow, max-snippet:-1, max-image-preview:large, max-video-preview:-1\" \/>\n<link rel=\"canonical\" href=\"https:\/\/direktno.info\/index.php\/2026\/08\/31\/koga-sstanovnici-republike-srpske-dozivljavaju-kao-opoziciju-video-anketa\/\" \/>\n<meta property=\"og:locale\" content=\"hr_HR\" \/>\n<meta property=\"og:type\" content=\"article\" \/>\n<meta property=\"og:title\" content=\"Koga stanovnici Republike Srpske do\u017eivljavaju kao opoziciju? VIDEO ANKETA - Direktno\" \/>\n<meta property=\"og:description\" content=\"A koje je Va\u0161e mi\u0161ljenje?\" \/>\n<meta property=\"og:url\" content=\"https:\/\/direktno.info\/index.php\/2026\/08\/31\/koga-sstanovnici-republike-srpske-dozivljavaju-kao-opoziciju-video-anketa\/\" \/>\n<meta property=\"og:site_name\" content=\"Direktno\" \/>\n<meta property=\"article:publisher\" content=\"https:\/\/www.facebook.com\/share\/1Jy4gXyc5u\/\" \/>\n<meta property=\"article:published_time\" content=\"2026-08-31T20:00:13+00:00\" \/>\n<meta property=\"article:modified_time\" content=\"2026-08-31T20:02:54+00:00\" \/>\n<meta property=\"og:image\" content=\"http:\/\/direktno.info\/wp-content\/uploads\/2026\/08\/b_190721049.jpg\" \/>\n\t<meta property=\"og:image:width\" content=\"850\" \/>\n\t<meta property=\"og:image:height\" content=\"567\" \/>\n\t<meta property=\"og:image:type\" content=\"image\/jpeg\" \/>\n<meta name=\"author\" content=\"Redakcija\" \/>\n<meta name=\"twitter:card\" content=\"summary_large_image\" \/>\n<meta name=\"twitter:label1\" content=\"Napisao\/la\" \/>\n\t<meta name=\"twitter:data1\" content=\"Redakcija\" \/>\n\t<meta name=\"twitter:label2\" content=\"Procijenjeno vrijeme \u010ditanja\" \/>\n\t<meta name=\"twitter:data2\" content=\"1 minuta\" \/>\n<script type=\"application\/ld+json\" class=\"yoast-schema-graph\">{\"@context\":\"https:\\\/\\\/schema.org\",\"@graph\":[{\"@type\":\"Article\",\"@id\":\"https:\\\/\\\/direktno.info\\\/index.php\\\/2026\\\/08\\\/31\\\/koga-sstanovnici-republike-srpske-dozivljavaju-kao-opoziciju-video-anketa\\\/#article\",\"isPartOf\":{\"@id\":\"https:\\\/\\\/direktno.info\\\/index.php\\\/2026\\\/08\\\/31\\\/koga-sstanovnici-republike-srpske-dozivljavaju-kao-opoziciju-video-anketa\\\/\"},\"author\":{\"name\":\"Redakcija\",\"@id\":\"https:\\\/\\\/direktno.info\\\/#\\\/schema\\\/person\\\/05fbdaecab81c27dec7cc131a9b37be1\"},\"headline\":\"Koga stanovnici Republike Srpske do\u017eivljavaju kao opoziciju? VIDEO ANKETA\",\"datePublished\":\"2026-08-31T20:00:13+00:00\",\"dateModified\":\"2026-08-31T20:02:54+00:00\",\"mainEntityOfPage\":{\"@id\":\"https:\\\/\\\/direktno.info\\\/index.php\\\/2026\\\/08\\\/31\\\/koga-sstanovnici-republike-srpske-dozivljavaju-kao-opoziciju-video-anketa\\\/\"},\"wordCount\":17,\"commentCount\":0,\"publisher\":{\"@id\":\"https:\\\/\\\/direktno.info\\\/#organization\"},\"image\":{\"@id\":\"https:\\\/\\\/direktno.info\\\/index.php\\\/2026\\\/08\\\/31\\\/koga-sstanovnici-republike-srpske-dozivljavaju-kao-opoziciju-video-anketa\\\/#primaryimage\"},\"thumbnailUrl\":\"https:\\\/\\\/direktno.info\\\/wp-content\\\/uploads\\\/2026\\\/08\\\/b_190721049.jpg\",\"keywords\":[\"Branko Blanu\u0161a\",\"Dra\u0161ko Stanivukovi\u0107\",\"Jelena Trivi\u0107\",\"Narodni front\",\"Neboj\u0161a Vukanovi\u0107\",\"Opozicija\",\"Pdp\",\"Pokret za pravdu i red\",\"Restart Srpska\",\"SDS\"],\"articleSection\":[\"Video dana\"],\"inLanguage\":\"hr\",\"potentialAction\":[{\"@type\":\"CommentAction\",\"name\":\"Comment\",\"target\":[\"https:\\\/\\\/direktno.info\\\/index.php\\\/2026\\\/08\\\/31\\\/koga-sstanovnici-republike-srpske-dozivljavaju-kao-opoziciju-video-anketa\\\/#respond\"]}]},{\"@type\":\"WebPage\",\"@id\":\"https:\\\/\\\/direktno.info\\\/index.php\\\/2026\\\/08\\\/31\\\/koga-sstanovnici-republike-srpske-dozivljavaju-kao-opoziciju-video-anketa\\\/\",\"url\":\"https:\\\/\\\/direktno.info\\\/index.php\\\/2026\\\/08\\\/31\\\/koga-sstanovnici-republike-srpske-dozivljavaju-kao-opoziciju-video-anketa\\\/\",\"name\":\"Koga stanovnici Republike Srpske do\u017eivljavaju kao opoziciju? VIDEO ANKETA - Direktno\",\"isPartOf\":{\"@id\":\"https:\\\/\\\/direktno.info\\\/#website\"},\"primaryImageOfPage\":{\"@id\":\"https:\\\/\\\/direktno.info\\\/index.php\\\/2026\\\/08\\\/31\\\/koga-sstanovnici-republike-srpske-dozivljavaju-kao-opoziciju-video-anketa\\\/#primaryimage\"},\"image\":{\"@id\":\"https:\\\/\\\/direktno.info\\\/index.php\\\/2026\\\/08\\\/31\\\/koga-sstanovnici-republike-srpske-dozivljavaju-kao-opoziciju-video-anketa\\\/#primaryimage\"},\"thumbnailUrl\":\"https:\\\/\\\/direktno.info\\\/wp-content\\\/uploads\\\/2026\\\/08\\\/b_190721049.jpg\",\"datePublished\":\"2026-08-31T20:00:13+00:00\",\"dateModified\":\"2026-08-31T20:02:54+00:00\",\"breadcrumb\":{\"@id\":\"https:\\\/\\\/direktno.info\\\/index.php\\\/2026\\\/08\\\/31\\\/koga-sstanovnici-republike-srpske-dozivljavaju-kao-opoziciju-video-anketa\\\/#breadcrumb\"},\"inLanguage\":\"hr\",\"potentialAction\":[{\"@type\":\"ReadAction\",\"target\":[\"https:\\\/\\\/direktno.info\\\/index.php\\\/2026\\\/08\\\/31\\\/koga-sstanovnici-republike-srpske-dozivljavaju-kao-opoziciju-video-anketa\\\/\"]}]},{\"@type\":\"ImageObject\",\"inLanguage\":\"hr\",\"@id\":\"https:\\\/\\\/direktno.info\\\/index.php\\\/2026\\\/08\\\/31\\\/koga-sstanovnici-republike-srpske-dozivljavaju-kao-opoziciju-video-anketa\\\/#primaryimage\",\"url\":\"https:\\\/\\\/direktno.info\\\/wp-content\\\/uploads\\\/2026\\\/08\\\/b_190721049.jpg\",\"contentUrl\":\"https:\\\/\\\/direktno.info\\\/wp-content\\\/uploads\\\/2026\\\/08\\\/b_190721049.jpg\",\"width\":850,\"height\":567},{\"@type\":\"BreadcrumbList\",\"@id\":\"https:\\\/\\\/direktno.info\\\/index.php\\\/2026\\\/08\\\/31\\\/koga-sstanovnici-republike-srpske-dozivljavaju-kao-opoziciju-video-anketa\\\/#breadcrumb\",\"itemListElement\":[{\"@type\":\"ListItem\",\"position\":1,\"name\":\"Po\u010detna stranica\",\"item\":\"https:\\\/\\\/direktno.info\\\/\"},{\"@type\":\"ListItem\",\"position\":2,\"name\":\"Koga stanovnici Republike Srpske do\u017eivljavaju kao opoziciju? VIDEO ANKETA\"}]},{\"@type\":\"WebSite\",\"@id\":\"https:\\\/\\\/direktno.info\\\/#website\",\"url\":\"https:\\\/\\\/direktno.info\\\/\",\"name\":\"Direktno\",\"description\":\"\",\"publisher\":{\"@id\":\"https:\\\/\\\/direktno.info\\\/#organization\"},\"potentialAction\":[{\"@type\":\"SearchAction\",\"target\":{\"@type\":\"EntryPoint\",\"urlTemplate\":\"https:\\\/\\\/direktno.info\\\/?s={search_term_string}\"},\"query-input\":{\"@type\":\"PropertyValueSpecification\",\"valueRequired\":true,\"valueName\":\"search_term_string\"}}],\"inLanguage\":\"hr\"},{\"@type\":\"Organization\",\"@id\":\"https:\\\/\\\/direktno.info\\\/#organization\",\"name\":\"Direktno\",\"url\":\"https:\\\/\\\/direktno.info\\\/\",\"logo\":{\"@type\":\"ImageObject\",\"inLanguage\":\"hr\",\"@id\":\"https:\\\/\\\/direktno.info\\\/#\\\/schema\\\/logo\\\/image\\\/\",\"url\":\"https:\\\/\\\/direktno.info\\\/wp-content\\\/uploads\\\/2026\\\/08\\\/direktno_logo_white.png\",\"contentUrl\":\"https:\\\/\\\/direktno.info\\\/wp-content\\\/uploads\\\/2026\\\/08\\\/direktno_logo_white.png\",\"width\":1600,\"height\":340,\"caption\":\"Direktno\"},\"image\":{\"@id\":\"https:\\\/\\\/direktno.info\\\/#\\\/schema\\\/logo\\\/image\\\/\"},\"sameAs\":[\"https:\\\/\\\/www.facebook.com\\\/share\\\/1Jy4gXyc5u\\\/\"]},{\"@type\":\"Person\",\"@id\":\"https:\\\/\\\/direktno.info\\\/#\\\/schema\\\/person\\\/05fbdaecab81c27dec7cc131a9b37be1\",\"name\":\"Redakcija\",\"image\":{\"@type\":\"ImageObject\",\"inLanguage\":\"hr\",\"@id\":\"https:\\\/\\\/secure.gravatar.com\\\/avatar\\\/ede9d7f54b6164109c0b03742da40f108052ff362d7f85a6850f3cb67bd3d495?s=96&d=mm&r=g\",\"url\":\"https:\\\/\\\/secure.gravatar.com\\\/avatar\\\/ede9d7f54b6164109c0b03742da40f108052ff362d7f85a6850f3cb67bd3d495?s=96&d=mm&r=g\",\"contentUrl\":\"https:\\\/\\\/secure.gravatar.com\\\/avatar\\\/ede9d7f54b6164109c0b03742da40f108052ff362d7f85a6850f3cb67bd3d495?s=96&d=mm&r=g\",\"caption\":\"Redakcija\"},\"sameAs\":[\"http:\\\/\\\/direktno.info\"],\"url\":\"https:\\\/\\\/direktno.info\\\/index.php\\\/author\\\/novinar0603\\\/\"}]}<\/script>\n<!-- \/ Yoast SEO plugin. -->","yoast_head_json":{"title":"Koga stanovnici Republike Srpske do\u017eivljavaju kao opoziciju? VIDEO ANKETA - Direktno","robots":{"index":"index","follow":"follow","max-snippet":"max-snippet:-1","max-image-preview":"max-image-preview:large","max-video-preview":"max-video-preview:-1"},"canonical":"https:\/\/direktno.info\/index.php\/2026\/08\/31\/koga-sstanovnici-republike-srpske-dozivljavaju-kao-opoziciju-video-anketa\/","og_locale":"hr_HR","og_type":"article","og_title":"Koga stanovnici Republike Srpske do\u017eivljavaju kao opoziciju? VIDEO ANKETA - Direktno","og_description":"A koje je Va\u0161e mi\u0161ljenje?","og_url":"https:\/\/direktno.info\/index.php\/2026\/08\/31\/koga-sstanovnici-republike-srpske-dozivljavaju-kao-opoziciju-video-anketa\/","og_site_name":"Direktno","article_publisher":"https:\/\/www.facebook.com\/share\/1Jy4gXyc5u\/","article_published_time":"2026-08-31T20:00:13+00:00","article_modified_time":"2026-08-31T20:02:54+00:00","og_image":[{"width":850,"height":567,"url":"http:\/\/direktno.info\/wp-content\/uploads\/2026\/08\/b_190721049.jpg","type":"image\/jpeg"}],"author":"Redakcija","twitter_card":"summary_large_image","twitter_misc":{"Napisao\/la":"Redakcija","Procijenjeno vrijeme \u010ditanja":"1 minuta"},"schema":{"@context":"https:\/\/schema.org","@graph":[{"@type":"Article","@id":"https:\/\/direktno.info\/index.php\/2026\/08\/31\/koga-sstanovnici-republike-srpske-dozivljavaju-kao-opoziciju-video-anketa\/#article","isPartOf":{"@id":"https:\/\/direktno.info\/index.php\/2026\/08\/31\/koga-sstanovnici-republike-srpske-dozivljavaju-kao-opoziciju-video-anketa\/"},"author":{"name":"Redakcija","@id":"https:\/\/direktno.info\/#\/schema\/person\/05fbdaecab81c27dec7cc131a9b37be1"},"headline":"Koga stanovnici Republike Srpske do\u017eivljavaju kao opoziciju? VIDEO ANKETA","datePublished":"2026-08-31T20:00:13+00:00","dateModified":"2026-08-31T20:02:54+00:00","mainEntityOfPage":{"@id":"https:\/\/direktno.info\/index.php\/2026\/08\/31\/koga-sstanovnici-republike-srpske-dozivljavaju-kao-opoziciju-video-anketa\/"},"wordCount":17,"commentCount":0,"publisher":{"@id":"https:\/\/direktno.info\/#organization"},"image":{"@id":"https:\/\/direktno.info\/index.php\/2026\/08\/31\/koga-sstanovnici-republike-srpske-dozivljavaju-kao-opoziciju-video-anketa\/#primaryimage"},"thumbnailUrl":"https:\/\/direktno.info\/wp-content\/uploads\/2026\/08\/b_190721049.jpg","keywords":["Branko Blanu\u0161a","Dra\u0161ko Stanivukovi\u0107","Jelena Trivi\u0107","Narodni front","Neboj\u0161a Vukanovi\u0107","Opozicija","Pdp","Pokret za pravdu i red","Restart Srpska","SDS"],"articleSection":["Video dana"],"inLanguage":"hr","potentialAction":[{"@type":"CommentAction","name":"Comment","target":["https:\/\/direktno.info\/index.php\/2026\/08\/31\/koga-sstanovnici-republike-srpske-dozivljavaju-kao-opoziciju-video-anketa\/#respond"]}]},{"@type":"WebPage","@id":"https:\/\/direktno.info\/index.php\/2026\/08\/31\/koga-sstanovnici-republike-srpske-dozivljavaju-kao-opoziciju-video-anketa\/","url":"https:\/\/direktno.info\/index.php\/2026\/08\/31\/koga-sstanovnici-republike-srpske-dozivljavaju-kao-opoziciju-video-anketa\/","name":"Koga stanovnici Republike Srpske do\u017eivljavaju kao opoziciju? VIDEO ANKETA - Direktno","isPartOf":{"@id":"https:\/\/direktno.info\/#website"},"primaryImageOfPage":{"@id":"https:\/\/direktno.info\/index.php\/2026\/08\/31\/koga-sstanovnici-republike-srpske-dozivljavaju-kao-opoziciju-video-anketa\/#primaryimage"},"image":{"@id":"https:\/\/direktno.info\/index.php\/2026\/08\/31\/koga-sstanovnici-republike-srpske-dozivljavaju-kao-opoziciju-video-anketa\/#primaryimage"},"thumbnailUrl":"https:\/\/direktno.info\/wp-content\/uploads\/2026\/08\/b_190721049.jpg","datePublished":"2026-08-31T20:00:13+00:00","dateModified":"2026-08-31T20:02:54+00:00","breadcrumb":{"@id":"https:\/\/direktno.info\/index.php\/2026\/08\/31\/koga-sstanovnici-republike-srpske-dozivljavaju-kao-opoziciju-video-anketa\/#breadcrumb"},"inLanguage":"hr","potentialAction":[{"@type":"ReadAction","target":["https:\/\/direktno.info\/index.php\/2026\/08\/31\/koga-sstanovnici-republike-srpske-dozivljavaju-kao-opoziciju-video-anketa\/"]}]},{"@type":"ImageObject","inLanguage":"hr","@id":"https:\/\/direktno.info\/index.php\/2026\/08\/31\/koga-sstanovnici-republike-srpske-dozivljavaju-kao-opoziciju-video-anketa\/#primaryimage","url":"https:\/\/direktno.info\/wp-content\/uploads\/2026\/08\/b_190721049.jpg","contentUrl":"https:\/\/direktno.info\/wp-content\/uploads\/2026\/08\/b_190721049.jpg","width":850,"height":567},{"@type":"BreadcrumbList","@id":"https:\/\/direktno.info\/index.php\/2026\/08\/31\/koga-sstanovnici-republike-srpske-dozivljavaju-kao-opoziciju-video-anketa\/#breadcrumb","itemListElement":[{"@type":"ListItem","position":1,"name":"Po\u010detna stranica","item":"https:\/\/direktno.info\/"},{"@type":"ListItem","position":2,"name":"Koga stanovnici Republike Srpske do\u017eivljavaju kao opoziciju? VIDEO ANKETA"}]},{"@type":"WebSite","@id":"https:\/\/direktno.info\/#website","url":"https:\/\/direktno.info\/","name":"Direktno","description":"","publisher":{"@id":"https:\/\/direktno.info\/#organization"},"potentialAction":[{"@type":"SearchAction","target":{"@type":"EntryPoint","urlTemplate":"https:\/\/direktno.info\/?s={search_term_string}"},"query-input":{"@type":"PropertyValueSpecification","valueRequired":true,"valueName":"search_term_string"}}],"inLanguage":"hr"},{"@type":"Organization","@id":"https:\/\/direktno.info\/#organization","name":"Direktno","url":"https:\/\/direktno.info\/","logo":{"@type":"ImageObject","inLanguage":"hr","@id":"https:\/\/direktno.info\/#\/schema\/logo\/image\/","url":"https:\/\/direktno.info\/wp-content\/uploads\/2026\/08\/direktno_logo_white.png","contentUrl":"https:\/\/direktno.info\/wp-content\/uploads\/2026\/08\/direktno_logo_white.png","width":1600,"height":340,"caption":"Direktno"},"image":{"@id":"https:\/\/direktno.info\/#\/schema\/logo\/image\/"},"sameAs":["https:\/\/www.facebook.com\/share\/1Jy4gXyc5u\/"]},{"@type":"Person","@id":"https:\/\/direktno.info\/#\/schema\/person\/05fbdaecab81c27dec7cc131a9b37be1","name":"Redakcija","image":{"@type":"ImageObject","inLanguage":"hr","@id":"https:\/\/secure.gravatar.com\/avatar\/ede9d7f54b6164109c0b03742da40f108052ff362d7f85a6850f3cb67bd3d495?s=96&d=mm&r=g","url":"https:\/\/secure.gravatar.com\/avatar\/ede9d7f54b6164109c0b03742da40f108052ff362d7f85a6850f3cb67bd3d495?s=96&d=mm&r=g","contentUrl":"https:\/\/secure.gravatar.com\/avatar\/ede9d7f54b6164109c0b03742da40f108052ff362d7f85a6850f3cb67bd3d495?s=96&d=mm&r=g","caption":"Redakcija"},"sameAs":["http:\/\/direktno.info"],"url":"https:\/\/direktno.info\/index.php\/author\/novinar0603\/"}]}},"_links":{"self":[{"href":"https:\/\/direktno.info\/index.php\/wp-json\/wp\/v2\/posts\/1573","targetHints":{"allow":["GET"]}}],"collection":[{"href":"https:\/\/direktno.info\/index.php\/wp-json\/wp\/v2\/posts"}],"about":[{"href":"https:\/\/direktno.info\/index.php\/wp-json\/wp\/v2\/types\/post"}],"author":[{"embeddable":true,"href":"https:\/\/direktno.info\/index.php\/wp-json\/wp\/v2\/users\/1"}],"replies":[{"embeddable":true,"href":"https:\/\/direktno.info\/index.php\/wp-json\/wp\/v2\/comments?post=1573"}],"version-history":[{"count":2,"href":"https:\/\/direktno.info\/index.php\/wp-json\/wp\/v2\/posts\/1573\/revisions"}],"predecessor-version":[{"id":1577,"href":"https:\/\/direktno.info\/index.php\/wp-json\/wp\/v2\/posts\/1573\/revisions\/1577"}],"wp:featuredmedia":[{"embeddable":true,"href":"https:\/\/direktno.info\/index.php\/wp-json\/wp\/v2\/media\/1575"}],"wp:attachment":[{"href":"https:\/\/direktno.info\/index.php\/wp-json\/wp\/v2\/media?parent=1573"}],"wp:term":[{"taxonomy":"category","embeddable":true,"href":"https:\/\/direktno.info\/index.php\/wp-json\/wp\/v2\/categories?post=1573"},{"taxonomy":"post_tag","embeddable":true,"href":"https:\/\/direktno.info\/index.php\/wp-json\/wp\/v2\/tags?post=1573"}],"curies":[{"name":"wp","href":"https:\/\/api.w.org\/{rel}","templated":true}]}}