{"id":1548,"date":"2026-08-31T16:56:51","date_gmt":"2026-08-31T16:56:51","guid":{"rendered":"https:\/\/direktno.info\/?p=1548"},"modified":"2026-08-31T16:56:52","modified_gmt":"2026-08-31T16:56:52","slug":"protiv-srba-podignuto-55-000-krivicnih-prijava-dodik-pitam-se-da-li-postoji-bih-video","status":"publish","type":"post","link":"https:\/\/direktno.info\/index.php\/2026\/08\/31\/protiv-srba-podignuto-55-000-krivicnih-prijava-dodik-pitam-se-da-li-postoji-bih-video\/","title":{"rendered":"Protiv Srba podignuto 55 000 krivi\u010dnih prijava! DODIK : PITAM SE DA LI POSTOJI BIH (VIDEO)"},"content":{"rendered":"\n<p class=\"wp-block-paragraph\"><strong>Predsjednik SNSD-a Milorad Dodik izjavio je da je protiv gra\u0111ana Republike Srpske podneseno \u010dak 55 hiljada krivi\u010dnih prijava zbog njihovih objava nakon smrti generala Ratka Mladi\u0107a.<\/strong><\/p>\n\n\n\n<p class=\"wp-block-paragraph\">Dodik je ocijenio da taj podatak pokazuje duboku podijeljenost BiH i ponovo otvorio pitanje rada pravosudnih institucija na nivou BiH.<\/p>\n\n\n\n<p class=\"wp-block-paragraph\">Dodik je rekao da su prijave podnesene putem aplikacija i kroz druge aktivnosti, ocijeniv\u0161i da to, kako tvrdi, pokazuje koliko je BiH podijeljena.<\/p>\n\n\n\n<p class=\"wp-block-paragraph\"><strong>Prema njegovim rije\u010dima, takva praksa pokazuje i da Sud i Tu\u017eila\u0161tvo BiH postaju instrument bo\u0161nja\u010dke politike.<\/strong><\/p>\n\n\n\n<p class=\"wp-block-paragraph\">&#8211; Tu\u017eila\u0161tvo bi trebalo da podi\u017ee krivi\u010dne prijave na osnovu zakona koji je neko nametnuo, bez da je pro\u0161ao u parlamentu. Jedan nakaradan sistem funkcionisanja na kojem moramo da dr\u017eimo pa\u017enju, rekao je Dodik novinarima u Banjaluci.<\/p>\n\n\n\n<figure class=\"wp-block-video\"><video height=\"720\" style=\"aspect-ratio: 1280 \/ 720;\" width=\"1280\" controls src=\"https:\/\/direktno.info\/wp-content\/uploads\/2026\/08\/69482.mp4\"><\/video><\/figure>\n\n\n\n<p class=\"wp-block-paragraph\">Dodik je upitao da li se nakon toga mo\u017ee o\u010dekivati i snimanje gra\u0111ana koji budu prisustvovali sahrani generala Mladi\u0107a.<\/p>\n\n\n\n<p class=\"wp-block-paragraph\">\u2013 <strong>Da li se sada mo\u017ee o\u010dekivati da snimaju one koji budu na sahrani generalu Mladi\u0107u, da li treba takva BiH? Ovo je neizdr\u017eivo, ukazao je Dodik.<\/strong><\/p>\n\n\n\n<p class=\"wp-block-paragraph\">On je dodao da, kako tvrdi, muslimani \u0161tite svoje generale koje smatra direktno odgovornim za zlo\u010dine nad Srbima, dok srpskom narodu, prema njegovim rije\u010dima, ni\u0161ta ne daju.<\/p>\n\n\n\n<p class=\"wp-block-paragraph\">Dodik je naglasio da takve pravosudne institucije, prema njegovom mi\u0161ljenju, nisu predvi\u0111ene Ustavom. Izrazio je uvjerenje da \u0107e nakon izbora ponovo biti otvoreno pitanje njihovog polo\u017eaja i rada.<\/p>\n\n\n\n<p class=\"wp-block-paragraph\">\u2013 Muslimani ni\u0161ta ne \u010dine da o\u010duvaju BiH koja je mogu\u0107a kao zajednica tri konstitutivna naroda, oni i dalje guraju koncept gra\u0111anskog ure\u0111enja koji nije bio realan, rekao je Dodik.<\/p>\n\n\n\n<p class=\"wp-block-paragraph\"><strong>Tvrdnju o 55<\/strong> <strong>hiljada krivi\u010dnih prijava Dodik je iznio u dana\u0161njoj izjavi, bez navo\u0111enja dodatnih podataka o broju predmeta, njihovom statusu ili institucijama kojima su prijave podnesene.<\/strong><\/p>\n","protected":false},"excerpt":{"rendered":"<p>Predsjednik SNSD-a Milorad Dodik izjavio je da je protiv gra\u0111ana Republike Srpske podneseno \u010dak 55 hiljada krivi\u010dnih prijava<\/p>\n","protected":false},"author":1,"featured_media":1550,"comment_status":"open","ping_status":"open","sticky":false,"template":"","format":"standard","meta":{"footnotes":""},"categories":[30],"tags":[43,65,40,98],"class_list":["post-1548","post","type-post","status-publish","format-standard","has-post-thumbnail","hentry","category-pocetna","tag-bosna-i-hercegovina","tag-milorad-dodik","tag-ratko-mladic","tag-republika-srpska"],"yoast_head":"<!-- This site is optimized with the Yoast SEO plugin v28.3 - https:\/\/yoast.com\/product\/yoast-seo-wordpress\/ -->\n<title>Protiv Srba podignuto 55 000 krivi\u010dnih prijava! DODIK : PITAM SE DA LI POSTOJI BIH (VIDEO) - Direktno<\/title>\n<meta name=\"robots\" content=\"index, follow, max-snippet:-1, max-image-preview:large, max-video-preview:-1\" \/>\n<link rel=\"canonical\" href=\"https:\/\/direktno.info\/index.php\/2026\/08\/31\/protiv-srba-podignuto-55-000-krivicnih-prijava-dodik-pitam-se-da-li-postoji-bih-video\/\" \/>\n<meta property=\"og:locale\" content=\"hr_HR\" \/>\n<meta property=\"og:type\" content=\"article\" \/>\n<meta property=\"og:title\" content=\"Protiv Srba podignuto 55 000 krivi\u010dnih prijava! DODIK : PITAM SE DA LI POSTOJI BIH (VIDEO) - Direktno\" \/>\n<meta property=\"og:description\" content=\"Predsjednik SNSD-a Milorad Dodik izjavio je da je protiv gra\u0111ana Republike Srpske podneseno \u010dak 55 hiljada krivi\u010dnih prijava\" \/>\n<meta property=\"og:url\" content=\"https:\/\/direktno.info\/index.php\/2026\/08\/31\/protiv-srba-podignuto-55-000-krivicnih-prijava-dodik-pitam-se-da-li-postoji-bih-video\/\" \/>\n<meta property=\"og:site_name\" content=\"Direktno\" \/>\n<meta property=\"article:publisher\" content=\"https:\/\/www.facebook.com\/share\/1Jy4gXyc5u\/\" \/>\n<meta property=\"article:published_time\" content=\"2026-08-31T16:56:51+00:00\" \/>\n<meta property=\"article:modified_time\" content=\"2026-08-31T16:56:52+00:00\" \/>\n<meta property=\"og:image\" content=\"http:\/\/direktno.info\/wp-content\/uploads\/2026\/08\/Ratko-Mladic-Milorad-Dodik.jpg\" \/>\n\t<meta property=\"og:image:width\" content=\"1013\" \/>\n\t<meta property=\"og:image:height\" content=\"675\" \/>\n\t<meta property=\"og:image:type\" content=\"image\/jpeg\" \/>\n<meta name=\"author\" content=\"Redakcija\" \/>\n<meta name=\"twitter:card\" content=\"summary_large_image\" \/>\n<meta name=\"twitter:label1\" content=\"Napisao\/la\" \/>\n\t<meta name=\"twitter:data1\" content=\"Redakcija\" \/>\n\t<meta name=\"twitter:label2\" content=\"Procijenjeno vrijeme \u010ditanja\" \/>\n\t<meta name=\"twitter:data2\" content=\"2 minute\" \/>\n<script type=\"application\/ld+json\" class=\"yoast-schema-graph\">{\"@context\":\"https:\\\/\\\/schema.org\",\"@graph\":[{\"@type\":\"Article\",\"@id\":\"https:\\\/\\\/direktno.info\\\/index.php\\\/2026\\\/08\\\/31\\\/protiv-srba-podignuto-55-000-krivicnih-prijava-dodik-pitam-se-da-li-postoji-bih-video\\\/#article\",\"isPartOf\":{\"@id\":\"https:\\\/\\\/direktno.info\\\/index.php\\\/2026\\\/08\\\/31\\\/protiv-srba-podignuto-55-000-krivicnih-prijava-dodik-pitam-se-da-li-postoji-bih-video\\\/\"},\"author\":{\"name\":\"Redakcija\",\"@id\":\"https:\\\/\\\/direktno.info\\\/#\\\/schema\\\/person\\\/05fbdaecab81c27dec7cc131a9b37be1\"},\"headline\":\"Protiv Srba podignuto 55 000 krivi\u010dnih prijava! DODIK : PITAM SE DA LI POSTOJI BIH (VIDEO)\",\"datePublished\":\"2026-08-31T16:56:51+00:00\",\"dateModified\":\"2026-08-31T16:56:52+00:00\",\"mainEntityOfPage\":{\"@id\":\"https:\\\/\\\/direktno.info\\\/index.php\\\/2026\\\/08\\\/31\\\/protiv-srba-podignuto-55-000-krivicnih-prijava-dodik-pitam-se-da-li-postoji-bih-video\\\/\"},\"wordCount\":328,\"commentCount\":0,\"publisher\":{\"@id\":\"https:\\\/\\\/direktno.info\\\/#organization\"},\"image\":{\"@id\":\"https:\\\/\\\/direktno.info\\\/index.php\\\/2026\\\/08\\\/31\\\/protiv-srba-podignuto-55-000-krivicnih-prijava-dodik-pitam-se-da-li-postoji-bih-video\\\/#primaryimage\"},\"thumbnailUrl\":\"https:\\\/\\\/direktno.info\\\/wp-content\\\/uploads\\\/2026\\\/08\\\/Ratko-Mladic-Milorad-Dodik.jpg\",\"keywords\":[\"Bosna i Hercegovina\",\"Milorad Dodik\",\"Ratko Mladi\u0107\",\"Republika Srpska\"],\"articleSection\":[\"Po\u010detna\"],\"inLanguage\":\"hr\",\"potentialAction\":[{\"@type\":\"CommentAction\",\"name\":\"Comment\",\"target\":[\"https:\\\/\\\/direktno.info\\\/index.php\\\/2026\\\/08\\\/31\\\/protiv-srba-podignuto-55-000-krivicnih-prijava-dodik-pitam-se-da-li-postoji-bih-video\\\/#respond\"]}]},{\"@type\":\"WebPage\",\"@id\":\"https:\\\/\\\/direktno.info\\\/index.php\\\/2026\\\/08\\\/31\\\/protiv-srba-podignuto-55-000-krivicnih-prijava-dodik-pitam-se-da-li-postoji-bih-video\\\/\",\"url\":\"https:\\\/\\\/direktno.info\\\/index.php\\\/2026\\\/08\\\/31\\\/protiv-srba-podignuto-55-000-krivicnih-prijava-dodik-pitam-se-da-li-postoji-bih-video\\\/\",\"name\":\"Protiv Srba podignuto 55 000 krivi\u010dnih prijava! DODIK : PITAM SE DA LI POSTOJI BIH (VIDEO) - Direktno\",\"isPartOf\":{\"@id\":\"https:\\\/\\\/direktno.info\\\/#website\"},\"primaryImageOfPage\":{\"@id\":\"https:\\\/\\\/direktno.info\\\/index.php\\\/2026\\\/08\\\/31\\\/protiv-srba-podignuto-55-000-krivicnih-prijava-dodik-pitam-se-da-li-postoji-bih-video\\\/#primaryimage\"},\"image\":{\"@id\":\"https:\\\/\\\/direktno.info\\\/index.php\\\/2026\\\/08\\\/31\\\/protiv-srba-podignuto-55-000-krivicnih-prijava-dodik-pitam-se-da-li-postoji-bih-video\\\/#primaryimage\"},\"thumbnailUrl\":\"https:\\\/\\\/direktno.info\\\/wp-content\\\/uploads\\\/2026\\\/08\\\/Ratko-Mladic-Milorad-Dodik.jpg\",\"datePublished\":\"2026-08-31T16:56:51+00:00\",\"dateModified\":\"2026-08-31T16:56:52+00:00\",\"breadcrumb\":{\"@id\":\"https:\\\/\\\/direktno.info\\\/index.php\\\/2026\\\/08\\\/31\\\/protiv-srba-podignuto-55-000-krivicnih-prijava-dodik-pitam-se-da-li-postoji-bih-video\\\/#breadcrumb\"},\"inLanguage\":\"hr\",\"potentialAction\":[{\"@type\":\"ReadAction\",\"target\":[\"https:\\\/\\\/direktno.info\\\/index.php\\\/2026\\\/08\\\/31\\\/protiv-srba-podignuto-55-000-krivicnih-prijava-dodik-pitam-se-da-li-postoji-bih-video\\\/\"]}]},{\"@type\":\"ImageObject\",\"inLanguage\":\"hr\",\"@id\":\"https:\\\/\\\/direktno.info\\\/index.php\\\/2026\\\/08\\\/31\\\/protiv-srba-podignuto-55-000-krivicnih-prijava-dodik-pitam-se-da-li-postoji-bih-video\\\/#primaryimage\",\"url\":\"https:\\\/\\\/direktno.info\\\/wp-content\\\/uploads\\\/2026\\\/08\\\/Ratko-Mladic-Milorad-Dodik.jpg\",\"contentUrl\":\"https:\\\/\\\/direktno.info\\\/wp-content\\\/uploads\\\/2026\\\/08\\\/Ratko-Mladic-Milorad-Dodik.jpg\",\"width\":1013,\"height\":675},{\"@type\":\"BreadcrumbList\",\"@id\":\"https:\\\/\\\/direktno.info\\\/index.php\\\/2026\\\/08\\\/31\\\/protiv-srba-podignuto-55-000-krivicnih-prijava-dodik-pitam-se-da-li-postoji-bih-video\\\/#breadcrumb\",\"itemListElement\":[{\"@type\":\"ListItem\",\"position\":1,\"name\":\"Po\u010detna stranica\",\"item\":\"https:\\\/\\\/direktno.info\\\/\"},{\"@type\":\"ListItem\",\"position\":2,\"name\":\"Protiv Srba podignuto 55 000 krivi\u010dnih prijava! DODIK : PITAM SE DA LI POSTOJI BIH (VIDEO)\"}]},{\"@type\":\"WebSite\",\"@id\":\"https:\\\/\\\/direktno.info\\\/#website\",\"url\":\"https:\\\/\\\/direktno.info\\\/\",\"name\":\"Direktno\",\"description\":\"\",\"publisher\":{\"@id\":\"https:\\\/\\\/direktno.info\\\/#organization\"},\"potentialAction\":[{\"@type\":\"SearchAction\",\"target\":{\"@type\":\"EntryPoint\",\"urlTemplate\":\"https:\\\/\\\/direktno.info\\\/?s={search_term_string}\"},\"query-input\":{\"@type\":\"PropertyValueSpecification\",\"valueRequired\":true,\"valueName\":\"search_term_string\"}}],\"inLanguage\":\"hr\"},{\"@type\":\"Organization\",\"@id\":\"https:\\\/\\\/direktno.info\\\/#organization\",\"name\":\"Direktno\",\"url\":\"https:\\\/\\\/direktno.info\\\/\",\"logo\":{\"@type\":\"ImageObject\",\"inLanguage\":\"hr\",\"@id\":\"https:\\\/\\\/direktno.info\\\/#\\\/schema\\\/logo\\\/image\\\/\",\"url\":\"https:\\\/\\\/direktno.info\\\/wp-content\\\/uploads\\\/2026\\\/08\\\/direktno_logo_white.png\",\"contentUrl\":\"https:\\\/\\\/direktno.info\\\/wp-content\\\/uploads\\\/2026\\\/08\\\/direktno_logo_white.png\",\"width\":1600,\"height\":340,\"caption\":\"Direktno\"},\"image\":{\"@id\":\"https:\\\/\\\/direktno.info\\\/#\\\/schema\\\/logo\\\/image\\\/\"},\"sameAs\":[\"https:\\\/\\\/www.facebook.com\\\/share\\\/1Jy4gXyc5u\\\/\"]},{\"@type\":\"Person\",\"@id\":\"https:\\\/\\\/direktno.info\\\/#\\\/schema\\\/person\\\/05fbdaecab81c27dec7cc131a9b37be1\",\"name\":\"Redakcija\",\"image\":{\"@type\":\"ImageObject\",\"inLanguage\":\"hr\",\"@id\":\"https:\\\/\\\/secure.gravatar.com\\\/avatar\\\/ede9d7f54b6164109c0b03742da40f108052ff362d7f85a6850f3cb67bd3d495?s=96&d=mm&r=g\",\"url\":\"https:\\\/\\\/secure.gravatar.com\\\/avatar\\\/ede9d7f54b6164109c0b03742da40f108052ff362d7f85a6850f3cb67bd3d495?s=96&d=mm&r=g\",\"contentUrl\":\"https:\\\/\\\/secure.gravatar.com\\\/avatar\\\/ede9d7f54b6164109c0b03742da40f108052ff362d7f85a6850f3cb67bd3d495?s=96&d=mm&r=g\",\"caption\":\"Redakcija\"},\"sameAs\":[\"http:\\\/\\\/direktno.info\"],\"url\":\"https:\\\/\\\/direktno.info\\\/index.php\\\/author\\\/novinar0603\\\/\"}]}<\/script>\n<!-- \/ Yoast SEO plugin. -->","yoast_head_json":{"title":"Protiv Srba podignuto 55 000 krivi\u010dnih prijava! DODIK : PITAM SE DA LI POSTOJI BIH (VIDEO) - Direktno","robots":{"index":"index","follow":"follow","max-snippet":"max-snippet:-1","max-image-preview":"max-image-preview:large","max-video-preview":"max-video-preview:-1"},"canonical":"https:\/\/direktno.info\/index.php\/2026\/08\/31\/protiv-srba-podignuto-55-000-krivicnih-prijava-dodik-pitam-se-da-li-postoji-bih-video\/","og_locale":"hr_HR","og_type":"article","og_title":"Protiv Srba podignuto 55 000 krivi\u010dnih prijava! DODIK : PITAM SE DA LI POSTOJI BIH (VIDEO) - Direktno","og_description":"Predsjednik SNSD-a Milorad Dodik izjavio je da je protiv gra\u0111ana Republike Srpske podneseno \u010dak 55 hiljada krivi\u010dnih prijava","og_url":"https:\/\/direktno.info\/index.php\/2026\/08\/31\/protiv-srba-podignuto-55-000-krivicnih-prijava-dodik-pitam-se-da-li-postoji-bih-video\/","og_site_name":"Direktno","article_publisher":"https:\/\/www.facebook.com\/share\/1Jy4gXyc5u\/","article_published_time":"2026-08-31T16:56:51+00:00","article_modified_time":"2026-08-31T16:56:52+00:00","og_image":[{"width":1013,"height":675,"url":"http:\/\/direktno.info\/wp-content\/uploads\/2026\/08\/Ratko-Mladic-Milorad-Dodik.jpg","type":"image\/jpeg"}],"author":"Redakcija","twitter_card":"summary_large_image","twitter_misc":{"Napisao\/la":"Redakcija","Procijenjeno vrijeme \u010ditanja":"2 minute"},"schema":{"@context":"https:\/\/schema.org","@graph":[{"@type":"Article","@id":"https:\/\/direktno.info\/index.php\/2026\/08\/31\/protiv-srba-podignuto-55-000-krivicnih-prijava-dodik-pitam-se-da-li-postoji-bih-video\/#article","isPartOf":{"@id":"https:\/\/direktno.info\/index.php\/2026\/08\/31\/protiv-srba-podignuto-55-000-krivicnih-prijava-dodik-pitam-se-da-li-postoji-bih-video\/"},"author":{"name":"Redakcija","@id":"https:\/\/direktno.info\/#\/schema\/person\/05fbdaecab81c27dec7cc131a9b37be1"},"headline":"Protiv Srba podignuto 55 000 krivi\u010dnih prijava! DODIK : PITAM SE DA LI POSTOJI BIH (VIDEO)","datePublished":"2026-08-31T16:56:51+00:00","dateModified":"2026-08-31T16:56:52+00:00","mainEntityOfPage":{"@id":"https:\/\/direktno.info\/index.php\/2026\/08\/31\/protiv-srba-podignuto-55-000-krivicnih-prijava-dodik-pitam-se-da-li-postoji-bih-video\/"},"wordCount":328,"commentCount":0,"publisher":{"@id":"https:\/\/direktno.info\/#organization"},"image":{"@id":"https:\/\/direktno.info\/index.php\/2026\/08\/31\/protiv-srba-podignuto-55-000-krivicnih-prijava-dodik-pitam-se-da-li-postoji-bih-video\/#primaryimage"},"thumbnailUrl":"https:\/\/direktno.info\/wp-content\/uploads\/2026\/08\/Ratko-Mladic-Milorad-Dodik.jpg","keywords":["Bosna i Hercegovina","Milorad Dodik","Ratko Mladi\u0107","Republika Srpska"],"articleSection":["Po\u010detna"],"inLanguage":"hr","potentialAction":[{"@type":"CommentAction","name":"Comment","target":["https:\/\/direktno.info\/index.php\/2026\/08\/31\/protiv-srba-podignuto-55-000-krivicnih-prijava-dodik-pitam-se-da-li-postoji-bih-video\/#respond"]}]},{"@type":"WebPage","@id":"https:\/\/direktno.info\/index.php\/2026\/08\/31\/protiv-srba-podignuto-55-000-krivicnih-prijava-dodik-pitam-se-da-li-postoji-bih-video\/","url":"https:\/\/direktno.info\/index.php\/2026\/08\/31\/protiv-srba-podignuto-55-000-krivicnih-prijava-dodik-pitam-se-da-li-postoji-bih-video\/","name":"Protiv Srba podignuto 55 000 krivi\u010dnih prijava! DODIK : PITAM SE DA LI POSTOJI BIH (VIDEO) - Direktno","isPartOf":{"@id":"https:\/\/direktno.info\/#website"},"primaryImageOfPage":{"@id":"https:\/\/direktno.info\/index.php\/2026\/08\/31\/protiv-srba-podignuto-55-000-krivicnih-prijava-dodik-pitam-se-da-li-postoji-bih-video\/#primaryimage"},"image":{"@id":"https:\/\/direktno.info\/index.php\/2026\/08\/31\/protiv-srba-podignuto-55-000-krivicnih-prijava-dodik-pitam-se-da-li-postoji-bih-video\/#primaryimage"},"thumbnailUrl":"https:\/\/direktno.info\/wp-content\/uploads\/2026\/08\/Ratko-Mladic-Milorad-Dodik.jpg","datePublished":"2026-08-31T16:56:51+00:00","dateModified":"2026-08-31T16:56:52+00:00","breadcrumb":{"@id":"https:\/\/direktno.info\/index.php\/2026\/08\/31\/protiv-srba-podignuto-55-000-krivicnih-prijava-dodik-pitam-se-da-li-postoji-bih-video\/#breadcrumb"},"inLanguage":"hr","potentialAction":[{"@type":"ReadAction","target":["https:\/\/direktno.info\/index.php\/2026\/08\/31\/protiv-srba-podignuto-55-000-krivicnih-prijava-dodik-pitam-se-da-li-postoji-bih-video\/"]}]},{"@type":"ImageObject","inLanguage":"hr","@id":"https:\/\/direktno.info\/index.php\/2026\/08\/31\/protiv-srba-podignuto-55-000-krivicnih-prijava-dodik-pitam-se-da-li-postoji-bih-video\/#primaryimage","url":"https:\/\/direktno.info\/wp-content\/uploads\/2026\/08\/Ratko-Mladic-Milorad-Dodik.jpg","contentUrl":"https:\/\/direktno.info\/wp-content\/uploads\/2026\/08\/Ratko-Mladic-Milorad-Dodik.jpg","width":1013,"height":675},{"@type":"BreadcrumbList","@id":"https:\/\/direktno.info\/index.php\/2026\/08\/31\/protiv-srba-podignuto-55-000-krivicnih-prijava-dodik-pitam-se-da-li-postoji-bih-video\/#breadcrumb","itemListElement":[{"@type":"ListItem","position":1,"name":"Po\u010detna stranica","item":"https:\/\/direktno.info\/"},{"@type":"ListItem","position":2,"name":"Protiv Srba podignuto 55 000 krivi\u010dnih prijava! DODIK : PITAM SE DA LI POSTOJI BIH (VIDEO)"}]},{"@type":"WebSite","@id":"https:\/\/direktno.info\/#website","url":"https:\/\/direktno.info\/","name":"Direktno","description":"","publisher":{"@id":"https:\/\/direktno.info\/#organization"},"potentialAction":[{"@type":"SearchAction","target":{"@type":"EntryPoint","urlTemplate":"https:\/\/direktno.info\/?s={search_term_string}"},"query-input":{"@type":"PropertyValueSpecification","valueRequired":true,"valueName":"search_term_string"}}],"inLanguage":"hr"},{"@type":"Organization","@id":"https:\/\/direktno.info\/#organization","name":"Direktno","url":"https:\/\/direktno.info\/","logo":{"@type":"ImageObject","inLanguage":"hr","@id":"https:\/\/direktno.info\/#\/schema\/logo\/image\/","url":"https:\/\/direktno.info\/wp-content\/uploads\/2026\/08\/direktno_logo_white.png","contentUrl":"https:\/\/direktno.info\/wp-content\/uploads\/2026\/08\/direktno_logo_white.png","width":1600,"height":340,"caption":"Direktno"},"image":{"@id":"https:\/\/direktno.info\/#\/schema\/logo\/image\/"},"sameAs":["https:\/\/www.facebook.com\/share\/1Jy4gXyc5u\/"]},{"@type":"Person","@id":"https:\/\/direktno.info\/#\/schema\/person\/05fbdaecab81c27dec7cc131a9b37be1","name":"Redakcija","image":{"@type":"ImageObject","inLanguage":"hr","@id":"https:\/\/secure.gravatar.com\/avatar\/ede9d7f54b6164109c0b03742da40f108052ff362d7f85a6850f3cb67bd3d495?s=96&d=mm&r=g","url":"https:\/\/secure.gravatar.com\/avatar\/ede9d7f54b6164109c0b03742da40f108052ff362d7f85a6850f3cb67bd3d495?s=96&d=mm&r=g","contentUrl":"https:\/\/secure.gravatar.com\/avatar\/ede9d7f54b6164109c0b03742da40f108052ff362d7f85a6850f3cb67bd3d495?s=96&d=mm&r=g","caption":"Redakcija"},"sameAs":["http:\/\/direktno.info"],"url":"https:\/\/direktno.info\/index.php\/author\/novinar0603\/"}]}},"_links":{"self":[{"href":"https:\/\/direktno.info\/index.php\/wp-json\/wp\/v2\/posts\/1548","targetHints":{"allow":["GET"]}}],"collection":[{"href":"https:\/\/direktno.info\/index.php\/wp-json\/wp\/v2\/posts"}],"about":[{"href":"https:\/\/direktno.info\/index.php\/wp-json\/wp\/v2\/types\/post"}],"author":[{"embeddable":true,"href":"https:\/\/direktno.info\/index.php\/wp-json\/wp\/v2\/users\/1"}],"replies":[{"embeddable":true,"href":"https:\/\/direktno.info\/index.php\/wp-json\/wp\/v2\/comments?post=1548"}],"version-history":[{"count":1,"href":"https:\/\/direktno.info\/index.php\/wp-json\/wp\/v2\/posts\/1548\/revisions"}],"predecessor-version":[{"id":1551,"href":"https:\/\/direktno.info\/index.php\/wp-json\/wp\/v2\/posts\/1548\/revisions\/1551"}],"wp:featuredmedia":[{"embeddable":true,"href":"https:\/\/direktno.info\/index.php\/wp-json\/wp\/v2\/media\/1550"}],"wp:attachment":[{"href":"https:\/\/direktno.info\/index.php\/wp-json\/wp\/v2\/media?parent=1548"}],"wp:term":[{"taxonomy":"category","embeddable":true,"href":"https:\/\/direktno.info\/index.php\/wp-json\/wp\/v2\/categories?post=1548"},{"taxonomy":"post_tag","embeddable":true,"href":"https:\/\/direktno.info\/index.php\/wp-json\/wp\/v2\/tags?post=1548"}],"curies":[{"name":"wp","href":"https:\/\/api.w.org\/{rel}","templated":true}]}}