{"id":1538,"date":"2026-08-31T13:11:31","date_gmt":"2026-08-31T13:11:31","guid":{"rendered":"https:\/\/direktno.info\/?p=1538"},"modified":"2026-08-31T13:14:13","modified_gmt":"2026-08-31T13:14:13","slug":"pobjednik-dana-doko-novakovic","status":"publish","type":"post","link":"https:\/\/direktno.info\/index.php\/2026\/08\/31\/pobjednik-dana-doko-novakovic\/","title":{"rendered":"POBJEDNIK DANA : \u0110OKO NOVAKOVI\u0106"},"content":{"rendered":"\n<p class=\"wp-block-paragraph\"><strong>Hirurg iz Ora\u0161ja \u0110oko Novakovi\u0107 ostao bez posla jer je na svojoj dru\u0161tvenoj mre\u017ei podijelio fotografiju generala Ratka Mladi\u0107a uz &#8211; Vje\u010dno ti hvala<\/strong>!<\/p>\n\n\n\n<p class=\"wp-block-paragraph\"><\/p>\n","protected":false},"excerpt":{"rendered":"<p>Hirurg iz Ora\u0161ja \u0110oko Novakovi\u0107 ostao bez posla jer je na svojoj dru\u0161tvenoj mre\u017ei podijelio fotografiju generala Ratka<\/p>\n","protected":false},"author":1,"featured_media":1537,"comment_status":"open","ping_status":"open","sticky":false,"template":"","format":"standard","meta":{"footnotes":""},"categories":[32],"tags":[92,91,93,40],"class_list":["post-1538","post","type-post","status-publish","format-standard","has-post-thumbnail","hentry","category-pobjednik-dana","tag-doko-novakovic","tag-federacija-bih","tag-orasje","tag-ratko-mladic"],"yoast_head":"<!-- This site is optimized with the Yoast SEO plugin v28.3 - https:\/\/yoast.com\/product\/yoast-seo-wordpress\/ -->\n<title>POBJEDNIK DANA : \u0110OKO NOVAKOVI\u0106 - Direktno<\/title>\n<meta name=\"robots\" content=\"index, follow, max-snippet:-1, max-image-preview:large, max-video-preview:-1\" \/>\n<link rel=\"canonical\" href=\"https:\/\/direktno.info\/index.php\/2026\/08\/31\/pobjednik-dana-doko-novakovic\/\" \/>\n<meta property=\"og:locale\" content=\"hr_HR\" \/>\n<meta property=\"og:type\" content=\"article\" \/>\n<meta property=\"og:title\" content=\"POBJEDNIK DANA : \u0110OKO NOVAKOVI\u0106 - Direktno\" \/>\n<meta property=\"og:description\" content=\"Hirurg iz Ora\u0161ja \u0110oko Novakovi\u0107 ostao bez posla jer je na svojoj dru\u0161tvenoj mre\u017ei podijelio fotografiju generala Ratka\" \/>\n<meta property=\"og:url\" content=\"https:\/\/direktno.info\/index.php\/2026\/08\/31\/pobjednik-dana-doko-novakovic\/\" \/>\n<meta property=\"og:site_name\" content=\"Direktno\" \/>\n<meta property=\"article:publisher\" content=\"https:\/\/www.facebook.com\/share\/1Jy4gXyc5u\/\" \/>\n<meta property=\"article:published_time\" content=\"2026-08-31T13:11:31+00:00\" \/>\n<meta property=\"article:modified_time\" content=\"2026-08-31T13:14:13+00:00\" \/>\n<meta property=\"og:image\" content=\"http:\/\/direktno.info\/wp-content\/uploads\/2026\/08\/Screenshot_20260831_144628_com_facebook_katana_BrowserLiteDIActivity.jpg\" \/>\n\t<meta property=\"og:image:width\" content=\"1280\" \/>\n\t<meta property=\"og:image:height\" content=\"1938\" \/>\n\t<meta property=\"og:image:type\" content=\"image\/jpeg\" \/>\n<meta name=\"author\" content=\"Redakcija\" \/>\n<meta name=\"twitter:card\" content=\"summary_large_image\" \/>\n<meta name=\"twitter:label1\" content=\"Napisao\/la\" \/>\n\t<meta name=\"twitter:data1\" content=\"Redakcija\" \/>\n\t<meta name=\"twitter:label2\" content=\"Procijenjeno vrijeme \u010ditanja\" \/>\n\t<meta name=\"twitter:data2\" content=\"1 minuta\" \/>\n<script type=\"application\/ld+json\" class=\"yoast-schema-graph\">{\"@context\":\"https:\\\/\\\/schema.org\",\"@graph\":[{\"@type\":\"Article\",\"@id\":\"https:\\\/\\\/direktno.info\\\/index.php\\\/2026\\\/08\\\/31\\\/pobjednik-dana-doko-novakovic\\\/#article\",\"isPartOf\":{\"@id\":\"https:\\\/\\\/direktno.info\\\/index.php\\\/2026\\\/08\\\/31\\\/pobjednik-dana-doko-novakovic\\\/\"},\"author\":{\"name\":\"Redakcija\",\"@id\":\"https:\\\/\\\/direktno.info\\\/#\\\/schema\\\/person\\\/05fbdaecab81c27dec7cc131a9b37be1\"},\"headline\":\"POBJEDNIK DANA : \u0110OKO NOVAKOVI\u0106\",\"datePublished\":\"2026-08-31T13:11:31+00:00\",\"dateModified\":\"2026-08-31T13:14:13+00:00\",\"mainEntityOfPage\":{\"@id\":\"https:\\\/\\\/direktno.info\\\/index.php\\\/2026\\\/08\\\/31\\\/pobjednik-dana-doko-novakovic\\\/\"},\"wordCount\":33,\"commentCount\":0,\"publisher\":{\"@id\":\"https:\\\/\\\/direktno.info\\\/#organization\"},\"image\":{\"@id\":\"https:\\\/\\\/direktno.info\\\/index.php\\\/2026\\\/08\\\/31\\\/pobjednik-dana-doko-novakovic\\\/#primaryimage\"},\"thumbnailUrl\":\"https:\\\/\\\/direktno.info\\\/wp-content\\\/uploads\\\/2026\\\/08\\\/Screenshot_20260831_144628_com_facebook_katana_BrowserLiteDIActivity.jpg\",\"keywords\":[\"\u0110oko Novakovi\u0107\",\"Federacija BiH\",\"Ora\u0161je\",\"Ratko Mladi\u0107\"],\"articleSection\":[\"Pobjednik dana\"],\"inLanguage\":\"hr\",\"potentialAction\":[{\"@type\":\"CommentAction\",\"name\":\"Comment\",\"target\":[\"https:\\\/\\\/direktno.info\\\/index.php\\\/2026\\\/08\\\/31\\\/pobjednik-dana-doko-novakovic\\\/#respond\"]}]},{\"@type\":\"WebPage\",\"@id\":\"https:\\\/\\\/direktno.info\\\/index.php\\\/2026\\\/08\\\/31\\\/pobjednik-dana-doko-novakovic\\\/\",\"url\":\"https:\\\/\\\/direktno.info\\\/index.php\\\/2026\\\/08\\\/31\\\/pobjednik-dana-doko-novakovic\\\/\",\"name\":\"POBJEDNIK DANA : \u0110OKO NOVAKOVI\u0106 - Direktno\",\"isPartOf\":{\"@id\":\"https:\\\/\\\/direktno.info\\\/#website\"},\"primaryImageOfPage\":{\"@id\":\"https:\\\/\\\/direktno.info\\\/index.php\\\/2026\\\/08\\\/31\\\/pobjednik-dana-doko-novakovic\\\/#primaryimage\"},\"image\":{\"@id\":\"https:\\\/\\\/direktno.info\\\/index.php\\\/2026\\\/08\\\/31\\\/pobjednik-dana-doko-novakovic\\\/#primaryimage\"},\"thumbnailUrl\":\"https:\\\/\\\/direktno.info\\\/wp-content\\\/uploads\\\/2026\\\/08\\\/Screenshot_20260831_144628_com_facebook_katana_BrowserLiteDIActivity.jpg\",\"datePublished\":\"2026-08-31T13:11:31+00:00\",\"dateModified\":\"2026-08-31T13:14:13+00:00\",\"breadcrumb\":{\"@id\":\"https:\\\/\\\/direktno.info\\\/index.php\\\/2026\\\/08\\\/31\\\/pobjednik-dana-doko-novakovic\\\/#breadcrumb\"},\"inLanguage\":\"hr\",\"potentialAction\":[{\"@type\":\"ReadAction\",\"target\":[\"https:\\\/\\\/direktno.info\\\/index.php\\\/2026\\\/08\\\/31\\\/pobjednik-dana-doko-novakovic\\\/\"]}]},{\"@type\":\"ImageObject\",\"inLanguage\":\"hr\",\"@id\":\"https:\\\/\\\/direktno.info\\\/index.php\\\/2026\\\/08\\\/31\\\/pobjednik-dana-doko-novakovic\\\/#primaryimage\",\"url\":\"https:\\\/\\\/direktno.info\\\/wp-content\\\/uploads\\\/2026\\\/08\\\/Screenshot_20260831_144628_com_facebook_katana_BrowserLiteDIActivity.jpg\",\"contentUrl\":\"https:\\\/\\\/direktno.info\\\/wp-content\\\/uploads\\\/2026\\\/08\\\/Screenshot_20260831_144628_com_facebook_katana_BrowserLiteDIActivity.jpg\",\"width\":1280,\"height\":1938},{\"@type\":\"BreadcrumbList\",\"@id\":\"https:\\\/\\\/direktno.info\\\/index.php\\\/2026\\\/08\\\/31\\\/pobjednik-dana-doko-novakovic\\\/#breadcrumb\",\"itemListElement\":[{\"@type\":\"ListItem\",\"position\":1,\"name\":\"Po\u010detna stranica\",\"item\":\"https:\\\/\\\/direktno.info\\\/\"},{\"@type\":\"ListItem\",\"position\":2,\"name\":\"POBJEDNIK DANA : \u0110OKO NOVAKOVI\u0106\"}]},{\"@type\":\"WebSite\",\"@id\":\"https:\\\/\\\/direktno.info\\\/#website\",\"url\":\"https:\\\/\\\/direktno.info\\\/\",\"name\":\"Direktno\",\"description\":\"\",\"publisher\":{\"@id\":\"https:\\\/\\\/direktno.info\\\/#organization\"},\"potentialAction\":[{\"@type\":\"SearchAction\",\"target\":{\"@type\":\"EntryPoint\",\"urlTemplate\":\"https:\\\/\\\/direktno.info\\\/?s={search_term_string}\"},\"query-input\":{\"@type\":\"PropertyValueSpecification\",\"valueRequired\":true,\"valueName\":\"search_term_string\"}}],\"inLanguage\":\"hr\"},{\"@type\":\"Organization\",\"@id\":\"https:\\\/\\\/direktno.info\\\/#organization\",\"name\":\"Direktno\",\"url\":\"https:\\\/\\\/direktno.info\\\/\",\"logo\":{\"@type\":\"ImageObject\",\"inLanguage\":\"hr\",\"@id\":\"https:\\\/\\\/direktno.info\\\/#\\\/schema\\\/logo\\\/image\\\/\",\"url\":\"https:\\\/\\\/direktno.info\\\/wp-content\\\/uploads\\\/2026\\\/08\\\/direktno_logo_white.png\",\"contentUrl\":\"https:\\\/\\\/direktno.info\\\/wp-content\\\/uploads\\\/2026\\\/08\\\/direktno_logo_white.png\",\"width\":1600,\"height\":340,\"caption\":\"Direktno\"},\"image\":{\"@id\":\"https:\\\/\\\/direktno.info\\\/#\\\/schema\\\/logo\\\/image\\\/\"},\"sameAs\":[\"https:\\\/\\\/www.facebook.com\\\/share\\\/1Jy4gXyc5u\\\/\"]},{\"@type\":\"Person\",\"@id\":\"https:\\\/\\\/direktno.info\\\/#\\\/schema\\\/person\\\/05fbdaecab81c27dec7cc131a9b37be1\",\"name\":\"Redakcija\",\"image\":{\"@type\":\"ImageObject\",\"inLanguage\":\"hr\",\"@id\":\"https:\\\/\\\/secure.gravatar.com\\\/avatar\\\/ede9d7f54b6164109c0b03742da40f108052ff362d7f85a6850f3cb67bd3d495?s=96&d=mm&r=g\",\"url\":\"https:\\\/\\\/secure.gravatar.com\\\/avatar\\\/ede9d7f54b6164109c0b03742da40f108052ff362d7f85a6850f3cb67bd3d495?s=96&d=mm&r=g\",\"contentUrl\":\"https:\\\/\\\/secure.gravatar.com\\\/avatar\\\/ede9d7f54b6164109c0b03742da40f108052ff362d7f85a6850f3cb67bd3d495?s=96&d=mm&r=g\",\"caption\":\"Redakcija\"},\"sameAs\":[\"http:\\\/\\\/direktno.info\"],\"url\":\"https:\\\/\\\/direktno.info\\\/index.php\\\/author\\\/novinar0603\\\/\"}]}<\/script>\n<!-- \/ Yoast SEO plugin. -->","yoast_head_json":{"title":"POBJEDNIK DANA : \u0110OKO NOVAKOVI\u0106 - Direktno","robots":{"index":"index","follow":"follow","max-snippet":"max-snippet:-1","max-image-preview":"max-image-preview:large","max-video-preview":"max-video-preview:-1"},"canonical":"https:\/\/direktno.info\/index.php\/2026\/08\/31\/pobjednik-dana-doko-novakovic\/","og_locale":"hr_HR","og_type":"article","og_title":"POBJEDNIK DANA : \u0110OKO NOVAKOVI\u0106 - Direktno","og_description":"Hirurg iz Ora\u0161ja \u0110oko Novakovi\u0107 ostao bez posla jer je na svojoj dru\u0161tvenoj mre\u017ei podijelio fotografiju generala Ratka","og_url":"https:\/\/direktno.info\/index.php\/2026\/08\/31\/pobjednik-dana-doko-novakovic\/","og_site_name":"Direktno","article_publisher":"https:\/\/www.facebook.com\/share\/1Jy4gXyc5u\/","article_published_time":"2026-08-31T13:11:31+00:00","article_modified_time":"2026-08-31T13:14:13+00:00","og_image":[{"width":1280,"height":1938,"url":"http:\/\/direktno.info\/wp-content\/uploads\/2026\/08\/Screenshot_20260831_144628_com_facebook_katana_BrowserLiteDIActivity.jpg","type":"image\/jpeg"}],"author":"Redakcija","twitter_card":"summary_large_image","twitter_misc":{"Napisao\/la":"Redakcija","Procijenjeno vrijeme \u010ditanja":"1 minuta"},"schema":{"@context":"https:\/\/schema.org","@graph":[{"@type":"Article","@id":"https:\/\/direktno.info\/index.php\/2026\/08\/31\/pobjednik-dana-doko-novakovic\/#article","isPartOf":{"@id":"https:\/\/direktno.info\/index.php\/2026\/08\/31\/pobjednik-dana-doko-novakovic\/"},"author":{"name":"Redakcija","@id":"https:\/\/direktno.info\/#\/schema\/person\/05fbdaecab81c27dec7cc131a9b37be1"},"headline":"POBJEDNIK DANA : \u0110OKO NOVAKOVI\u0106","datePublished":"2026-08-31T13:11:31+00:00","dateModified":"2026-08-31T13:14:13+00:00","mainEntityOfPage":{"@id":"https:\/\/direktno.info\/index.php\/2026\/08\/31\/pobjednik-dana-doko-novakovic\/"},"wordCount":33,"commentCount":0,"publisher":{"@id":"https:\/\/direktno.info\/#organization"},"image":{"@id":"https:\/\/direktno.info\/index.php\/2026\/08\/31\/pobjednik-dana-doko-novakovic\/#primaryimage"},"thumbnailUrl":"https:\/\/direktno.info\/wp-content\/uploads\/2026\/08\/Screenshot_20260831_144628_com_facebook_katana_BrowserLiteDIActivity.jpg","keywords":["\u0110oko Novakovi\u0107","Federacija BiH","Ora\u0161je","Ratko Mladi\u0107"],"articleSection":["Pobjednik dana"],"inLanguage":"hr","potentialAction":[{"@type":"CommentAction","name":"Comment","target":["https:\/\/direktno.info\/index.php\/2026\/08\/31\/pobjednik-dana-doko-novakovic\/#respond"]}]},{"@type":"WebPage","@id":"https:\/\/direktno.info\/index.php\/2026\/08\/31\/pobjednik-dana-doko-novakovic\/","url":"https:\/\/direktno.info\/index.php\/2026\/08\/31\/pobjednik-dana-doko-novakovic\/","name":"POBJEDNIK DANA : \u0110OKO NOVAKOVI\u0106 - Direktno","isPartOf":{"@id":"https:\/\/direktno.info\/#website"},"primaryImageOfPage":{"@id":"https:\/\/direktno.info\/index.php\/2026\/08\/31\/pobjednik-dana-doko-novakovic\/#primaryimage"},"image":{"@id":"https:\/\/direktno.info\/index.php\/2026\/08\/31\/pobjednik-dana-doko-novakovic\/#primaryimage"},"thumbnailUrl":"https:\/\/direktno.info\/wp-content\/uploads\/2026\/08\/Screenshot_20260831_144628_com_facebook_katana_BrowserLiteDIActivity.jpg","datePublished":"2026-08-31T13:11:31+00:00","dateModified":"2026-08-31T13:14:13+00:00","breadcrumb":{"@id":"https:\/\/direktno.info\/index.php\/2026\/08\/31\/pobjednik-dana-doko-novakovic\/#breadcrumb"},"inLanguage":"hr","potentialAction":[{"@type":"ReadAction","target":["https:\/\/direktno.info\/index.php\/2026\/08\/31\/pobjednik-dana-doko-novakovic\/"]}]},{"@type":"ImageObject","inLanguage":"hr","@id":"https:\/\/direktno.info\/index.php\/2026\/08\/31\/pobjednik-dana-doko-novakovic\/#primaryimage","url":"https:\/\/direktno.info\/wp-content\/uploads\/2026\/08\/Screenshot_20260831_144628_com_facebook_katana_BrowserLiteDIActivity.jpg","contentUrl":"https:\/\/direktno.info\/wp-content\/uploads\/2026\/08\/Screenshot_20260831_144628_com_facebook_katana_BrowserLiteDIActivity.jpg","width":1280,"height":1938},{"@type":"BreadcrumbList","@id":"https:\/\/direktno.info\/index.php\/2026\/08\/31\/pobjednik-dana-doko-novakovic\/#breadcrumb","itemListElement":[{"@type":"ListItem","position":1,"name":"Po\u010detna stranica","item":"https:\/\/direktno.info\/"},{"@type":"ListItem","position":2,"name":"POBJEDNIK DANA : \u0110OKO NOVAKOVI\u0106"}]},{"@type":"WebSite","@id":"https:\/\/direktno.info\/#website","url":"https:\/\/direktno.info\/","name":"Direktno","description":"","publisher":{"@id":"https:\/\/direktno.info\/#organization"},"potentialAction":[{"@type":"SearchAction","target":{"@type":"EntryPoint","urlTemplate":"https:\/\/direktno.info\/?s={search_term_string}"},"query-input":{"@type":"PropertyValueSpecification","valueRequired":true,"valueName":"search_term_string"}}],"inLanguage":"hr"},{"@type":"Organization","@id":"https:\/\/direktno.info\/#organization","name":"Direktno","url":"https:\/\/direktno.info\/","logo":{"@type":"ImageObject","inLanguage":"hr","@id":"https:\/\/direktno.info\/#\/schema\/logo\/image\/","url":"https:\/\/direktno.info\/wp-content\/uploads\/2026\/08\/direktno_logo_white.png","contentUrl":"https:\/\/direktno.info\/wp-content\/uploads\/2026\/08\/direktno_logo_white.png","width":1600,"height":340,"caption":"Direktno"},"image":{"@id":"https:\/\/direktno.info\/#\/schema\/logo\/image\/"},"sameAs":["https:\/\/www.facebook.com\/share\/1Jy4gXyc5u\/"]},{"@type":"Person","@id":"https:\/\/direktno.info\/#\/schema\/person\/05fbdaecab81c27dec7cc131a9b37be1","name":"Redakcija","image":{"@type":"ImageObject","inLanguage":"hr","@id":"https:\/\/secure.gravatar.com\/avatar\/ede9d7f54b6164109c0b03742da40f108052ff362d7f85a6850f3cb67bd3d495?s=96&d=mm&r=g","url":"https:\/\/secure.gravatar.com\/avatar\/ede9d7f54b6164109c0b03742da40f108052ff362d7f85a6850f3cb67bd3d495?s=96&d=mm&r=g","contentUrl":"https:\/\/secure.gravatar.com\/avatar\/ede9d7f54b6164109c0b03742da40f108052ff362d7f85a6850f3cb67bd3d495?s=96&d=mm&r=g","caption":"Redakcija"},"sameAs":["http:\/\/direktno.info"],"url":"https:\/\/direktno.info\/index.php\/author\/novinar0603\/"}]}},"_links":{"self":[{"href":"https:\/\/direktno.info\/index.php\/wp-json\/wp\/v2\/posts\/1538","targetHints":{"allow":["GET"]}}],"collection":[{"href":"https:\/\/direktno.info\/index.php\/wp-json\/wp\/v2\/posts"}],"about":[{"href":"https:\/\/direktno.info\/index.php\/wp-json\/wp\/v2\/types\/post"}],"author":[{"embeddable":true,"href":"https:\/\/direktno.info\/index.php\/wp-json\/wp\/v2\/users\/1"}],"replies":[{"embeddable":true,"href":"https:\/\/direktno.info\/index.php\/wp-json\/wp\/v2\/comments?post=1538"}],"version-history":[{"count":2,"href":"https:\/\/direktno.info\/index.php\/wp-json\/wp\/v2\/posts\/1538\/revisions"}],"predecessor-version":[{"id":1541,"href":"https:\/\/direktno.info\/index.php\/wp-json\/wp\/v2\/posts\/1538\/revisions\/1541"}],"wp:featuredmedia":[{"embeddable":true,"href":"https:\/\/direktno.info\/index.php\/wp-json\/wp\/v2\/media\/1537"}],"wp:attachment":[{"href":"https:\/\/direktno.info\/index.php\/wp-json\/wp\/v2\/media?parent=1538"}],"wp:term":[{"taxonomy":"category","embeddable":true,"href":"https:\/\/direktno.info\/index.php\/wp-json\/wp\/v2\/categories?post=1538"},{"taxonomy":"post_tag","embeddable":true,"href":"https:\/\/direktno.info\/index.php\/wp-json\/wp\/v2\/tags?post=1538"}],"curies":[{"name":"wp","href":"https:\/\/api.w.org\/{rel}","templated":true}]}}