{"id":1532,"date":"2026-08-31T12:44:53","date_gmt":"2026-08-31T12:44:53","guid":{"rendered":"https:\/\/direktno.info\/?p=1532"},"modified":"2026-08-31T12:44:54","modified_gmt":"2026-08-31T12:44:54","slug":"odmazde-u-federaciji-zbog-mladica-troje-ljudi-ostalo-bez-posla","status":"publish","type":"post","link":"https:\/\/direktno.info\/index.php\/2026\/08\/31\/odmazde-u-federaciji-zbog-mladica-troje-ljudi-ostalo-bez-posla\/","title":{"rendered":"ODMAZDE U FEDERACIJI! Zbog Mladi\u0107a troje ljudi ostalo bez posla"},"content":{"rendered":"\n<p class=\"wp-block-paragraph\"><strong>Kantonalna bolnica Ora\u0161je otkazala je honorarni anga\u017eman hirurgu \u0110oki Novakovi\u0107u zbog njegove objave na dru\u0161tvenim mre\u017eama kojom je odao po\u010dast generalu Ratku Mladi\u0107u.<\/strong><\/p>\n\n\n\n<p class=\"wp-block-paragraph\">Novakovi\u0107, koji je primarno zaposlen u Bijeljini, nije prvi zdravstveni radnik u Federaciji BiH koji je dobio otkaz zbog objave na dru\u0161tvenim mre\u017eama.Dom zdravlja u Tomislavgradu je ljekaru \u0408.\u0408, tako\u0111e, zbog objave na dru\u0161tvenim mre\u017eama iz istih razloga ekspresno uru\u010dio otkaz, prenose federalni mediji.<\/p>\n\n\n\n<p class=\"wp-block-paragraph\"><\/p>\n\n\n\n<p class=\"wp-block-paragraph\">Osim zdravstvenih ustanova u FBiH, ni sportski kolektivni nisu ostali imuni na radikalne mjere otkazivanja ugovora zbog objava na dru\u0161tvenim mre\u017eama, \u0161to pokazuje i odluka Akademije Fudbalskog kluba \u201cSarajevo\u201d o prekidu saradnje sa mladim golmanom V.V, jer je njegov otac na dru\u0161tvenim mre\u017eama podijelio fotografiju uz poruku \u201cHvala za sve, Generale!\u201d.<\/p>\n","protected":false},"excerpt":{"rendered":"<p>Kantonalna bolnica Ora\u0161je otkazala je honorarni anga\u017eman hirurgu \u0110oki Novakovi\u0107u zbog njegove objave na dru\u0161tvenim mre\u017eama kojom je<\/p>\n","protected":false},"author":1,"featured_media":1533,"comment_status":"open","ping_status":"open","sticky":false,"template":"","format":"standard","meta":{"footnotes":""},"categories":[30],"tags":[91,89,88,40,90],"class_list":["post-1532","post","type-post","status-publish","format-standard","has-post-thumbnail","hentry","category-pocetna","tag-federacija-bih","tag-odmazda","tag-osveta","tag-ratko-mladic","tag-tomislavgrad"],"yoast_head":"<!-- This site is optimized with the Yoast SEO plugin v28.3 - https:\/\/yoast.com\/product\/yoast-seo-wordpress\/ -->\n<title>ODMAZDE U FEDERACIJI! Zbog Mladi\u0107a troje ljudi ostalo bez posla - Direktno<\/title>\n<meta name=\"robots\" content=\"index, follow, max-snippet:-1, max-image-preview:large, max-video-preview:-1\" \/>\n<link rel=\"canonical\" href=\"https:\/\/direktno.info\/index.php\/2026\/08\/31\/odmazde-u-federaciji-zbog-mladica-troje-ljudi-ostalo-bez-posla\/\" \/>\n<meta property=\"og:locale\" content=\"hr_HR\" \/>\n<meta property=\"og:type\" content=\"article\" \/>\n<meta property=\"og:title\" content=\"ODMAZDE U FEDERACIJI! Zbog Mladi\u0107a troje ljudi ostalo bez posla - Direktno\" \/>\n<meta property=\"og:description\" content=\"Kantonalna bolnica Ora\u0161je otkazala je honorarni anga\u017eman hirurgu \u0110oki Novakovi\u0107u zbog njegove objave na dru\u0161tvenim mre\u017eama kojom je\" \/>\n<meta property=\"og:url\" content=\"https:\/\/direktno.info\/index.php\/2026\/08\/31\/odmazde-u-federaciji-zbog-mladica-troje-ljudi-ostalo-bez-posla\/\" \/>\n<meta property=\"og:site_name\" content=\"Direktno\" \/>\n<meta property=\"article:publisher\" content=\"https:\/\/www.facebook.com\/share\/1Jy4gXyc5u\/\" \/>\n<meta property=\"article:published_time\" content=\"2026-08-31T12:44:53+00:00\" \/>\n<meta property=\"article:modified_time\" content=\"2026-08-31T12:44:54+00:00\" \/>\n<meta property=\"og:image\" content=\"http:\/\/direktno.info\/wp-content\/uploads\/2026\/08\/IMG_20260831_144310.jpg\" \/>\n\t<meta property=\"og:image:width\" content=\"640\" \/>\n\t<meta property=\"og:image:height\" content=\"360\" \/>\n\t<meta property=\"og:image:type\" content=\"image\/jpeg\" \/>\n<meta name=\"author\" content=\"Redakcija\" \/>\n<meta name=\"twitter:card\" content=\"summary_large_image\" \/>\n<meta name=\"twitter:label1\" content=\"Napisao\/la\" \/>\n\t<meta name=\"twitter:data1\" content=\"Redakcija\" \/>\n\t<meta name=\"twitter:label2\" content=\"Procijenjeno vrijeme \u010ditanja\" \/>\n\t<meta name=\"twitter:data2\" content=\"1 minuta\" \/>\n<script type=\"application\/ld+json\" class=\"yoast-schema-graph\">{\"@context\":\"https:\\\/\\\/schema.org\",\"@graph\":[{\"@type\":\"Article\",\"@id\":\"https:\\\/\\\/direktno.info\\\/index.php\\\/2026\\\/08\\\/31\\\/odmazde-u-federaciji-zbog-mladica-troje-ljudi-ostalo-bez-posla\\\/#article\",\"isPartOf\":{\"@id\":\"https:\\\/\\\/direktno.info\\\/index.php\\\/2026\\\/08\\\/31\\\/odmazde-u-federaciji-zbog-mladica-troje-ljudi-ostalo-bez-posla\\\/\"},\"author\":{\"name\":\"Redakcija\",\"@id\":\"https:\\\/\\\/direktno.info\\\/#\\\/schema\\\/person\\\/05fbdaecab81c27dec7cc131a9b37be1\"},\"headline\":\"ODMAZDE U FEDERACIJI! Zbog Mladi\u0107a troje ljudi ostalo bez posla\",\"datePublished\":\"2026-08-31T12:44:53+00:00\",\"dateModified\":\"2026-08-31T12:44:54+00:00\",\"mainEntityOfPage\":{\"@id\":\"https:\\\/\\\/direktno.info\\\/index.php\\\/2026\\\/08\\\/31\\\/odmazde-u-federaciji-zbog-mladica-troje-ljudi-ostalo-bez-posla\\\/\"},\"wordCount\":147,\"commentCount\":0,\"publisher\":{\"@id\":\"https:\\\/\\\/direktno.info\\\/#organization\"},\"image\":{\"@id\":\"https:\\\/\\\/direktno.info\\\/index.php\\\/2026\\\/08\\\/31\\\/odmazde-u-federaciji-zbog-mladica-troje-ljudi-ostalo-bez-posla\\\/#primaryimage\"},\"thumbnailUrl\":\"https:\\\/\\\/direktno.info\\\/wp-content\\\/uploads\\\/2026\\\/08\\\/IMG_20260831_144310.jpg\",\"keywords\":[\"Federacija BiH\",\"Odmazda\",\"osveta\",\"Ratko Mladi\u0107\",\"Tomislavgrad\"],\"articleSection\":[\"Po\u010detna\"],\"inLanguage\":\"hr\",\"potentialAction\":[{\"@type\":\"CommentAction\",\"name\":\"Comment\",\"target\":[\"https:\\\/\\\/direktno.info\\\/index.php\\\/2026\\\/08\\\/31\\\/odmazde-u-federaciji-zbog-mladica-troje-ljudi-ostalo-bez-posla\\\/#respond\"]}]},{\"@type\":\"WebPage\",\"@id\":\"https:\\\/\\\/direktno.info\\\/index.php\\\/2026\\\/08\\\/31\\\/odmazde-u-federaciji-zbog-mladica-troje-ljudi-ostalo-bez-posla\\\/\",\"url\":\"https:\\\/\\\/direktno.info\\\/index.php\\\/2026\\\/08\\\/31\\\/odmazde-u-federaciji-zbog-mladica-troje-ljudi-ostalo-bez-posla\\\/\",\"name\":\"ODMAZDE U FEDERACIJI! Zbog Mladi\u0107a troje ljudi ostalo bez posla - Direktno\",\"isPartOf\":{\"@id\":\"https:\\\/\\\/direktno.info\\\/#website\"},\"primaryImageOfPage\":{\"@id\":\"https:\\\/\\\/direktno.info\\\/index.php\\\/2026\\\/08\\\/31\\\/odmazde-u-federaciji-zbog-mladica-troje-ljudi-ostalo-bez-posla\\\/#primaryimage\"},\"image\":{\"@id\":\"https:\\\/\\\/direktno.info\\\/index.php\\\/2026\\\/08\\\/31\\\/odmazde-u-federaciji-zbog-mladica-troje-ljudi-ostalo-bez-posla\\\/#primaryimage\"},\"thumbnailUrl\":\"https:\\\/\\\/direktno.info\\\/wp-content\\\/uploads\\\/2026\\\/08\\\/IMG_20260831_144310.jpg\",\"datePublished\":\"2026-08-31T12:44:53+00:00\",\"dateModified\":\"2026-08-31T12:44:54+00:00\",\"breadcrumb\":{\"@id\":\"https:\\\/\\\/direktno.info\\\/index.php\\\/2026\\\/08\\\/31\\\/odmazde-u-federaciji-zbog-mladica-troje-ljudi-ostalo-bez-posla\\\/#breadcrumb\"},\"inLanguage\":\"hr\",\"potentialAction\":[{\"@type\":\"ReadAction\",\"target\":[\"https:\\\/\\\/direktno.info\\\/index.php\\\/2026\\\/08\\\/31\\\/odmazde-u-federaciji-zbog-mladica-troje-ljudi-ostalo-bez-posla\\\/\"]}]},{\"@type\":\"ImageObject\",\"inLanguage\":\"hr\",\"@id\":\"https:\\\/\\\/direktno.info\\\/index.php\\\/2026\\\/08\\\/31\\\/odmazde-u-federaciji-zbog-mladica-troje-ljudi-ostalo-bez-posla\\\/#primaryimage\",\"url\":\"https:\\\/\\\/direktno.info\\\/wp-content\\\/uploads\\\/2026\\\/08\\\/IMG_20260831_144310.jpg\",\"contentUrl\":\"https:\\\/\\\/direktno.info\\\/wp-content\\\/uploads\\\/2026\\\/08\\\/IMG_20260831_144310.jpg\",\"width\":640,\"height\":360},{\"@type\":\"BreadcrumbList\",\"@id\":\"https:\\\/\\\/direktno.info\\\/index.php\\\/2026\\\/08\\\/31\\\/odmazde-u-federaciji-zbog-mladica-troje-ljudi-ostalo-bez-posla\\\/#breadcrumb\",\"itemListElement\":[{\"@type\":\"ListItem\",\"position\":1,\"name\":\"Po\u010detna stranica\",\"item\":\"https:\\\/\\\/direktno.info\\\/\"},{\"@type\":\"ListItem\",\"position\":2,\"name\":\"ODMAZDE U FEDERACIJI! Zbog Mladi\u0107a troje ljudi ostalo bez posla\"}]},{\"@type\":\"WebSite\",\"@id\":\"https:\\\/\\\/direktno.info\\\/#website\",\"url\":\"https:\\\/\\\/direktno.info\\\/\",\"name\":\"Direktno\",\"description\":\"\",\"publisher\":{\"@id\":\"https:\\\/\\\/direktno.info\\\/#organization\"},\"potentialAction\":[{\"@type\":\"SearchAction\",\"target\":{\"@type\":\"EntryPoint\",\"urlTemplate\":\"https:\\\/\\\/direktno.info\\\/?s={search_term_string}\"},\"query-input\":{\"@type\":\"PropertyValueSpecification\",\"valueRequired\":true,\"valueName\":\"search_term_string\"}}],\"inLanguage\":\"hr\"},{\"@type\":\"Organization\",\"@id\":\"https:\\\/\\\/direktno.info\\\/#organization\",\"name\":\"Direktno\",\"url\":\"https:\\\/\\\/direktno.info\\\/\",\"logo\":{\"@type\":\"ImageObject\",\"inLanguage\":\"hr\",\"@id\":\"https:\\\/\\\/direktno.info\\\/#\\\/schema\\\/logo\\\/image\\\/\",\"url\":\"https:\\\/\\\/direktno.info\\\/wp-content\\\/uploads\\\/2026\\\/08\\\/direktno_logo_white.png\",\"contentUrl\":\"https:\\\/\\\/direktno.info\\\/wp-content\\\/uploads\\\/2026\\\/08\\\/direktno_logo_white.png\",\"width\":1600,\"height\":340,\"caption\":\"Direktno\"},\"image\":{\"@id\":\"https:\\\/\\\/direktno.info\\\/#\\\/schema\\\/logo\\\/image\\\/\"},\"sameAs\":[\"https:\\\/\\\/www.facebook.com\\\/share\\\/1Jy4gXyc5u\\\/\"]},{\"@type\":\"Person\",\"@id\":\"https:\\\/\\\/direktno.info\\\/#\\\/schema\\\/person\\\/05fbdaecab81c27dec7cc131a9b37be1\",\"name\":\"Redakcija\",\"image\":{\"@type\":\"ImageObject\",\"inLanguage\":\"hr\",\"@id\":\"https:\\\/\\\/secure.gravatar.com\\\/avatar\\\/ede9d7f54b6164109c0b03742da40f108052ff362d7f85a6850f3cb67bd3d495?s=96&d=mm&r=g\",\"url\":\"https:\\\/\\\/secure.gravatar.com\\\/avatar\\\/ede9d7f54b6164109c0b03742da40f108052ff362d7f85a6850f3cb67bd3d495?s=96&d=mm&r=g\",\"contentUrl\":\"https:\\\/\\\/secure.gravatar.com\\\/avatar\\\/ede9d7f54b6164109c0b03742da40f108052ff362d7f85a6850f3cb67bd3d495?s=96&d=mm&r=g\",\"caption\":\"Redakcija\"},\"sameAs\":[\"http:\\\/\\\/direktno.info\"],\"url\":\"https:\\\/\\\/direktno.info\\\/index.php\\\/author\\\/novinar0603\\\/\"}]}<\/script>\n<!-- \/ Yoast SEO plugin. -->","yoast_head_json":{"title":"ODMAZDE U FEDERACIJI! Zbog Mladi\u0107a troje ljudi ostalo bez posla - Direktno","robots":{"index":"index","follow":"follow","max-snippet":"max-snippet:-1","max-image-preview":"max-image-preview:large","max-video-preview":"max-video-preview:-1"},"canonical":"https:\/\/direktno.info\/index.php\/2026\/08\/31\/odmazde-u-federaciji-zbog-mladica-troje-ljudi-ostalo-bez-posla\/","og_locale":"hr_HR","og_type":"article","og_title":"ODMAZDE U FEDERACIJI! Zbog Mladi\u0107a troje ljudi ostalo bez posla - Direktno","og_description":"Kantonalna bolnica Ora\u0161je otkazala je honorarni anga\u017eman hirurgu \u0110oki Novakovi\u0107u zbog njegove objave na dru\u0161tvenim mre\u017eama kojom je","og_url":"https:\/\/direktno.info\/index.php\/2026\/08\/31\/odmazde-u-federaciji-zbog-mladica-troje-ljudi-ostalo-bez-posla\/","og_site_name":"Direktno","article_publisher":"https:\/\/www.facebook.com\/share\/1Jy4gXyc5u\/","article_published_time":"2026-08-31T12:44:53+00:00","article_modified_time":"2026-08-31T12:44:54+00:00","og_image":[{"width":640,"height":360,"url":"http:\/\/direktno.info\/wp-content\/uploads\/2026\/08\/IMG_20260831_144310.jpg","type":"image\/jpeg"}],"author":"Redakcija","twitter_card":"summary_large_image","twitter_misc":{"Napisao\/la":"Redakcija","Procijenjeno vrijeme \u010ditanja":"1 minuta"},"schema":{"@context":"https:\/\/schema.org","@graph":[{"@type":"Article","@id":"https:\/\/direktno.info\/index.php\/2026\/08\/31\/odmazde-u-federaciji-zbog-mladica-troje-ljudi-ostalo-bez-posla\/#article","isPartOf":{"@id":"https:\/\/direktno.info\/index.php\/2026\/08\/31\/odmazde-u-federaciji-zbog-mladica-troje-ljudi-ostalo-bez-posla\/"},"author":{"name":"Redakcija","@id":"https:\/\/direktno.info\/#\/schema\/person\/05fbdaecab81c27dec7cc131a9b37be1"},"headline":"ODMAZDE U FEDERACIJI! Zbog Mladi\u0107a troje ljudi ostalo bez posla","datePublished":"2026-08-31T12:44:53+00:00","dateModified":"2026-08-31T12:44:54+00:00","mainEntityOfPage":{"@id":"https:\/\/direktno.info\/index.php\/2026\/08\/31\/odmazde-u-federaciji-zbog-mladica-troje-ljudi-ostalo-bez-posla\/"},"wordCount":147,"commentCount":0,"publisher":{"@id":"https:\/\/direktno.info\/#organization"},"image":{"@id":"https:\/\/direktno.info\/index.php\/2026\/08\/31\/odmazde-u-federaciji-zbog-mladica-troje-ljudi-ostalo-bez-posla\/#primaryimage"},"thumbnailUrl":"https:\/\/direktno.info\/wp-content\/uploads\/2026\/08\/IMG_20260831_144310.jpg","keywords":["Federacija BiH","Odmazda","osveta","Ratko Mladi\u0107","Tomislavgrad"],"articleSection":["Po\u010detna"],"inLanguage":"hr","potentialAction":[{"@type":"CommentAction","name":"Comment","target":["https:\/\/direktno.info\/index.php\/2026\/08\/31\/odmazde-u-federaciji-zbog-mladica-troje-ljudi-ostalo-bez-posla\/#respond"]}]},{"@type":"WebPage","@id":"https:\/\/direktno.info\/index.php\/2026\/08\/31\/odmazde-u-federaciji-zbog-mladica-troje-ljudi-ostalo-bez-posla\/","url":"https:\/\/direktno.info\/index.php\/2026\/08\/31\/odmazde-u-federaciji-zbog-mladica-troje-ljudi-ostalo-bez-posla\/","name":"ODMAZDE U FEDERACIJI! Zbog Mladi\u0107a troje ljudi ostalo bez posla - Direktno","isPartOf":{"@id":"https:\/\/direktno.info\/#website"},"primaryImageOfPage":{"@id":"https:\/\/direktno.info\/index.php\/2026\/08\/31\/odmazde-u-federaciji-zbog-mladica-troje-ljudi-ostalo-bez-posla\/#primaryimage"},"image":{"@id":"https:\/\/direktno.info\/index.php\/2026\/08\/31\/odmazde-u-federaciji-zbog-mladica-troje-ljudi-ostalo-bez-posla\/#primaryimage"},"thumbnailUrl":"https:\/\/direktno.info\/wp-content\/uploads\/2026\/08\/IMG_20260831_144310.jpg","datePublished":"2026-08-31T12:44:53+00:00","dateModified":"2026-08-31T12:44:54+00:00","breadcrumb":{"@id":"https:\/\/direktno.info\/index.php\/2026\/08\/31\/odmazde-u-federaciji-zbog-mladica-troje-ljudi-ostalo-bez-posla\/#breadcrumb"},"inLanguage":"hr","potentialAction":[{"@type":"ReadAction","target":["https:\/\/direktno.info\/index.php\/2026\/08\/31\/odmazde-u-federaciji-zbog-mladica-troje-ljudi-ostalo-bez-posla\/"]}]},{"@type":"ImageObject","inLanguage":"hr","@id":"https:\/\/direktno.info\/index.php\/2026\/08\/31\/odmazde-u-federaciji-zbog-mladica-troje-ljudi-ostalo-bez-posla\/#primaryimage","url":"https:\/\/direktno.info\/wp-content\/uploads\/2026\/08\/IMG_20260831_144310.jpg","contentUrl":"https:\/\/direktno.info\/wp-content\/uploads\/2026\/08\/IMG_20260831_144310.jpg","width":640,"height":360},{"@type":"BreadcrumbList","@id":"https:\/\/direktno.info\/index.php\/2026\/08\/31\/odmazde-u-federaciji-zbog-mladica-troje-ljudi-ostalo-bez-posla\/#breadcrumb","itemListElement":[{"@type":"ListItem","position":1,"name":"Po\u010detna stranica","item":"https:\/\/direktno.info\/"},{"@type":"ListItem","position":2,"name":"ODMAZDE U FEDERACIJI! Zbog Mladi\u0107a troje ljudi ostalo bez posla"}]},{"@type":"WebSite","@id":"https:\/\/direktno.info\/#website","url":"https:\/\/direktno.info\/","name":"Direktno","description":"","publisher":{"@id":"https:\/\/direktno.info\/#organization"},"potentialAction":[{"@type":"SearchAction","target":{"@type":"EntryPoint","urlTemplate":"https:\/\/direktno.info\/?s={search_term_string}"},"query-input":{"@type":"PropertyValueSpecification","valueRequired":true,"valueName":"search_term_string"}}],"inLanguage":"hr"},{"@type":"Organization","@id":"https:\/\/direktno.info\/#organization","name":"Direktno","url":"https:\/\/direktno.info\/","logo":{"@type":"ImageObject","inLanguage":"hr","@id":"https:\/\/direktno.info\/#\/schema\/logo\/image\/","url":"https:\/\/direktno.info\/wp-content\/uploads\/2026\/08\/direktno_logo_white.png","contentUrl":"https:\/\/direktno.info\/wp-content\/uploads\/2026\/08\/direktno_logo_white.png","width":1600,"height":340,"caption":"Direktno"},"image":{"@id":"https:\/\/direktno.info\/#\/schema\/logo\/image\/"},"sameAs":["https:\/\/www.facebook.com\/share\/1Jy4gXyc5u\/"]},{"@type":"Person","@id":"https:\/\/direktno.info\/#\/schema\/person\/05fbdaecab81c27dec7cc131a9b37be1","name":"Redakcija","image":{"@type":"ImageObject","inLanguage":"hr","@id":"https:\/\/secure.gravatar.com\/avatar\/ede9d7f54b6164109c0b03742da40f108052ff362d7f85a6850f3cb67bd3d495?s=96&d=mm&r=g","url":"https:\/\/secure.gravatar.com\/avatar\/ede9d7f54b6164109c0b03742da40f108052ff362d7f85a6850f3cb67bd3d495?s=96&d=mm&r=g","contentUrl":"https:\/\/secure.gravatar.com\/avatar\/ede9d7f54b6164109c0b03742da40f108052ff362d7f85a6850f3cb67bd3d495?s=96&d=mm&r=g","caption":"Redakcija"},"sameAs":["http:\/\/direktno.info"],"url":"https:\/\/direktno.info\/index.php\/author\/novinar0603\/"}]}},"_links":{"self":[{"href":"https:\/\/direktno.info\/index.php\/wp-json\/wp\/v2\/posts\/1532","targetHints":{"allow":["GET"]}}],"collection":[{"href":"https:\/\/direktno.info\/index.php\/wp-json\/wp\/v2\/posts"}],"about":[{"href":"https:\/\/direktno.info\/index.php\/wp-json\/wp\/v2\/types\/post"}],"author":[{"embeddable":true,"href":"https:\/\/direktno.info\/index.php\/wp-json\/wp\/v2\/users\/1"}],"replies":[{"embeddable":true,"href":"https:\/\/direktno.info\/index.php\/wp-json\/wp\/v2\/comments?post=1532"}],"version-history":[{"count":1,"href":"https:\/\/direktno.info\/index.php\/wp-json\/wp\/v2\/posts\/1532\/revisions"}],"predecessor-version":[{"id":1534,"href":"https:\/\/direktno.info\/index.php\/wp-json\/wp\/v2\/posts\/1532\/revisions\/1534"}],"wp:featuredmedia":[{"embeddable":true,"href":"https:\/\/direktno.info\/index.php\/wp-json\/wp\/v2\/media\/1533"}],"wp:attachment":[{"href":"https:\/\/direktno.info\/index.php\/wp-json\/wp\/v2\/media?parent=1532"}],"wp:term":[{"taxonomy":"category","embeddable":true,"href":"https:\/\/direktno.info\/index.php\/wp-json\/wp\/v2\/categories?post=1532"},{"taxonomy":"post_tag","embeddable":true,"href":"https:\/\/direktno.info\/index.php\/wp-json\/wp\/v2\/tags?post=1532"}],"curies":[{"name":"wp","href":"https:\/\/api.w.org\/{rel}","templated":true}]}}