{"id":1527,"date":"2026-08-31T01:04:14","date_gmt":"2026-08-31T01:04:14","guid":{"rendered":"https:\/\/direktno.info\/?p=1527"},"modified":"2026-08-31T01:04:15","modified_gmt":"2026-08-31T01:04:15","slug":"vlado-dajic-i-40-krajisnika-od-jula-do-pocetka-septembra-potrosio-sve-sto-je-zaradio","status":"publish","type":"post","link":"https:\/\/direktno.info\/index.php\/2026\/08\/31\/vlado-dajic-i-40-krajisnika-od-jula-do-pocetka-septembra-potrosio-sve-sto-je-zaradio\/","title":{"rendered":"VLADO \u0110AJI\u0106 I 40 KRAJI\u0160NIKA! Od jula do po\u010detka septembra potro\u0161io sve \u0161to je zaradio"},"content":{"rendered":"\n<p class=\"wp-block-paragraph\"><strong>Otkako je politi\u010dka sezona po\u010dela, dr Vlado \u0110aji\u0107 predsednik novoosnovane stranke &#8220;Volja naroda Republike Srpske<\/strong>&#8221; <strong>obi\u0161ao je gotovo svaku op\u0161tinu Republike Srpske &#8211; ne samo kao ljekar, ne samo kao humanitarac, nego kao generalni pokrovitelj velikih koncerata kraji\u0161ke i izvorne muzike.<\/strong><\/p>\n\n\n\n<p class=\"wp-block-paragraph\">Od maja do septembra 2026. godine, dr \u0110aji\u0107 je bio doma\u0107in ili generalni pokrovitelj najmanje sedamnaest velikih doga\u0111aja:  u <strong>Prnjavoru, Prijedoru, Banjaluci, Modri\u010di, Brane\u0161cima (dva puta), Tesli\u0107u (dva puta), Gradi\u0161ci, O\u0161troj Luci, Grabovcu kod \u010celinca, Mrkonji\u0107 Gradu, Debeljacima, Kne\u017eevu, Doboju, Mo\u0161tanici, a najavljeni su mu i \u010celinac (4. septembar) i &#8220;Kraji\u0161ka Gu\u010da&#8221; u banjalu\u010dkoj \u010cesmi (20. septembar) sa Radom Manojlovi\u0107 i Bajom Malim Knind\u017eom<\/strong>. <\/p>\n\n\n\n<p class=\"wp-block-paragraph\">Na plakatima ovih doga\u0111aja redovno se pojavljuje preko trideset izvo\u0111a\u010da kraji\u0161ke i izvorne muzike &#8211; pjeva\u010da, sastava, harmonika\u0161a. Ako uzmemo da je svaki izvo\u0111a\u010d dobio samo skromnih hiljadu maraka po nastupu &#8211; \u0161to je za ozbiljne izvo\u0111a\u010de na ovakvim doga\u0111ajima realno minimum, ne maksimum &#8211; dolazimo do brojke od <strong>30 HILJADA MARAKA<\/strong> samo za honorare, po jednom doga\u0111aju.<\/p>\n\n\n\n<p class=\"wp-block-paragraph\">Pomno\u017eeno sa sedamnaest doga\u0111aja: <strong>petsto deset hiljada maraka ispla\u0107enih izvo\u0111a\u010dima<\/strong>. Tome treba dodati i ono \u0161to doktor \u0110aji\u0107 svaki put isti\u010de u pozivima : &#8220;<strong>ulaz je besplatan<\/strong>&#8220;, hrana, pi\u0107e i sve \u0161to ide uz gostoprimstvo za hiljade ljudi koji dolaze. <\/p>\n\n\n\n<p class=\"wp-block-paragraph\">Manji skupovi (Debeljaci, Kne\u017eevo, O\u0161tra Luka, Grabovac, Mrkonji\u0107 Grad, Mo\u0161tanica) ko\u0161taju najmanje pet hiljada maraka svaki. Srednji doga\u0111aji (Brane\u0161ci, Gradi\u0161ka, Modri\u010da, dio Prnjavora) idu na oko deset hiljada maraka. A veliki koncerti &#8211; poput onog u Tesli\u0107u sa hiljadu i po ljudi, ili &#8220;najve\u0107eg koncerta u istoriji Doboja&#8221;  &#8211; te\u0161ko da su ispod dvadeset hiljada maraka po doga\u0111aju.<\/p>\n\n\n\n<p class=\"wp-block-paragraph\">Kad se sve sabere &#8211; \u0161est manjih, sedam srednjih i \u010detiri velika doga\u0111aja &#8211; dolazimo do dodatnih <strong>180 HILJADA MARAKA<\/strong> samo za hranu i pi\u0107e.<\/p>\n\n\n\n<p class=\"wp-block-paragraph\"><strong><em>Ukupno: 690 HILJADA MARAKA. <\/em><\/strong><\/p>\n\n\n\n<p class=\"wp-block-paragraph\">Bez ozvu\u010denja, bez pozornica, bez \u0161atora, bez prevoza tridesetak izvo\u0111a\u010da od jednog kraja Republike Srpske do drugog, bez rasvjete, bez zakupa PLACEVA ili pozornica.<\/p>\n\n\n\n<figure class=\"wp-block-video\"><video height=\"360\" style=\"aspect-ratio: 640 \/ 360;\" width=\"640\" controls src=\"https:\/\/direktno.info\/wp-content\/uploads\/2026\/08\/69327.mp4\"><\/video><\/figure>\n\n\n\n<p class=\"wp-block-paragraph\">U decembru mjesecu, doktor Vlado \u0110aji\u0107, kao narodni poslanik koji je ve\u0107 tada istupio iz Saveza nezavisnih socijaldemokrata, ta\u010dnije zbog incidenta na UKC-u smijenjen sa mjesta predsjednika Gradskog odbora SNSD-a i sa mjesta direktora Univerzitetskog &#8211; klini\u010dkog centra Republike Srpske, naglasio je da je njegova plata kao profesora doktora nauka tri hiljade i pet stotina maraka.<\/p>\n\n\n\n<p class=\"wp-block-paragraph\">Dodatno, u gostovanju kod Ne\u0161e Novakovi\u0107a na prnjavorskoj televiziji K3, <strong>naglasio je da je on u politici samo izgubio, a ni\u0161ta zaradio, j<\/strong>er je prilikom popunjavanja prvog imovinskog kartona imao na ra\u010dunu 1,2 miliona maraka. <\/p>\n\n\n\n<p class=\"wp-block-paragraph\">Prema ovoj procjeni, do koje smo do\u0161li <strong>minimiziraju\u0107i<\/strong> svaku od navedenih stavki, profesor dr Vlado \u0110aji\u0107 je do sada potro\u0161io sve \u0161to je u \u017eivotu zaradio.<\/p>\n\n\n\n<p class=\"wp-block-paragraph\">A izborna kampanja jo\u0161 nije ni po\u010dela.<\/p>\n\n\n\n<figure class=\"wp-block-video\"><video height=\"640\" style=\"aspect-ratio: 360 \/ 640;\" width=\"360\" controls src=\"https:\/\/direktno.info\/wp-content\/uploads\/2026\/08\/69329.mp4\"><\/video><\/figure>\n","protected":false},"excerpt":{"rendered":"<p>Otkako je politi\u010dka sezona po\u010dela, dr Vlado \u0110aji\u0107 predsednik novoosnovane stranke &#8220;Volja naroda Republike Srpske&#8221; obi\u0161ao je gotovo<\/p>\n","protected":false},"author":1,"featured_media":1530,"comment_status":"open","ping_status":"open","sticky":false,"template":"","format":"standard","meta":{"footnotes":""},"categories":[29],"tags":[79,81,84,83,80,82,86,87,45,85],"class_list":["post-1527","post","type-post","status-publish","format-standard","has-post-thumbnail","hentry","category-istrazivanje","tag-baja-mali-knindza","tag-breskvica","tag-krajiske-veceri","tag-nuci","tag-rada-manojlovic","tag-sanja-vucic","tag-snsd","tag-ukc","tag-vlado-dajic","tag-volja-naroda-republike-srpske"],"yoast_head":"<!-- This site is optimized with the Yoast SEO plugin v28.3 - https:\/\/yoast.com\/product\/yoast-seo-wordpress\/ -->\n<title>VLADO \u0110AJI\u0106 I 40 KRAJI\u0160NIKA! Od jula do po\u010detka septembra potro\u0161io sve \u0161to je zaradio - Direktno<\/title>\n<meta name=\"robots\" content=\"index, follow, max-snippet:-1, max-image-preview:large, max-video-preview:-1\" \/>\n<link rel=\"canonical\" href=\"https:\/\/direktno.info\/index.php\/2026\/08\/31\/vlado-dajic-i-40-krajisnika-od-jula-do-pocetka-septembra-potrosio-sve-sto-je-zaradio\/\" \/>\n<meta property=\"og:locale\" content=\"hr_HR\" \/>\n<meta property=\"og:type\" content=\"article\" \/>\n<meta property=\"og:title\" content=\"VLADO \u0110AJI\u0106 I 40 KRAJI\u0160NIKA! Od jula do po\u010detka septembra potro\u0161io sve \u0161to je zaradio - Direktno\" \/>\n<meta property=\"og:description\" content=\"Otkako je politi\u010dka sezona po\u010dela, dr Vlado \u0110aji\u0107 predsednik novoosnovane stranke &#8220;Volja naroda Republike Srpske&#8221; obi\u0161ao je gotovo\" \/>\n<meta property=\"og:url\" content=\"https:\/\/direktno.info\/index.php\/2026\/08\/31\/vlado-dajic-i-40-krajisnika-od-jula-do-pocetka-septembra-potrosio-sve-sto-je-zaradio\/\" \/>\n<meta property=\"og:site_name\" content=\"Direktno\" \/>\n<meta property=\"article:publisher\" content=\"https:\/\/www.facebook.com\/share\/1Jy4gXyc5u\/\" \/>\n<meta property=\"article:published_time\" content=\"2026-08-31T01:04:14+00:00\" \/>\n<meta property=\"article:modified_time\" content=\"2026-08-31T01:04:15+00:00\" \/>\n<meta property=\"og:image\" content=\"http:\/\/direktno.info\/wp-content\/uploads\/2026\/08\/com.facebook.lite_20260831030329.jpg\" \/>\n\t<meta property=\"og:image:width\" content=\"1207\" \/>\n\t<meta property=\"og:image:height\" content=\"757\" \/>\n\t<meta property=\"og:image:type\" content=\"image\/jpeg\" \/>\n<meta name=\"author\" content=\"novinar0603\" \/>\n<meta name=\"twitter:card\" content=\"summary_large_image\" \/>\n<meta name=\"twitter:label1\" content=\"Napisao\/la\" \/>\n\t<meta name=\"twitter:data1\" content=\"novinar0603\" \/>\n\t<meta name=\"twitter:label2\" content=\"Procijenjeno vrijeme \u010ditanja\" \/>\n\t<meta name=\"twitter:data2\" content=\"3 minute\" \/>\n<script type=\"application\/ld+json\" class=\"yoast-schema-graph\">{\"@context\":\"https:\\\/\\\/schema.org\",\"@graph\":[{\"@type\":\"Article\",\"@id\":\"https:\\\/\\\/direktno.info\\\/index.php\\\/2026\\\/08\\\/31\\\/vlado-dajic-i-40-krajisnika-od-jula-do-pocetka-septembra-potrosio-sve-sto-je-zaradio\\\/#article\",\"isPartOf\":{\"@id\":\"https:\\\/\\\/direktno.info\\\/index.php\\\/2026\\\/08\\\/31\\\/vlado-dajic-i-40-krajisnika-od-jula-do-pocetka-septembra-potrosio-sve-sto-je-zaradio\\\/\"},\"author\":{\"name\":\"novinar0603\",\"@id\":\"https:\\\/\\\/direktno.info\\\/#\\\/schema\\\/person\\\/05fbdaecab81c27dec7cc131a9b37be1\"},\"headline\":\"VLADO \u0110AJI\u0106 I 40 KRAJI\u0160NIKA! Od jula do po\u010detka septembra potro\u0161io sve \u0161to je zaradio\",\"datePublished\":\"2026-08-31T01:04:14+00:00\",\"dateModified\":\"2026-08-31T01:04:15+00:00\",\"mainEntityOfPage\":{\"@id\":\"https:\\\/\\\/direktno.info\\\/index.php\\\/2026\\\/08\\\/31\\\/vlado-dajic-i-40-krajisnika-od-jula-do-pocetka-septembra-potrosio-sve-sto-je-zaradio\\\/\"},\"wordCount\":510,\"commentCount\":0,\"publisher\":{\"@id\":\"https:\\\/\\\/direktno.info\\\/#organization\"},\"image\":{\"@id\":\"https:\\\/\\\/direktno.info\\\/index.php\\\/2026\\\/08\\\/31\\\/vlado-dajic-i-40-krajisnika-od-jula-do-pocetka-septembra-potrosio-sve-sto-je-zaradio\\\/#primaryimage\"},\"thumbnailUrl\":\"https:\\\/\\\/direktno.info\\\/wp-content\\\/uploads\\\/2026\\\/08\\\/com.facebook.lite_20260831030329.jpg\",\"keywords\":[\"Baja Mali Knind\u017ea\",\"Breskvica\",\"kraji\u0161ke ve\u010deri\",\"Nu\u0107i\",\"Rada Manojlovi\u0107\",\"Sanja Vu\u010di\u0107\",\"Snsd\",\"Ukc\",\"Vlado \u0111aji\u0107\",\"Volja naroda Republike Srpske\"],\"articleSection\":[\"Istra\u017eivanje\"],\"inLanguage\":\"hr\",\"potentialAction\":[{\"@type\":\"CommentAction\",\"name\":\"Comment\",\"target\":[\"https:\\\/\\\/direktno.info\\\/index.php\\\/2026\\\/08\\\/31\\\/vlado-dajic-i-40-krajisnika-od-jula-do-pocetka-septembra-potrosio-sve-sto-je-zaradio\\\/#respond\"]}]},{\"@type\":\"WebPage\",\"@id\":\"https:\\\/\\\/direktno.info\\\/index.php\\\/2026\\\/08\\\/31\\\/vlado-dajic-i-40-krajisnika-od-jula-do-pocetka-septembra-potrosio-sve-sto-je-zaradio\\\/\",\"url\":\"https:\\\/\\\/direktno.info\\\/index.php\\\/2026\\\/08\\\/31\\\/vlado-dajic-i-40-krajisnika-od-jula-do-pocetka-septembra-potrosio-sve-sto-je-zaradio\\\/\",\"name\":\"VLADO \u0110AJI\u0106 I 40 KRAJI\u0160NIKA! Od jula do po\u010detka septembra potro\u0161io sve \u0161to je zaradio - Direktno\",\"isPartOf\":{\"@id\":\"https:\\\/\\\/direktno.info\\\/#website\"},\"primaryImageOfPage\":{\"@id\":\"https:\\\/\\\/direktno.info\\\/index.php\\\/2026\\\/08\\\/31\\\/vlado-dajic-i-40-krajisnika-od-jula-do-pocetka-septembra-potrosio-sve-sto-je-zaradio\\\/#primaryimage\"},\"image\":{\"@id\":\"https:\\\/\\\/direktno.info\\\/index.php\\\/2026\\\/08\\\/31\\\/vlado-dajic-i-40-krajisnika-od-jula-do-pocetka-septembra-potrosio-sve-sto-je-zaradio\\\/#primaryimage\"},\"thumbnailUrl\":\"https:\\\/\\\/direktno.info\\\/wp-content\\\/uploads\\\/2026\\\/08\\\/com.facebook.lite_20260831030329.jpg\",\"datePublished\":\"2026-08-31T01:04:14+00:00\",\"dateModified\":\"2026-08-31T01:04:15+00:00\",\"breadcrumb\":{\"@id\":\"https:\\\/\\\/direktno.info\\\/index.php\\\/2026\\\/08\\\/31\\\/vlado-dajic-i-40-krajisnika-od-jula-do-pocetka-septembra-potrosio-sve-sto-je-zaradio\\\/#breadcrumb\"},\"inLanguage\":\"hr\",\"potentialAction\":[{\"@type\":\"ReadAction\",\"target\":[\"https:\\\/\\\/direktno.info\\\/index.php\\\/2026\\\/08\\\/31\\\/vlado-dajic-i-40-krajisnika-od-jula-do-pocetka-septembra-potrosio-sve-sto-je-zaradio\\\/\"]}]},{\"@type\":\"ImageObject\",\"inLanguage\":\"hr\",\"@id\":\"https:\\\/\\\/direktno.info\\\/index.php\\\/2026\\\/08\\\/31\\\/vlado-dajic-i-40-krajisnika-od-jula-do-pocetka-septembra-potrosio-sve-sto-je-zaradio\\\/#primaryimage\",\"url\":\"https:\\\/\\\/direktno.info\\\/wp-content\\\/uploads\\\/2026\\\/08\\\/com.facebook.lite_20260831030329.jpg\",\"contentUrl\":\"https:\\\/\\\/direktno.info\\\/wp-content\\\/uploads\\\/2026\\\/08\\\/com.facebook.lite_20260831030329.jpg\",\"width\":1207,\"height\":757},{\"@type\":\"BreadcrumbList\",\"@id\":\"https:\\\/\\\/direktno.info\\\/index.php\\\/2026\\\/08\\\/31\\\/vlado-dajic-i-40-krajisnika-od-jula-do-pocetka-septembra-potrosio-sve-sto-je-zaradio\\\/#breadcrumb\",\"itemListElement\":[{\"@type\":\"ListItem\",\"position\":1,\"name\":\"Po\u010detna stranica\",\"item\":\"https:\\\/\\\/direktno.info\\\/\"},{\"@type\":\"ListItem\",\"position\":2,\"name\":\"VLADO \u0110AJI\u0106 I 40 KRAJI\u0160NIKA! Od jula do po\u010detka septembra potro\u0161io sve \u0161to je zaradio\"}]},{\"@type\":\"WebSite\",\"@id\":\"https:\\\/\\\/direktno.info\\\/#website\",\"url\":\"https:\\\/\\\/direktno.info\\\/\",\"name\":\"Direktno\",\"description\":\"\",\"publisher\":{\"@id\":\"https:\\\/\\\/direktno.info\\\/#organization\"},\"potentialAction\":[{\"@type\":\"SearchAction\",\"target\":{\"@type\":\"EntryPoint\",\"urlTemplate\":\"https:\\\/\\\/direktno.info\\\/?s={search_term_string}\"},\"query-input\":{\"@type\":\"PropertyValueSpecification\",\"valueRequired\":true,\"valueName\":\"search_term_string\"}}],\"inLanguage\":\"hr\"},{\"@type\":\"Organization\",\"@id\":\"https:\\\/\\\/direktno.info\\\/#organization\",\"name\":\"Direktno\",\"url\":\"https:\\\/\\\/direktno.info\\\/\",\"logo\":{\"@type\":\"ImageObject\",\"inLanguage\":\"hr\",\"@id\":\"https:\\\/\\\/direktno.info\\\/#\\\/schema\\\/logo\\\/image\\\/\",\"url\":\"https:\\\/\\\/direktno.info\\\/wp-content\\\/uploads\\\/2026\\\/08\\\/direktno_logo_white.png\",\"contentUrl\":\"https:\\\/\\\/direktno.info\\\/wp-content\\\/uploads\\\/2026\\\/08\\\/direktno_logo_white.png\",\"width\":1600,\"height\":340,\"caption\":\"Direktno\"},\"image\":{\"@id\":\"https:\\\/\\\/direktno.info\\\/#\\\/schema\\\/logo\\\/image\\\/\"},\"sameAs\":[\"https:\\\/\\\/www.facebook.com\\\/share\\\/1Jy4gXyc5u\\\/\"]},{\"@type\":\"Person\",\"@id\":\"https:\\\/\\\/direktno.info\\\/#\\\/schema\\\/person\\\/05fbdaecab81c27dec7cc131a9b37be1\",\"name\":\"novinar0603\",\"image\":{\"@type\":\"ImageObject\",\"inLanguage\":\"hr\",\"@id\":\"https:\\\/\\\/secure.gravatar.com\\\/avatar\\\/ede9d7f54b6164109c0b03742da40f108052ff362d7f85a6850f3cb67bd3d495?s=96&d=mm&r=g\",\"url\":\"https:\\\/\\\/secure.gravatar.com\\\/avatar\\\/ede9d7f54b6164109c0b03742da40f108052ff362d7f85a6850f3cb67bd3d495?s=96&d=mm&r=g\",\"contentUrl\":\"https:\\\/\\\/secure.gravatar.com\\\/avatar\\\/ede9d7f54b6164109c0b03742da40f108052ff362d7f85a6850f3cb67bd3d495?s=96&d=mm&r=g\",\"caption\":\"novinar0603\"},\"sameAs\":[\"http:\\\/\\\/direktno.info\"],\"url\":\"https:\\\/\\\/direktno.info\\\/index.php\\\/author\\\/novinar0603\\\/\"}]}<\/script>\n<!-- \/ Yoast SEO plugin. -->","yoast_head_json":{"title":"VLADO \u0110AJI\u0106 I 40 KRAJI\u0160NIKA! Od jula do po\u010detka septembra potro\u0161io sve \u0161to je zaradio - Direktno","robots":{"index":"index","follow":"follow","max-snippet":"max-snippet:-1","max-image-preview":"max-image-preview:large","max-video-preview":"max-video-preview:-1"},"canonical":"https:\/\/direktno.info\/index.php\/2026\/08\/31\/vlado-dajic-i-40-krajisnika-od-jula-do-pocetka-septembra-potrosio-sve-sto-je-zaradio\/","og_locale":"hr_HR","og_type":"article","og_title":"VLADO \u0110AJI\u0106 I 40 KRAJI\u0160NIKA! Od jula do po\u010detka septembra potro\u0161io sve \u0161to je zaradio - Direktno","og_description":"Otkako je politi\u010dka sezona po\u010dela, dr Vlado \u0110aji\u0107 predsednik novoosnovane stranke &#8220;Volja naroda Republike Srpske&#8221; obi\u0161ao je gotovo","og_url":"https:\/\/direktno.info\/index.php\/2026\/08\/31\/vlado-dajic-i-40-krajisnika-od-jula-do-pocetka-septembra-potrosio-sve-sto-je-zaradio\/","og_site_name":"Direktno","article_publisher":"https:\/\/www.facebook.com\/share\/1Jy4gXyc5u\/","article_published_time":"2026-08-31T01:04:14+00:00","article_modified_time":"2026-08-31T01:04:15+00:00","og_image":[{"width":1207,"height":757,"url":"http:\/\/direktno.info\/wp-content\/uploads\/2026\/08\/com.facebook.lite_20260831030329.jpg","type":"image\/jpeg"}],"author":"novinar0603","twitter_card":"summary_large_image","twitter_misc":{"Napisao\/la":"novinar0603","Procijenjeno vrijeme \u010ditanja":"3 minute"},"schema":{"@context":"https:\/\/schema.org","@graph":[{"@type":"Article","@id":"https:\/\/direktno.info\/index.php\/2026\/08\/31\/vlado-dajic-i-40-krajisnika-od-jula-do-pocetka-septembra-potrosio-sve-sto-je-zaradio\/#article","isPartOf":{"@id":"https:\/\/direktno.info\/index.php\/2026\/08\/31\/vlado-dajic-i-40-krajisnika-od-jula-do-pocetka-septembra-potrosio-sve-sto-je-zaradio\/"},"author":{"name":"novinar0603","@id":"https:\/\/direktno.info\/#\/schema\/person\/05fbdaecab81c27dec7cc131a9b37be1"},"headline":"VLADO \u0110AJI\u0106 I 40 KRAJI\u0160NIKA! Od jula do po\u010detka septembra potro\u0161io sve \u0161to je zaradio","datePublished":"2026-08-31T01:04:14+00:00","dateModified":"2026-08-31T01:04:15+00:00","mainEntityOfPage":{"@id":"https:\/\/direktno.info\/index.php\/2026\/08\/31\/vlado-dajic-i-40-krajisnika-od-jula-do-pocetka-septembra-potrosio-sve-sto-je-zaradio\/"},"wordCount":510,"commentCount":0,"publisher":{"@id":"https:\/\/direktno.info\/#organization"},"image":{"@id":"https:\/\/direktno.info\/index.php\/2026\/08\/31\/vlado-dajic-i-40-krajisnika-od-jula-do-pocetka-septembra-potrosio-sve-sto-je-zaradio\/#primaryimage"},"thumbnailUrl":"https:\/\/direktno.info\/wp-content\/uploads\/2026\/08\/com.facebook.lite_20260831030329.jpg","keywords":["Baja Mali Knind\u017ea","Breskvica","kraji\u0161ke ve\u010deri","Nu\u0107i","Rada Manojlovi\u0107","Sanja Vu\u010di\u0107","Snsd","Ukc","Vlado \u0111aji\u0107","Volja naroda Republike Srpske"],"articleSection":["Istra\u017eivanje"],"inLanguage":"hr","potentialAction":[{"@type":"CommentAction","name":"Comment","target":["https:\/\/direktno.info\/index.php\/2026\/08\/31\/vlado-dajic-i-40-krajisnika-od-jula-do-pocetka-septembra-potrosio-sve-sto-je-zaradio\/#respond"]}]},{"@type":"WebPage","@id":"https:\/\/direktno.info\/index.php\/2026\/08\/31\/vlado-dajic-i-40-krajisnika-od-jula-do-pocetka-septembra-potrosio-sve-sto-je-zaradio\/","url":"https:\/\/direktno.info\/index.php\/2026\/08\/31\/vlado-dajic-i-40-krajisnika-od-jula-do-pocetka-septembra-potrosio-sve-sto-je-zaradio\/","name":"VLADO \u0110AJI\u0106 I 40 KRAJI\u0160NIKA! Od jula do po\u010detka septembra potro\u0161io sve \u0161to je zaradio - Direktno","isPartOf":{"@id":"https:\/\/direktno.info\/#website"},"primaryImageOfPage":{"@id":"https:\/\/direktno.info\/index.php\/2026\/08\/31\/vlado-dajic-i-40-krajisnika-od-jula-do-pocetka-septembra-potrosio-sve-sto-je-zaradio\/#primaryimage"},"image":{"@id":"https:\/\/direktno.info\/index.php\/2026\/08\/31\/vlado-dajic-i-40-krajisnika-od-jula-do-pocetka-septembra-potrosio-sve-sto-je-zaradio\/#primaryimage"},"thumbnailUrl":"https:\/\/direktno.info\/wp-content\/uploads\/2026\/08\/com.facebook.lite_20260831030329.jpg","datePublished":"2026-08-31T01:04:14+00:00","dateModified":"2026-08-31T01:04:15+00:00","breadcrumb":{"@id":"https:\/\/direktno.info\/index.php\/2026\/08\/31\/vlado-dajic-i-40-krajisnika-od-jula-do-pocetka-septembra-potrosio-sve-sto-je-zaradio\/#breadcrumb"},"inLanguage":"hr","potentialAction":[{"@type":"ReadAction","target":["https:\/\/direktno.info\/index.php\/2026\/08\/31\/vlado-dajic-i-40-krajisnika-od-jula-do-pocetka-septembra-potrosio-sve-sto-je-zaradio\/"]}]},{"@type":"ImageObject","inLanguage":"hr","@id":"https:\/\/direktno.info\/index.php\/2026\/08\/31\/vlado-dajic-i-40-krajisnika-od-jula-do-pocetka-septembra-potrosio-sve-sto-je-zaradio\/#primaryimage","url":"https:\/\/direktno.info\/wp-content\/uploads\/2026\/08\/com.facebook.lite_20260831030329.jpg","contentUrl":"https:\/\/direktno.info\/wp-content\/uploads\/2026\/08\/com.facebook.lite_20260831030329.jpg","width":1207,"height":757},{"@type":"BreadcrumbList","@id":"https:\/\/direktno.info\/index.php\/2026\/08\/31\/vlado-dajic-i-40-krajisnika-od-jula-do-pocetka-septembra-potrosio-sve-sto-je-zaradio\/#breadcrumb","itemListElement":[{"@type":"ListItem","position":1,"name":"Po\u010detna stranica","item":"https:\/\/direktno.info\/"},{"@type":"ListItem","position":2,"name":"VLADO \u0110AJI\u0106 I 40 KRAJI\u0160NIKA! Od jula do po\u010detka septembra potro\u0161io sve \u0161to je zaradio"}]},{"@type":"WebSite","@id":"https:\/\/direktno.info\/#website","url":"https:\/\/direktno.info\/","name":"Direktno","description":"","publisher":{"@id":"https:\/\/direktno.info\/#organization"},"potentialAction":[{"@type":"SearchAction","target":{"@type":"EntryPoint","urlTemplate":"https:\/\/direktno.info\/?s={search_term_string}"},"query-input":{"@type":"PropertyValueSpecification","valueRequired":true,"valueName":"search_term_string"}}],"inLanguage":"hr"},{"@type":"Organization","@id":"https:\/\/direktno.info\/#organization","name":"Direktno","url":"https:\/\/direktno.info\/","logo":{"@type":"ImageObject","inLanguage":"hr","@id":"https:\/\/direktno.info\/#\/schema\/logo\/image\/","url":"https:\/\/direktno.info\/wp-content\/uploads\/2026\/08\/direktno_logo_white.png","contentUrl":"https:\/\/direktno.info\/wp-content\/uploads\/2026\/08\/direktno_logo_white.png","width":1600,"height":340,"caption":"Direktno"},"image":{"@id":"https:\/\/direktno.info\/#\/schema\/logo\/image\/"},"sameAs":["https:\/\/www.facebook.com\/share\/1Jy4gXyc5u\/"]},{"@type":"Person","@id":"https:\/\/direktno.info\/#\/schema\/person\/05fbdaecab81c27dec7cc131a9b37be1","name":"novinar0603","image":{"@type":"ImageObject","inLanguage":"hr","@id":"https:\/\/secure.gravatar.com\/avatar\/ede9d7f54b6164109c0b03742da40f108052ff362d7f85a6850f3cb67bd3d495?s=96&d=mm&r=g","url":"https:\/\/secure.gravatar.com\/avatar\/ede9d7f54b6164109c0b03742da40f108052ff362d7f85a6850f3cb67bd3d495?s=96&d=mm&r=g","contentUrl":"https:\/\/secure.gravatar.com\/avatar\/ede9d7f54b6164109c0b03742da40f108052ff362d7f85a6850f3cb67bd3d495?s=96&d=mm&r=g","caption":"novinar0603"},"sameAs":["http:\/\/direktno.info"],"url":"https:\/\/direktno.info\/index.php\/author\/novinar0603\/"}]}},"_links":{"self":[{"href":"https:\/\/direktno.info\/index.php\/wp-json\/wp\/v2\/posts\/1527","targetHints":{"allow":["GET"]}}],"collection":[{"href":"https:\/\/direktno.info\/index.php\/wp-json\/wp\/v2\/posts"}],"about":[{"href":"https:\/\/direktno.info\/index.php\/wp-json\/wp\/v2\/types\/post"}],"author":[{"embeddable":true,"href":"https:\/\/direktno.info\/index.php\/wp-json\/wp\/v2\/users\/1"}],"replies":[{"embeddable":true,"href":"https:\/\/direktno.info\/index.php\/wp-json\/wp\/v2\/comments?post=1527"}],"version-history":[{"count":1,"href":"https:\/\/direktno.info\/index.php\/wp-json\/wp\/v2\/posts\/1527\/revisions"}],"predecessor-version":[{"id":1531,"href":"https:\/\/direktno.info\/index.php\/wp-json\/wp\/v2\/posts\/1527\/revisions\/1531"}],"wp:featuredmedia":[{"embeddable":true,"href":"https:\/\/direktno.info\/index.php\/wp-json\/wp\/v2\/media\/1530"}],"wp:attachment":[{"href":"https:\/\/direktno.info\/index.php\/wp-json\/wp\/v2\/media?parent=1527"}],"wp:term":[{"taxonomy":"category","embeddable":true,"href":"https:\/\/direktno.info\/index.php\/wp-json\/wp\/v2\/categories?post=1527"},{"taxonomy":"post_tag","embeddable":true,"href":"https:\/\/direktno.info\/index.php\/wp-json\/wp\/v2\/tags?post=1527"}],"curies":[{"name":"wp","href":"https:\/\/api.w.org\/{rel}","templated":true}]}}