{"id":1511,"date":"2026-08-30T23:24:51","date_gmt":"2026-08-30T23:24:51","guid":{"rendered":"https:\/\/direktno.info\/?p=1511"},"modified":"2026-08-30T23:24:53","modified_gmt":"2026-08-30T23:24:53","slug":"pozadina-pokret-sigurna-srpska-kakve-veze-imaju-stanivukovic-kokeza-borovina-i-saric","status":"publish","type":"post","link":"https:\/\/direktno.info\/index.php\/2026\/08\/30\/pozadina-pokret-sigurna-srpska-kakve-veze-imaju-stanivukovic-kokeza-borovina-i-saric\/","title":{"rendered":"Pozadina Pokret Sigurna Srpska : KAKVE VEZE IMAJU STANIVUKOVI\u0106, KOKEZA, BOROVINA I \u0160ARI\u0106?"},"content":{"rendered":"\n<p class=\"wp-block-paragraph\"><strong>Neboj\u0161a Vukanovi\u0107, predsjednik Pokreta za pravdu i red i kandidat za srpskog \u010dlana Predsjedni\u0161tva Bosne i Hercegovine, objavio je prije \u010detiri dana snimak na kojem se jasno vidi kako iza Veljka Borovine stoji Dra\u0161ko Stanivukovi\u0107 dok on daje izjavu kao kandidat Pokreta Sigurna Srpska.<\/strong><\/p>\n\n\n\n<figure class=\"wp-block-gallery has-nested-images columns-default is-cropped wp-block-gallery-1 is-layout-flex wp-block-gallery-is-layout-flex\">\n<figure class=\"wp-block-image size-large\"><img loading=\"lazy\" decoding=\"async\" width=\"936\" height=\"1641\" data-id=\"1513\" src=\"https:\/\/direktno.info\/wp-content\/uploads\/2026\/08\/66473-edited.jpg\" alt=\"\" class=\"wp-image-1513\" srcset=\"https:\/\/direktno.info\/wp-content\/uploads\/2026\/08\/66473-edited.jpg 936w, https:\/\/direktno.info\/wp-content\/uploads\/2026\/08\/66473-edited-171x300.jpg 171w, https:\/\/direktno.info\/wp-content\/uploads\/2026\/08\/66473-edited-584x1024.jpg 584w, https:\/\/direktno.info\/wp-content\/uploads\/2026\/08\/66473-edited-768x1346.jpg 768w, https:\/\/direktno.info\/wp-content\/uploads\/2026\/08\/66473-edited-876x1536.jpg 876w\" sizes=\"auto, (max-width: 936px) 100vw, 936px\" \/><\/figure>\n<\/figure>\n\n\n\n<p class=\"wp-block-paragraph\"><strong>Izvje\u0161taj ameri\u010dke DEE<\/strong><\/p>\n\n\n\n<p class=\"wp-block-paragraph\"><\/p>\n\n\n\n<p class=\"wp-block-paragraph\"><strong>Veljka Borovinu<\/strong> hapsila je <strong>policija Republike Srpske<\/strong> kao dio ve\u0107e kriminalne grupe od 27 osoba, godinama ga smatraju bezbjednosno-interesantnom osobom, pogotovo zato \u0161to je bio ozna\u010den kao tjelohranitelj <strong>Darka \u0160ari\u0107a<\/strong>, vo\u0111e jednog od najve\u0107ih narko-kartela na podru\u010dju biv\u0161e Jugoslavije.<\/p>\n\n\n\n<p class=\"wp-block-paragraph\">Vukanovi\u0107 isti\u010de da njegov cilj nije samo da raskrinka <strong>Dra\u0161ka<\/strong> <strong>Stanivukovi\u0107a<\/strong>, ve\u0107 i cijelo licemjerje i korupciju oko njega, jer je grad Banjaluka du\u017ean 90 miliona maraka prema dobavlja\u010dima, a haos i anarhija, prema tvrdnjama Vukanovi\u0107a, u Gradskoj upravi Banjaluka nikad nisu bili ve\u0107i.<\/p>\n\n\n\n<figure class=\"wp-block-image size-large\"><img loading=\"lazy\" decoding=\"async\" width=\"1024\" height=\"737\" src=\"https:\/\/direktno.info\/wp-content\/uploads\/2026\/08\/69277-1024x737.jpg\" alt=\"\" class=\"wp-image-1514\" srcset=\"https:\/\/direktno.info\/wp-content\/uploads\/2026\/08\/69277-1024x737.jpg 1024w, https:\/\/direktno.info\/wp-content\/uploads\/2026\/08\/69277-767x552.jpg 767w, https:\/\/direktno.info\/wp-content\/uploads\/2026\/08\/69277-300x216.jpg 300w, https:\/\/direktno.info\/wp-content\/uploads\/2026\/08\/69277.jpg 1101w\" sizes=\"auto, (max-width: 1024px) 100vw, 1024px\" \/><\/figure>\n\n\n\n<p class=\"wp-block-paragraph\"><strong>La\u017ena LK Darka \u0160ari\u0107a<\/strong> <\/p>\n\n\n\n<p class=\"wp-block-paragraph\">Kao poja\u010danje svome timu, Dra\u0161ko Stanivukovi\u0107 je anga\u017eovao i trebinjsku novinarku <strong>Nata\u0161u Miljanovi\u0107 Zubac<\/strong>, koja je tako\u0111e nosilac liste iz izborne jedinice tri za Predstavni\u010dki dom Parlamentarne skup\u0161tine Bosne i Hercegovine, a koja je svojevremeno tvrdila da \u0107e raskrinkati sav kriminal i da ima skaj prepiske.<\/p>\n\n\n\n<p class=\"wp-block-paragraph\">Kakvi ljudi i kakva je pozadina <strong>Pokreta Sigurna Srpska<\/strong>, mo\u017eda najbolje govori slu\u010daj Borovina i slu\u010daj Kokeza. <\/p>\n\n\n\n<p class=\"wp-block-paragraph\"><strong>Slavi\u0161a Kokeza<\/strong> je biv\u0161i predsjednik Fudbalskog saveza Srbije, a za njim je dr\u017eava Srbija raspisala potjernicu zbog navodnog poku\u0161aja atentata na srbijanskog predsjednika <strong>Aleksandra Vu\u010di\u0107a<\/strong>.<\/p>\n\n\n\n<figure class=\"wp-block-gallery has-nested-images columns-default is-cropped wp-block-gallery-2 is-layout-flex wp-block-gallery-is-layout-flex\">\n<figure class=\"wp-block-image size-large\"><img loading=\"lazy\" decoding=\"async\" width=\"771\" height=\"457\" data-id=\"1515\" src=\"https:\/\/direktno.info\/wp-content\/uploads\/2026\/08\/Screenshot_20260707_093121_WhatsApp-1.jpg\" alt=\"\" class=\"wp-image-1515\" srcset=\"https:\/\/direktno.info\/wp-content\/uploads\/2026\/08\/Screenshot_20260707_093121_WhatsApp-1.jpg 771w, https:\/\/direktno.info\/wp-content\/uploads\/2026\/08\/Screenshot_20260707_093121_WhatsApp-1-300x178.jpg 300w, https:\/\/direktno.info\/wp-content\/uploads\/2026\/08\/Screenshot_20260707_093121_WhatsApp-1-768x455.jpg 768w\" sizes=\"auto, (max-width: 771px) 100vw, 771px\" \/><\/figure>\n<\/figure>\n\n\n\n<p class=\"wp-block-paragraph\"><strong>Slavi\u0161a Kokeza i Vedran Jari\u0107 <\/strong><\/p>\n\n\n\n<p class=\"wp-block-paragraph\">Dodatno, Slavi\u0161a Kokeza priveden je u februaru pro\u0161le godine na informativni razgovor u <strong>Slu\u017ebu za borbu protiv organizovanog kriminala<\/strong> (SBPOK), a mediji su njegovo privo\u0111enje tada dovodili u vezu sa hap\u0161enjem kriminalne grupe <strong>Veljka Belivuka<\/strong>.<\/p>\n\n\n\n<figure class=\"wp-block-video\"><video height=\"584\" style=\"aspect-ratio: 604 \/ 584;\" width=\"604\" controls src=\"https:\/\/direktno.info\/wp-content\/uploads\/2026\/08\/69280.mp4\"><\/video><\/figure>\n\n\n\n<p class=\"wp-block-paragraph\">Navodno, razlog je bio to \u0161to je <strong>Aleksandar Kajmakovi\u0107<\/strong>, vlasnik brojnih klubova i restorana u Beogradu, koji je saslu\u0161an u okviru finansijske predistrage u slu\u010daju Belivuk, na saslu\u0161anju rekao da je do poslovnih odnosa sa Belivukom do\u0161ao preko poznanstva sa nekada\u0161njim predsjednikom Fudbalskog saveza Srbije Slavi\u0161om Kokezom.<\/p>\n\n\n\n<p class=\"wp-block-paragraph\"><\/p>\n","protected":false},"excerpt":{"rendered":"<p>Neboj\u0161a Vukanovi\u0107, predsjednik Pokreta za pravdu i red i kandidat za srpskog \u010dlana Predsjedni\u0161tva Bosne i Hercegovine, objavio<\/p>\n","protected":false},"author":1,"featured_media":1517,"comment_status":"open","ping_status":"open","sticky":false,"template":"","format":"standard","meta":{"footnotes":""},"categories":[30],"tags":[70,69,49,50,71,72,68,73],"class_list":["post-1511","post","type-post","status-publish","format-standard","has-post-thumbnail","hentry","category-pocetna","tag-aleksandar-vucic","tag-darko-saric","tag-drasko-stanivukovic","tag-igor-radojicic","tag-natasa-miljanovic-zubac","tag-pokret-sigurna-srpska","tag-slavisa-kokeza","tag-veljko-borovina"],"yoast_head":"<!-- This site is optimized with the Yoast SEO plugin v28.3 - https:\/\/yoast.com\/product\/yoast-seo-wordpress\/ -->\n<title>Pozadina Pokret Sigurna Srpska : KAKVE VEZE IMAJU STANIVUKOVI\u0106, KOKEZA, BOROVINA I \u0160ARI\u0106? - Direktno<\/title>\n<meta name=\"robots\" content=\"index, follow, max-snippet:-1, max-image-preview:large, max-video-preview:-1\" \/>\n<link rel=\"canonical\" href=\"https:\/\/direktno.info\/index.php\/2026\/08\/30\/pozadina-pokret-sigurna-srpska-kakve-veze-imaju-stanivukovic-kokeza-borovina-i-saric\/\" \/>\n<meta property=\"og:locale\" content=\"hr_HR\" \/>\n<meta property=\"og:type\" content=\"article\" \/>\n<meta property=\"og:title\" content=\"Pozadina Pokret Sigurna Srpska : KAKVE VEZE IMAJU STANIVUKOVI\u0106, KOKEZA, BOROVINA I \u0160ARI\u0106? - Direktno\" \/>\n<meta property=\"og:description\" content=\"Neboj\u0161a Vukanovi\u0107, predsjednik Pokreta za pravdu i red i kandidat za srpskog \u010dlana Predsjedni\u0161tva Bosne i Hercegovine, objavio\" \/>\n<meta property=\"og:url\" content=\"https:\/\/direktno.info\/index.php\/2026\/08\/30\/pozadina-pokret-sigurna-srpska-kakve-veze-imaju-stanivukovic-kokeza-borovina-i-saric\/\" \/>\n<meta property=\"og:site_name\" content=\"Direktno\" \/>\n<meta property=\"article:publisher\" content=\"https:\/\/www.facebook.com\/share\/1Jy4gXyc5u\/\" \/>\n<meta property=\"article:published_time\" content=\"2026-08-30T23:24:51+00:00\" \/>\n<meta property=\"article:modified_time\" content=\"2026-08-30T23:24:53+00:00\" \/>\n<meta property=\"og:image\" content=\"http:\/\/direktno.info\/wp-content\/uploads\/2026\/08\/FB_IMG_1787424143881-1152x1536-1.jpg\" \/>\n\t<meta property=\"og:image:width\" content=\"1152\" \/>\n\t<meta property=\"og:image:height\" content=\"1536\" \/>\n\t<meta property=\"og:image:type\" content=\"image\/jpeg\" \/>\n<meta name=\"author\" content=\"novinar0603\" \/>\n<meta name=\"twitter:card\" content=\"summary_large_image\" \/>\n<meta name=\"twitter:label1\" content=\"Napisao\/la\" \/>\n\t<meta name=\"twitter:data1\" content=\"novinar0603\" \/>\n\t<meta name=\"twitter:label2\" content=\"Procijenjeno vrijeme \u010ditanja\" \/>\n\t<meta name=\"twitter:data2\" content=\"3 minute\" \/>\n<script type=\"application\/ld+json\" class=\"yoast-schema-graph\">{\"@context\":\"https:\\\/\\\/schema.org\",\"@graph\":[{\"@type\":\"Article\",\"@id\":\"https:\\\/\\\/direktno.info\\\/index.php\\\/2026\\\/08\\\/30\\\/pozadina-pokret-sigurna-srpska-kakve-veze-imaju-stanivukovic-kokeza-borovina-i-saric\\\/#article\",\"isPartOf\":{\"@id\":\"https:\\\/\\\/direktno.info\\\/index.php\\\/2026\\\/08\\\/30\\\/pozadina-pokret-sigurna-srpska-kakve-veze-imaju-stanivukovic-kokeza-borovina-i-saric\\\/\"},\"author\":{\"name\":\"novinar0603\",\"@id\":\"https:\\\/\\\/direktno.info\\\/#\\\/schema\\\/person\\\/05fbdaecab81c27dec7cc131a9b37be1\"},\"headline\":\"Pozadina Pokret Sigurna Srpska : KAKVE VEZE IMAJU STANIVUKOVI\u0106, KOKEZA, BOROVINA I \u0160ARI\u0106?\",\"datePublished\":\"2026-08-30T23:24:51+00:00\",\"dateModified\":\"2026-08-30T23:24:53+00:00\",\"mainEntityOfPage\":{\"@id\":\"https:\\\/\\\/direktno.info\\\/index.php\\\/2026\\\/08\\\/30\\\/pozadina-pokret-sigurna-srpska-kakve-veze-imaju-stanivukovic-kokeza-borovina-i-saric\\\/\"},\"wordCount\":368,\"commentCount\":0,\"publisher\":{\"@id\":\"https:\\\/\\\/direktno.info\\\/#organization\"},\"image\":{\"@id\":\"https:\\\/\\\/direktno.info\\\/index.php\\\/2026\\\/08\\\/30\\\/pozadina-pokret-sigurna-srpska-kakve-veze-imaju-stanivukovic-kokeza-borovina-i-saric\\\/#primaryimage\"},\"thumbnailUrl\":\"https:\\\/\\\/direktno.info\\\/wp-content\\\/uploads\\\/2026\\\/08\\\/FB_IMG_1787424143881-1152x1536-1.jpg\",\"keywords\":[\"Aleksandar Vu\u010di\u0107\",\"Darko \u0160ari\u0107\",\"Dra\u0161ko Stanivukovi\u0107\",\"Igor Radoji\u010di\u0107\",\"Nata\u0161a Miljanovi\u0107 Zubac\",\"Pokret sigurna Srpska\",\"Slavi\u0161a Kokeza\",\"Veljko borovina\"],\"articleSection\":[\"Po\u010detna\"],\"inLanguage\":\"hr\",\"potentialAction\":[{\"@type\":\"CommentAction\",\"name\":\"Comment\",\"target\":[\"https:\\\/\\\/direktno.info\\\/index.php\\\/2026\\\/08\\\/30\\\/pozadina-pokret-sigurna-srpska-kakve-veze-imaju-stanivukovic-kokeza-borovina-i-saric\\\/#respond\"]}]},{\"@type\":\"WebPage\",\"@id\":\"https:\\\/\\\/direktno.info\\\/index.php\\\/2026\\\/08\\\/30\\\/pozadina-pokret-sigurna-srpska-kakve-veze-imaju-stanivukovic-kokeza-borovina-i-saric\\\/\",\"url\":\"https:\\\/\\\/direktno.info\\\/index.php\\\/2026\\\/08\\\/30\\\/pozadina-pokret-sigurna-srpska-kakve-veze-imaju-stanivukovic-kokeza-borovina-i-saric\\\/\",\"name\":\"Pozadina Pokret Sigurna Srpska : KAKVE VEZE IMAJU STANIVUKOVI\u0106, KOKEZA, BOROVINA I \u0160ARI\u0106? - Direktno\",\"isPartOf\":{\"@id\":\"https:\\\/\\\/direktno.info\\\/#website\"},\"primaryImageOfPage\":{\"@id\":\"https:\\\/\\\/direktno.info\\\/index.php\\\/2026\\\/08\\\/30\\\/pozadina-pokret-sigurna-srpska-kakve-veze-imaju-stanivukovic-kokeza-borovina-i-saric\\\/#primaryimage\"},\"image\":{\"@id\":\"https:\\\/\\\/direktno.info\\\/index.php\\\/2026\\\/08\\\/30\\\/pozadina-pokret-sigurna-srpska-kakve-veze-imaju-stanivukovic-kokeza-borovina-i-saric\\\/#primaryimage\"},\"thumbnailUrl\":\"https:\\\/\\\/direktno.info\\\/wp-content\\\/uploads\\\/2026\\\/08\\\/FB_IMG_1787424143881-1152x1536-1.jpg\",\"datePublished\":\"2026-08-30T23:24:51+00:00\",\"dateModified\":\"2026-08-30T23:24:53+00:00\",\"breadcrumb\":{\"@id\":\"https:\\\/\\\/direktno.info\\\/index.php\\\/2026\\\/08\\\/30\\\/pozadina-pokret-sigurna-srpska-kakve-veze-imaju-stanivukovic-kokeza-borovina-i-saric\\\/#breadcrumb\"},\"inLanguage\":\"hr\",\"potentialAction\":[{\"@type\":\"ReadAction\",\"target\":[\"https:\\\/\\\/direktno.info\\\/index.php\\\/2026\\\/08\\\/30\\\/pozadina-pokret-sigurna-srpska-kakve-veze-imaju-stanivukovic-kokeza-borovina-i-saric\\\/\"]}]},{\"@type\":\"ImageObject\",\"inLanguage\":\"hr\",\"@id\":\"https:\\\/\\\/direktno.info\\\/index.php\\\/2026\\\/08\\\/30\\\/pozadina-pokret-sigurna-srpska-kakve-veze-imaju-stanivukovic-kokeza-borovina-i-saric\\\/#primaryimage\",\"url\":\"https:\\\/\\\/direktno.info\\\/wp-content\\\/uploads\\\/2026\\\/08\\\/FB_IMG_1787424143881-1152x1536-1.jpg\",\"contentUrl\":\"https:\\\/\\\/direktno.info\\\/wp-content\\\/uploads\\\/2026\\\/08\\\/FB_IMG_1787424143881-1152x1536-1.jpg\",\"width\":1152,\"height\":1536},{\"@type\":\"BreadcrumbList\",\"@id\":\"https:\\\/\\\/direktno.info\\\/index.php\\\/2026\\\/08\\\/30\\\/pozadina-pokret-sigurna-srpska-kakve-veze-imaju-stanivukovic-kokeza-borovina-i-saric\\\/#breadcrumb\",\"itemListElement\":[{\"@type\":\"ListItem\",\"position\":1,\"name\":\"Po\u010detna stranica\",\"item\":\"https:\\\/\\\/direktno.info\\\/\"},{\"@type\":\"ListItem\",\"position\":2,\"name\":\"Pozadina Pokret Sigurna Srpska : KAKVE VEZE IMAJU STANIVUKOVI\u0106, KOKEZA, BOROVINA I \u0160ARI\u0106?\"}]},{\"@type\":\"WebSite\",\"@id\":\"https:\\\/\\\/direktno.info\\\/#website\",\"url\":\"https:\\\/\\\/direktno.info\\\/\",\"name\":\"Direktno\",\"description\":\"\",\"publisher\":{\"@id\":\"https:\\\/\\\/direktno.info\\\/#organization\"},\"potentialAction\":[{\"@type\":\"SearchAction\",\"target\":{\"@type\":\"EntryPoint\",\"urlTemplate\":\"https:\\\/\\\/direktno.info\\\/?s={search_term_string}\"},\"query-input\":{\"@type\":\"PropertyValueSpecification\",\"valueRequired\":true,\"valueName\":\"search_term_string\"}}],\"inLanguage\":\"hr\"},{\"@type\":\"Organization\",\"@id\":\"https:\\\/\\\/direktno.info\\\/#organization\",\"name\":\"Direktno\",\"url\":\"https:\\\/\\\/direktno.info\\\/\",\"logo\":{\"@type\":\"ImageObject\",\"inLanguage\":\"hr\",\"@id\":\"https:\\\/\\\/direktno.info\\\/#\\\/schema\\\/logo\\\/image\\\/\",\"url\":\"https:\\\/\\\/direktno.info\\\/wp-content\\\/uploads\\\/2026\\\/08\\\/direktno_logo_white.png\",\"contentUrl\":\"https:\\\/\\\/direktno.info\\\/wp-content\\\/uploads\\\/2026\\\/08\\\/direktno_logo_white.png\",\"width\":1600,\"height\":340,\"caption\":\"Direktno\"},\"image\":{\"@id\":\"https:\\\/\\\/direktno.info\\\/#\\\/schema\\\/logo\\\/image\\\/\"},\"sameAs\":[\"https:\\\/\\\/www.facebook.com\\\/share\\\/1Jy4gXyc5u\\\/\"]},{\"@type\":\"Person\",\"@id\":\"https:\\\/\\\/direktno.info\\\/#\\\/schema\\\/person\\\/05fbdaecab81c27dec7cc131a9b37be1\",\"name\":\"novinar0603\",\"image\":{\"@type\":\"ImageObject\",\"inLanguage\":\"hr\",\"@id\":\"https:\\\/\\\/secure.gravatar.com\\\/avatar\\\/ede9d7f54b6164109c0b03742da40f108052ff362d7f85a6850f3cb67bd3d495?s=96&d=mm&r=g\",\"url\":\"https:\\\/\\\/secure.gravatar.com\\\/avatar\\\/ede9d7f54b6164109c0b03742da40f108052ff362d7f85a6850f3cb67bd3d495?s=96&d=mm&r=g\",\"contentUrl\":\"https:\\\/\\\/secure.gravatar.com\\\/avatar\\\/ede9d7f54b6164109c0b03742da40f108052ff362d7f85a6850f3cb67bd3d495?s=96&d=mm&r=g\",\"caption\":\"novinar0603\"},\"sameAs\":[\"http:\\\/\\\/direktno.info\"],\"url\":\"https:\\\/\\\/direktno.info\\\/index.php\\\/author\\\/novinar0603\\\/\"}]}<\/script>\n<!-- \/ Yoast SEO plugin. -->","yoast_head_json":{"title":"Pozadina Pokret Sigurna Srpska : KAKVE VEZE IMAJU STANIVUKOVI\u0106, KOKEZA, BOROVINA I \u0160ARI\u0106? - Direktno","robots":{"index":"index","follow":"follow","max-snippet":"max-snippet:-1","max-image-preview":"max-image-preview:large","max-video-preview":"max-video-preview:-1"},"canonical":"https:\/\/direktno.info\/index.php\/2026\/08\/30\/pozadina-pokret-sigurna-srpska-kakve-veze-imaju-stanivukovic-kokeza-borovina-i-saric\/","og_locale":"hr_HR","og_type":"article","og_title":"Pozadina Pokret Sigurna Srpska : KAKVE VEZE IMAJU STANIVUKOVI\u0106, KOKEZA, BOROVINA I \u0160ARI\u0106? - Direktno","og_description":"Neboj\u0161a Vukanovi\u0107, predsjednik Pokreta za pravdu i red i kandidat za srpskog \u010dlana Predsjedni\u0161tva Bosne i Hercegovine, objavio","og_url":"https:\/\/direktno.info\/index.php\/2026\/08\/30\/pozadina-pokret-sigurna-srpska-kakve-veze-imaju-stanivukovic-kokeza-borovina-i-saric\/","og_site_name":"Direktno","article_publisher":"https:\/\/www.facebook.com\/share\/1Jy4gXyc5u\/","article_published_time":"2026-08-30T23:24:51+00:00","article_modified_time":"2026-08-30T23:24:53+00:00","og_image":[{"width":1152,"height":1536,"url":"http:\/\/direktno.info\/wp-content\/uploads\/2026\/08\/FB_IMG_1787424143881-1152x1536-1.jpg","type":"image\/jpeg"}],"author":"novinar0603","twitter_card":"summary_large_image","twitter_misc":{"Napisao\/la":"novinar0603","Procijenjeno vrijeme \u010ditanja":"3 minute"},"schema":{"@context":"https:\/\/schema.org","@graph":[{"@type":"Article","@id":"https:\/\/direktno.info\/index.php\/2026\/08\/30\/pozadina-pokret-sigurna-srpska-kakve-veze-imaju-stanivukovic-kokeza-borovina-i-saric\/#article","isPartOf":{"@id":"https:\/\/direktno.info\/index.php\/2026\/08\/30\/pozadina-pokret-sigurna-srpska-kakve-veze-imaju-stanivukovic-kokeza-borovina-i-saric\/"},"author":{"name":"novinar0603","@id":"https:\/\/direktno.info\/#\/schema\/person\/05fbdaecab81c27dec7cc131a9b37be1"},"headline":"Pozadina Pokret Sigurna Srpska : KAKVE VEZE IMAJU STANIVUKOVI\u0106, KOKEZA, BOROVINA I \u0160ARI\u0106?","datePublished":"2026-08-30T23:24:51+00:00","dateModified":"2026-08-30T23:24:53+00:00","mainEntityOfPage":{"@id":"https:\/\/direktno.info\/index.php\/2026\/08\/30\/pozadina-pokret-sigurna-srpska-kakve-veze-imaju-stanivukovic-kokeza-borovina-i-saric\/"},"wordCount":368,"commentCount":0,"publisher":{"@id":"https:\/\/direktno.info\/#organization"},"image":{"@id":"https:\/\/direktno.info\/index.php\/2026\/08\/30\/pozadina-pokret-sigurna-srpska-kakve-veze-imaju-stanivukovic-kokeza-borovina-i-saric\/#primaryimage"},"thumbnailUrl":"https:\/\/direktno.info\/wp-content\/uploads\/2026\/08\/FB_IMG_1787424143881-1152x1536-1.jpg","keywords":["Aleksandar Vu\u010di\u0107","Darko \u0160ari\u0107","Dra\u0161ko Stanivukovi\u0107","Igor Radoji\u010di\u0107","Nata\u0161a Miljanovi\u0107 Zubac","Pokret sigurna Srpska","Slavi\u0161a Kokeza","Veljko borovina"],"articleSection":["Po\u010detna"],"inLanguage":"hr","potentialAction":[{"@type":"CommentAction","name":"Comment","target":["https:\/\/direktno.info\/index.php\/2026\/08\/30\/pozadina-pokret-sigurna-srpska-kakve-veze-imaju-stanivukovic-kokeza-borovina-i-saric\/#respond"]}]},{"@type":"WebPage","@id":"https:\/\/direktno.info\/index.php\/2026\/08\/30\/pozadina-pokret-sigurna-srpska-kakve-veze-imaju-stanivukovic-kokeza-borovina-i-saric\/","url":"https:\/\/direktno.info\/index.php\/2026\/08\/30\/pozadina-pokret-sigurna-srpska-kakve-veze-imaju-stanivukovic-kokeza-borovina-i-saric\/","name":"Pozadina Pokret Sigurna Srpska : KAKVE VEZE IMAJU STANIVUKOVI\u0106, KOKEZA, BOROVINA I \u0160ARI\u0106? - Direktno","isPartOf":{"@id":"https:\/\/direktno.info\/#website"},"primaryImageOfPage":{"@id":"https:\/\/direktno.info\/index.php\/2026\/08\/30\/pozadina-pokret-sigurna-srpska-kakve-veze-imaju-stanivukovic-kokeza-borovina-i-saric\/#primaryimage"},"image":{"@id":"https:\/\/direktno.info\/index.php\/2026\/08\/30\/pozadina-pokret-sigurna-srpska-kakve-veze-imaju-stanivukovic-kokeza-borovina-i-saric\/#primaryimage"},"thumbnailUrl":"https:\/\/direktno.info\/wp-content\/uploads\/2026\/08\/FB_IMG_1787424143881-1152x1536-1.jpg","datePublished":"2026-08-30T23:24:51+00:00","dateModified":"2026-08-30T23:24:53+00:00","breadcrumb":{"@id":"https:\/\/direktno.info\/index.php\/2026\/08\/30\/pozadina-pokret-sigurna-srpska-kakve-veze-imaju-stanivukovic-kokeza-borovina-i-saric\/#breadcrumb"},"inLanguage":"hr","potentialAction":[{"@type":"ReadAction","target":["https:\/\/direktno.info\/index.php\/2026\/08\/30\/pozadina-pokret-sigurna-srpska-kakve-veze-imaju-stanivukovic-kokeza-borovina-i-saric\/"]}]},{"@type":"ImageObject","inLanguage":"hr","@id":"https:\/\/direktno.info\/index.php\/2026\/08\/30\/pozadina-pokret-sigurna-srpska-kakve-veze-imaju-stanivukovic-kokeza-borovina-i-saric\/#primaryimage","url":"https:\/\/direktno.info\/wp-content\/uploads\/2026\/08\/FB_IMG_1787424143881-1152x1536-1.jpg","contentUrl":"https:\/\/direktno.info\/wp-content\/uploads\/2026\/08\/FB_IMG_1787424143881-1152x1536-1.jpg","width":1152,"height":1536},{"@type":"BreadcrumbList","@id":"https:\/\/direktno.info\/index.php\/2026\/08\/30\/pozadina-pokret-sigurna-srpska-kakve-veze-imaju-stanivukovic-kokeza-borovina-i-saric\/#breadcrumb","itemListElement":[{"@type":"ListItem","position":1,"name":"Po\u010detna stranica","item":"https:\/\/direktno.info\/"},{"@type":"ListItem","position":2,"name":"Pozadina Pokret Sigurna Srpska : KAKVE VEZE IMAJU STANIVUKOVI\u0106, KOKEZA, BOROVINA I \u0160ARI\u0106?"}]},{"@type":"WebSite","@id":"https:\/\/direktno.info\/#website","url":"https:\/\/direktno.info\/","name":"Direktno","description":"","publisher":{"@id":"https:\/\/direktno.info\/#organization"},"potentialAction":[{"@type":"SearchAction","target":{"@type":"EntryPoint","urlTemplate":"https:\/\/direktno.info\/?s={search_term_string}"},"query-input":{"@type":"PropertyValueSpecification","valueRequired":true,"valueName":"search_term_string"}}],"inLanguage":"hr"},{"@type":"Organization","@id":"https:\/\/direktno.info\/#organization","name":"Direktno","url":"https:\/\/direktno.info\/","logo":{"@type":"ImageObject","inLanguage":"hr","@id":"https:\/\/direktno.info\/#\/schema\/logo\/image\/","url":"https:\/\/direktno.info\/wp-content\/uploads\/2026\/08\/direktno_logo_white.png","contentUrl":"https:\/\/direktno.info\/wp-content\/uploads\/2026\/08\/direktno_logo_white.png","width":1600,"height":340,"caption":"Direktno"},"image":{"@id":"https:\/\/direktno.info\/#\/schema\/logo\/image\/"},"sameAs":["https:\/\/www.facebook.com\/share\/1Jy4gXyc5u\/"]},{"@type":"Person","@id":"https:\/\/direktno.info\/#\/schema\/person\/05fbdaecab81c27dec7cc131a9b37be1","name":"novinar0603","image":{"@type":"ImageObject","inLanguage":"hr","@id":"https:\/\/secure.gravatar.com\/avatar\/ede9d7f54b6164109c0b03742da40f108052ff362d7f85a6850f3cb67bd3d495?s=96&d=mm&r=g","url":"https:\/\/secure.gravatar.com\/avatar\/ede9d7f54b6164109c0b03742da40f108052ff362d7f85a6850f3cb67bd3d495?s=96&d=mm&r=g","contentUrl":"https:\/\/secure.gravatar.com\/avatar\/ede9d7f54b6164109c0b03742da40f108052ff362d7f85a6850f3cb67bd3d495?s=96&d=mm&r=g","caption":"novinar0603"},"sameAs":["http:\/\/direktno.info"],"url":"https:\/\/direktno.info\/index.php\/author\/novinar0603\/"}]}},"_links":{"self":[{"href":"https:\/\/direktno.info\/index.php\/wp-json\/wp\/v2\/posts\/1511","targetHints":{"allow":["GET"]}}],"collection":[{"href":"https:\/\/direktno.info\/index.php\/wp-json\/wp\/v2\/posts"}],"about":[{"href":"https:\/\/direktno.info\/index.php\/wp-json\/wp\/v2\/types\/post"}],"author":[{"embeddable":true,"href":"https:\/\/direktno.info\/index.php\/wp-json\/wp\/v2\/users\/1"}],"replies":[{"embeddable":true,"href":"https:\/\/direktno.info\/index.php\/wp-json\/wp\/v2\/comments?post=1511"}],"version-history":[{"count":1,"href":"https:\/\/direktno.info\/index.php\/wp-json\/wp\/v2\/posts\/1511\/revisions"}],"predecessor-version":[{"id":1518,"href":"https:\/\/direktno.info\/index.php\/wp-json\/wp\/v2\/posts\/1511\/revisions\/1518"}],"wp:featuredmedia":[{"embeddable":true,"href":"https:\/\/direktno.info\/index.php\/wp-json\/wp\/v2\/media\/1517"}],"wp:attachment":[{"href":"https:\/\/direktno.info\/index.php\/wp-json\/wp\/v2\/media?parent=1511"}],"wp:term":[{"taxonomy":"category","embeddable":true,"href":"https:\/\/direktno.info\/index.php\/wp-json\/wp\/v2\/categories?post=1511"},{"taxonomy":"post_tag","embeddable":true,"href":"https:\/\/direktno.info\/index.php\/wp-json\/wp\/v2\/tags?post=1511"}],"curies":[{"name":"wp","href":"https:\/\/api.w.org\/{rel}","templated":true}]}}