{"id":1500,"date":"2026-08-30T22:11:14","date_gmt":"2026-08-30T22:11:14","guid":{"rendered":"https:\/\/direktno.info\/?p=1500"},"modified":"2026-08-30T22:12:29","modified_gmt":"2026-08-30T22:12:29","slug":"mladic-salutirao-dodiku-sudija-mu-naredio-da-sjedi-mirno","status":"publish","type":"post","link":"https:\/\/direktno.info\/index.php\/2026\/08\/30\/mladic-salutirao-dodiku-sudija-mu-naredio-da-sjedi-mirno\/","title":{"rendered":"MLADI\u0106 SALUTIRAO DODIKU! Sudija mu naredio da sjedi mirno (VIDEO)"},"content":{"rendered":"\n<p class=\"wp-block-paragraph\"><strong>Svjedo\u010de\u0107i kao svjedok odbrane, predsjednik Republike Srpske Milorad Dodik pojavio se svojevremeno pred Ha\u0161kim tribunalom.<\/strong><\/p>\n\n\n\n<p class=\"wp-block-paragraph\">General Ratko Mladi\u0107 salutirao mu je tom prilikom u znak pozdrava, me\u0111utim sudija Alfons Ori opomenuo ga je da sjedi mirno na svom mjestu. U tom momentu general Ratko Mladi\u0107 nije bio optu\u017eeni.<\/p>\n\n\n\n<figure class=\"wp-block-video\"><video height=\"360\" style=\"aspect-ratio: 360 \/ 360;\" width=\"360\" controls src=\"https:\/\/direktno.info\/wp-content\/uploads\/2026\/08\/69271.mp4\"><\/video><\/figure>\n\n\n\n<p class=\"wp-block-paragraph\">Pitanje koje se name\u0107e jeste ko mo\u017ee da zabrani na\u010delniku General\u0161taba da salutira svom nadre\u0111enom, aktuelnom predsjedniku Republike Srpske Miloradu Dodiku.<\/p>\n\n\n\n<p class=\"wp-block-paragraph\"><\/p>\n","protected":false},"excerpt":{"rendered":"<p>Svjedo\u010de\u0107i kao svjedok odbrane, predsjednik Republike Srpske Milorad Dodik pojavio se svojevremeno pred Ha\u0161kim tribunalom. General Ratko Mladi\u0107<\/p>\n","protected":false},"author":1,"featured_media":1502,"comment_status":"open","ping_status":"open","sticky":false,"template":"","format":"standard","meta":{"footnotes":""},"categories":[31],"tags":[64,65,40,63],"class_list":["post-1500","post","type-post","status-publish","format-standard","has-post-thumbnail","hentry","category-gubitnik-dana","tag-haski-sud","tag-milorad-dodik","tag-ratko-mladic","tag-tribunal-u-hagu"],"yoast_head":"<!-- This site is optimized with the Yoast SEO plugin v28.3 - https:\/\/yoast.com\/product\/yoast-seo-wordpress\/ -->\n<title>MLADI\u0106 SALUTIRAO DODIKU! Sudija mu naredio da sjedi mirno (VIDEO) - Direktno<\/title>\n<meta name=\"robots\" content=\"index, follow, max-snippet:-1, max-image-preview:large, max-video-preview:-1\" \/>\n<link rel=\"canonical\" href=\"https:\/\/direktno.info\/index.php\/2026\/08\/30\/mladic-salutirao-dodiku-sudija-mu-naredio-da-sjedi-mirno\/\" \/>\n<meta property=\"og:locale\" content=\"hr_HR\" \/>\n<meta property=\"og:type\" content=\"article\" \/>\n<meta property=\"og:title\" content=\"MLADI\u0106 SALUTIRAO DODIKU! Sudija mu naredio da sjedi mirno (VIDEO) - Direktno\" \/>\n<meta property=\"og:description\" content=\"Svjedo\u010de\u0107i kao svjedok odbrane, predsjednik Republike Srpske Milorad Dodik pojavio se svojevremeno pred Ha\u0161kim tribunalom. General Ratko Mladi\u0107\" \/>\n<meta property=\"og:url\" content=\"https:\/\/direktno.info\/index.php\/2026\/08\/30\/mladic-salutirao-dodiku-sudija-mu-naredio-da-sjedi-mirno\/\" \/>\n<meta property=\"og:site_name\" content=\"Direktno\" \/>\n<meta property=\"article:publisher\" content=\"https:\/\/www.facebook.com\/share\/1Jy4gXyc5u\/\" \/>\n<meta property=\"article:published_time\" content=\"2026-08-30T22:11:14+00:00\" \/>\n<meta property=\"article:modified_time\" content=\"2026-08-30T22:12:29+00:00\" \/>\n<meta property=\"og:image\" content=\"http:\/\/direktno.info\/wp-content\/uploads\/2026\/08\/1418452_kombo-10_m.webp\" \/>\n\t<meta property=\"og:image:width\" content=\"740\" \/>\n\t<meta property=\"og:image:height\" content=\"370\" \/>\n\t<meta property=\"og:image:type\" content=\"image\/webp\" \/>\n<meta name=\"author\" content=\"novinar0603\" \/>\n<meta name=\"twitter:card\" content=\"summary_large_image\" \/>\n<meta name=\"twitter:label1\" content=\"Napisao\/la\" \/>\n\t<meta name=\"twitter:data1\" content=\"novinar0603\" \/>\n\t<meta name=\"twitter:label2\" content=\"Procijenjeno vrijeme \u010ditanja\" \/>\n\t<meta name=\"twitter:data2\" content=\"1 minuta\" \/>\n<script type=\"application\/ld+json\" class=\"yoast-schema-graph\">{\"@context\":\"https:\\\/\\\/schema.org\",\"@graph\":[{\"@type\":\"Article\",\"@id\":\"https:\\\/\\\/direktno.info\\\/index.php\\\/2026\\\/08\\\/30\\\/mladic-salutirao-dodiku-sudija-mu-naredio-da-sjedi-mirno\\\/#article\",\"isPartOf\":{\"@id\":\"https:\\\/\\\/direktno.info\\\/index.php\\\/2026\\\/08\\\/30\\\/mladic-salutirao-dodiku-sudija-mu-naredio-da-sjedi-mirno\\\/\"},\"author\":{\"name\":\"novinar0603\",\"@id\":\"https:\\\/\\\/direktno.info\\\/#\\\/schema\\\/person\\\/05fbdaecab81c27dec7cc131a9b37be1\"},\"headline\":\"MLADI\u0106 SALUTIRAO DODIKU! Sudija mu naredio da sjedi mirno (VIDEO)\",\"datePublished\":\"2026-08-30T22:11:14+00:00\",\"dateModified\":\"2026-08-30T22:12:29+00:00\",\"mainEntityOfPage\":{\"@id\":\"https:\\\/\\\/direktno.info\\\/index.php\\\/2026\\\/08\\\/30\\\/mladic-salutirao-dodiku-sudija-mu-naredio-da-sjedi-mirno\\\/\"},\"wordCount\":89,\"commentCount\":0,\"publisher\":{\"@id\":\"https:\\\/\\\/direktno.info\\\/#organization\"},\"image\":{\"@id\":\"https:\\\/\\\/direktno.info\\\/index.php\\\/2026\\\/08\\\/30\\\/mladic-salutirao-dodiku-sudija-mu-naredio-da-sjedi-mirno\\\/#primaryimage\"},\"thumbnailUrl\":\"https:\\\/\\\/direktno.info\\\/wp-content\\\/uploads\\\/2026\\\/08\\\/1418452_kombo-10_m.webp\",\"keywords\":[\"Ha\u0161ki sud\",\"Milorad Dodik\",\"Ratko Mladi\u0107\",\"Tribunal u Hagu\"],\"articleSection\":[\"Gubitnik dana\"],\"inLanguage\":\"hr\",\"potentialAction\":[{\"@type\":\"CommentAction\",\"name\":\"Comment\",\"target\":[\"https:\\\/\\\/direktno.info\\\/index.php\\\/2026\\\/08\\\/30\\\/mladic-salutirao-dodiku-sudija-mu-naredio-da-sjedi-mirno\\\/#respond\"]}]},{\"@type\":\"WebPage\",\"@id\":\"https:\\\/\\\/direktno.info\\\/index.php\\\/2026\\\/08\\\/30\\\/mladic-salutirao-dodiku-sudija-mu-naredio-da-sjedi-mirno\\\/\",\"url\":\"https:\\\/\\\/direktno.info\\\/index.php\\\/2026\\\/08\\\/30\\\/mladic-salutirao-dodiku-sudija-mu-naredio-da-sjedi-mirno\\\/\",\"name\":\"MLADI\u0106 SALUTIRAO DODIKU! Sudija mu naredio da sjedi mirno (VIDEO) - Direktno\",\"isPartOf\":{\"@id\":\"https:\\\/\\\/direktno.info\\\/#website\"},\"primaryImageOfPage\":{\"@id\":\"https:\\\/\\\/direktno.info\\\/index.php\\\/2026\\\/08\\\/30\\\/mladic-salutirao-dodiku-sudija-mu-naredio-da-sjedi-mirno\\\/#primaryimage\"},\"image\":{\"@id\":\"https:\\\/\\\/direktno.info\\\/index.php\\\/2026\\\/08\\\/30\\\/mladic-salutirao-dodiku-sudija-mu-naredio-da-sjedi-mirno\\\/#primaryimage\"},\"thumbnailUrl\":\"https:\\\/\\\/direktno.info\\\/wp-content\\\/uploads\\\/2026\\\/08\\\/1418452_kombo-10_m.webp\",\"datePublished\":\"2026-08-30T22:11:14+00:00\",\"dateModified\":\"2026-08-30T22:12:29+00:00\",\"breadcrumb\":{\"@id\":\"https:\\\/\\\/direktno.info\\\/index.php\\\/2026\\\/08\\\/30\\\/mladic-salutirao-dodiku-sudija-mu-naredio-da-sjedi-mirno\\\/#breadcrumb\"},\"inLanguage\":\"hr\",\"potentialAction\":[{\"@type\":\"ReadAction\",\"target\":[\"https:\\\/\\\/direktno.info\\\/index.php\\\/2026\\\/08\\\/30\\\/mladic-salutirao-dodiku-sudija-mu-naredio-da-sjedi-mirno\\\/\"]}]},{\"@type\":\"ImageObject\",\"inLanguage\":\"hr\",\"@id\":\"https:\\\/\\\/direktno.info\\\/index.php\\\/2026\\\/08\\\/30\\\/mladic-salutirao-dodiku-sudija-mu-naredio-da-sjedi-mirno\\\/#primaryimage\",\"url\":\"https:\\\/\\\/direktno.info\\\/wp-content\\\/uploads\\\/2026\\\/08\\\/1418452_kombo-10_m.webp\",\"contentUrl\":\"https:\\\/\\\/direktno.info\\\/wp-content\\\/uploads\\\/2026\\\/08\\\/1418452_kombo-10_m.webp\",\"width\":740,\"height\":370},{\"@type\":\"BreadcrumbList\",\"@id\":\"https:\\\/\\\/direktno.info\\\/index.php\\\/2026\\\/08\\\/30\\\/mladic-salutirao-dodiku-sudija-mu-naredio-da-sjedi-mirno\\\/#breadcrumb\",\"itemListElement\":[{\"@type\":\"ListItem\",\"position\":1,\"name\":\"Po\u010detna stranica\",\"item\":\"https:\\\/\\\/direktno.info\\\/\"},{\"@type\":\"ListItem\",\"position\":2,\"name\":\"MLADI\u0106 SALUTIRAO DODIKU! Sudija mu naredio da sjedi mirno (VIDEO)\"}]},{\"@type\":\"WebSite\",\"@id\":\"https:\\\/\\\/direktno.info\\\/#website\",\"url\":\"https:\\\/\\\/direktno.info\\\/\",\"name\":\"Direktno\",\"description\":\"\",\"publisher\":{\"@id\":\"https:\\\/\\\/direktno.info\\\/#organization\"},\"potentialAction\":[{\"@type\":\"SearchAction\",\"target\":{\"@type\":\"EntryPoint\",\"urlTemplate\":\"https:\\\/\\\/direktno.info\\\/?s={search_term_string}\"},\"query-input\":{\"@type\":\"PropertyValueSpecification\",\"valueRequired\":true,\"valueName\":\"search_term_string\"}}],\"inLanguage\":\"hr\"},{\"@type\":\"Organization\",\"@id\":\"https:\\\/\\\/direktno.info\\\/#organization\",\"name\":\"Direktno\",\"url\":\"https:\\\/\\\/direktno.info\\\/\",\"logo\":{\"@type\":\"ImageObject\",\"inLanguage\":\"hr\",\"@id\":\"https:\\\/\\\/direktno.info\\\/#\\\/schema\\\/logo\\\/image\\\/\",\"url\":\"https:\\\/\\\/direktno.info\\\/wp-content\\\/uploads\\\/2026\\\/08\\\/direktno_logo_white.png\",\"contentUrl\":\"https:\\\/\\\/direktno.info\\\/wp-content\\\/uploads\\\/2026\\\/08\\\/direktno_logo_white.png\",\"width\":1600,\"height\":340,\"caption\":\"Direktno\"},\"image\":{\"@id\":\"https:\\\/\\\/direktno.info\\\/#\\\/schema\\\/logo\\\/image\\\/\"},\"sameAs\":[\"https:\\\/\\\/www.facebook.com\\\/share\\\/1Jy4gXyc5u\\\/\"]},{\"@type\":\"Person\",\"@id\":\"https:\\\/\\\/direktno.info\\\/#\\\/schema\\\/person\\\/05fbdaecab81c27dec7cc131a9b37be1\",\"name\":\"novinar0603\",\"image\":{\"@type\":\"ImageObject\",\"inLanguage\":\"hr\",\"@id\":\"https:\\\/\\\/secure.gravatar.com\\\/avatar\\\/ede9d7f54b6164109c0b03742da40f108052ff362d7f85a6850f3cb67bd3d495?s=96&d=mm&r=g\",\"url\":\"https:\\\/\\\/secure.gravatar.com\\\/avatar\\\/ede9d7f54b6164109c0b03742da40f108052ff362d7f85a6850f3cb67bd3d495?s=96&d=mm&r=g\",\"contentUrl\":\"https:\\\/\\\/secure.gravatar.com\\\/avatar\\\/ede9d7f54b6164109c0b03742da40f108052ff362d7f85a6850f3cb67bd3d495?s=96&d=mm&r=g\",\"caption\":\"novinar0603\"},\"sameAs\":[\"http:\\\/\\\/direktno.info\"],\"url\":\"https:\\\/\\\/direktno.info\\\/index.php\\\/author\\\/novinar0603\\\/\"}]}<\/script>\n<!-- \/ Yoast SEO plugin. -->","yoast_head_json":{"title":"MLADI\u0106 SALUTIRAO DODIKU! Sudija mu naredio da sjedi mirno (VIDEO) - Direktno","robots":{"index":"index","follow":"follow","max-snippet":"max-snippet:-1","max-image-preview":"max-image-preview:large","max-video-preview":"max-video-preview:-1"},"canonical":"https:\/\/direktno.info\/index.php\/2026\/08\/30\/mladic-salutirao-dodiku-sudija-mu-naredio-da-sjedi-mirno\/","og_locale":"hr_HR","og_type":"article","og_title":"MLADI\u0106 SALUTIRAO DODIKU! Sudija mu naredio da sjedi mirno (VIDEO) - Direktno","og_description":"Svjedo\u010de\u0107i kao svjedok odbrane, predsjednik Republike Srpske Milorad Dodik pojavio se svojevremeno pred Ha\u0161kim tribunalom. General Ratko Mladi\u0107","og_url":"https:\/\/direktno.info\/index.php\/2026\/08\/30\/mladic-salutirao-dodiku-sudija-mu-naredio-da-sjedi-mirno\/","og_site_name":"Direktno","article_publisher":"https:\/\/www.facebook.com\/share\/1Jy4gXyc5u\/","article_published_time":"2026-08-30T22:11:14+00:00","article_modified_time":"2026-08-30T22:12:29+00:00","og_image":[{"width":740,"height":370,"url":"http:\/\/direktno.info\/wp-content\/uploads\/2026\/08\/1418452_kombo-10_m.webp","type":"image\/webp"}],"author":"novinar0603","twitter_card":"summary_large_image","twitter_misc":{"Napisao\/la":"novinar0603","Procijenjeno vrijeme \u010ditanja":"1 minuta"},"schema":{"@context":"https:\/\/schema.org","@graph":[{"@type":"Article","@id":"https:\/\/direktno.info\/index.php\/2026\/08\/30\/mladic-salutirao-dodiku-sudija-mu-naredio-da-sjedi-mirno\/#article","isPartOf":{"@id":"https:\/\/direktno.info\/index.php\/2026\/08\/30\/mladic-salutirao-dodiku-sudija-mu-naredio-da-sjedi-mirno\/"},"author":{"name":"novinar0603","@id":"https:\/\/direktno.info\/#\/schema\/person\/05fbdaecab81c27dec7cc131a9b37be1"},"headline":"MLADI\u0106 SALUTIRAO DODIKU! Sudija mu naredio da sjedi mirno (VIDEO)","datePublished":"2026-08-30T22:11:14+00:00","dateModified":"2026-08-30T22:12:29+00:00","mainEntityOfPage":{"@id":"https:\/\/direktno.info\/index.php\/2026\/08\/30\/mladic-salutirao-dodiku-sudija-mu-naredio-da-sjedi-mirno\/"},"wordCount":89,"commentCount":0,"publisher":{"@id":"https:\/\/direktno.info\/#organization"},"image":{"@id":"https:\/\/direktno.info\/index.php\/2026\/08\/30\/mladic-salutirao-dodiku-sudija-mu-naredio-da-sjedi-mirno\/#primaryimage"},"thumbnailUrl":"https:\/\/direktno.info\/wp-content\/uploads\/2026\/08\/1418452_kombo-10_m.webp","keywords":["Ha\u0161ki sud","Milorad Dodik","Ratko Mladi\u0107","Tribunal u Hagu"],"articleSection":["Gubitnik dana"],"inLanguage":"hr","potentialAction":[{"@type":"CommentAction","name":"Comment","target":["https:\/\/direktno.info\/index.php\/2026\/08\/30\/mladic-salutirao-dodiku-sudija-mu-naredio-da-sjedi-mirno\/#respond"]}]},{"@type":"WebPage","@id":"https:\/\/direktno.info\/index.php\/2026\/08\/30\/mladic-salutirao-dodiku-sudija-mu-naredio-da-sjedi-mirno\/","url":"https:\/\/direktno.info\/index.php\/2026\/08\/30\/mladic-salutirao-dodiku-sudija-mu-naredio-da-sjedi-mirno\/","name":"MLADI\u0106 SALUTIRAO DODIKU! Sudija mu naredio da sjedi mirno (VIDEO) - Direktno","isPartOf":{"@id":"https:\/\/direktno.info\/#website"},"primaryImageOfPage":{"@id":"https:\/\/direktno.info\/index.php\/2026\/08\/30\/mladic-salutirao-dodiku-sudija-mu-naredio-da-sjedi-mirno\/#primaryimage"},"image":{"@id":"https:\/\/direktno.info\/index.php\/2026\/08\/30\/mladic-salutirao-dodiku-sudija-mu-naredio-da-sjedi-mirno\/#primaryimage"},"thumbnailUrl":"https:\/\/direktno.info\/wp-content\/uploads\/2026\/08\/1418452_kombo-10_m.webp","datePublished":"2026-08-30T22:11:14+00:00","dateModified":"2026-08-30T22:12:29+00:00","breadcrumb":{"@id":"https:\/\/direktno.info\/index.php\/2026\/08\/30\/mladic-salutirao-dodiku-sudija-mu-naredio-da-sjedi-mirno\/#breadcrumb"},"inLanguage":"hr","potentialAction":[{"@type":"ReadAction","target":["https:\/\/direktno.info\/index.php\/2026\/08\/30\/mladic-salutirao-dodiku-sudija-mu-naredio-da-sjedi-mirno\/"]}]},{"@type":"ImageObject","inLanguage":"hr","@id":"https:\/\/direktno.info\/index.php\/2026\/08\/30\/mladic-salutirao-dodiku-sudija-mu-naredio-da-sjedi-mirno\/#primaryimage","url":"https:\/\/direktno.info\/wp-content\/uploads\/2026\/08\/1418452_kombo-10_m.webp","contentUrl":"https:\/\/direktno.info\/wp-content\/uploads\/2026\/08\/1418452_kombo-10_m.webp","width":740,"height":370},{"@type":"BreadcrumbList","@id":"https:\/\/direktno.info\/index.php\/2026\/08\/30\/mladic-salutirao-dodiku-sudija-mu-naredio-da-sjedi-mirno\/#breadcrumb","itemListElement":[{"@type":"ListItem","position":1,"name":"Po\u010detna stranica","item":"https:\/\/direktno.info\/"},{"@type":"ListItem","position":2,"name":"MLADI\u0106 SALUTIRAO DODIKU! Sudija mu naredio da sjedi mirno (VIDEO)"}]},{"@type":"WebSite","@id":"https:\/\/direktno.info\/#website","url":"https:\/\/direktno.info\/","name":"Direktno","description":"","publisher":{"@id":"https:\/\/direktno.info\/#organization"},"potentialAction":[{"@type":"SearchAction","target":{"@type":"EntryPoint","urlTemplate":"https:\/\/direktno.info\/?s={search_term_string}"},"query-input":{"@type":"PropertyValueSpecification","valueRequired":true,"valueName":"search_term_string"}}],"inLanguage":"hr"},{"@type":"Organization","@id":"https:\/\/direktno.info\/#organization","name":"Direktno","url":"https:\/\/direktno.info\/","logo":{"@type":"ImageObject","inLanguage":"hr","@id":"https:\/\/direktno.info\/#\/schema\/logo\/image\/","url":"https:\/\/direktno.info\/wp-content\/uploads\/2026\/08\/direktno_logo_white.png","contentUrl":"https:\/\/direktno.info\/wp-content\/uploads\/2026\/08\/direktno_logo_white.png","width":1600,"height":340,"caption":"Direktno"},"image":{"@id":"https:\/\/direktno.info\/#\/schema\/logo\/image\/"},"sameAs":["https:\/\/www.facebook.com\/share\/1Jy4gXyc5u\/"]},{"@type":"Person","@id":"https:\/\/direktno.info\/#\/schema\/person\/05fbdaecab81c27dec7cc131a9b37be1","name":"novinar0603","image":{"@type":"ImageObject","inLanguage":"hr","@id":"https:\/\/secure.gravatar.com\/avatar\/ede9d7f54b6164109c0b03742da40f108052ff362d7f85a6850f3cb67bd3d495?s=96&d=mm&r=g","url":"https:\/\/secure.gravatar.com\/avatar\/ede9d7f54b6164109c0b03742da40f108052ff362d7f85a6850f3cb67bd3d495?s=96&d=mm&r=g","contentUrl":"https:\/\/secure.gravatar.com\/avatar\/ede9d7f54b6164109c0b03742da40f108052ff362d7f85a6850f3cb67bd3d495?s=96&d=mm&r=g","caption":"novinar0603"},"sameAs":["http:\/\/direktno.info"],"url":"https:\/\/direktno.info\/index.php\/author\/novinar0603\/"}]}},"_links":{"self":[{"href":"https:\/\/direktno.info\/index.php\/wp-json\/wp\/v2\/posts\/1500","targetHints":{"allow":["GET"]}}],"collection":[{"href":"https:\/\/direktno.info\/index.php\/wp-json\/wp\/v2\/posts"}],"about":[{"href":"https:\/\/direktno.info\/index.php\/wp-json\/wp\/v2\/types\/post"}],"author":[{"embeddable":true,"href":"https:\/\/direktno.info\/index.php\/wp-json\/wp\/v2\/users\/1"}],"replies":[{"embeddable":true,"href":"https:\/\/direktno.info\/index.php\/wp-json\/wp\/v2\/comments?post=1500"}],"version-history":[{"count":2,"href":"https:\/\/direktno.info\/index.php\/wp-json\/wp\/v2\/posts\/1500\/revisions"}],"predecessor-version":[{"id":1504,"href":"https:\/\/direktno.info\/index.php\/wp-json\/wp\/v2\/posts\/1500\/revisions\/1504"}],"wp:featuredmedia":[{"embeddable":true,"href":"https:\/\/direktno.info\/index.php\/wp-json\/wp\/v2\/media\/1502"}],"wp:attachment":[{"href":"https:\/\/direktno.info\/index.php\/wp-json\/wp\/v2\/media?parent=1500"}],"wp:term":[{"taxonomy":"category","embeddable":true,"href":"https:\/\/direktno.info\/index.php\/wp-json\/wp\/v2\/categories?post=1500"},{"taxonomy":"post_tag","embeddable":true,"href":"https:\/\/direktno.info\/index.php\/wp-json\/wp\/v2\/tags?post=1500"}],"curies":[{"name":"wp","href":"https:\/\/api.w.org\/{rel}","templated":true}]}}