{"id":1497,"date":"2026-08-30T22:01:57","date_gmt":"2026-08-30T22:01:57","guid":{"rendered":"https:\/\/direktno.info\/?p=1497"},"modified":"2026-08-30T22:01:58","modified_gmt":"2026-08-30T22:01:58","slug":"oprostaj-od-generala-mladica-vidimo-se-u-utorak-u-2000-na-trgu-krajine","status":"publish","type":"post","link":"https:\/\/direktno.info\/index.php\/2026\/08\/30\/oprostaj-od-generala-mladica-vidimo-se-u-utorak-u-2000-na-trgu-krajine\/","title":{"rendered":"OPRO\u0160TAJ OD GENERALA MLADI\u0106A : Vidimo se u utorak u 20:00 na Trgu Krajine"},"content":{"rendered":"\n<p class=\"wp-block-paragraph\"><strong>Banjalu\u010dani se preko dru\u0161tvenih mre\u017ea okupljaju kako bi u utorak, 1. septembra, na Trgu Krajine odali posljednju po\u010dast generalu Vojske Republike Srpske i na\u010delniku General\u0161taba Vojske Republike Srpske Ratku Mladi\u0107u. <\/strong><\/p>\n\n\n\n<p class=\"wp-block-paragraph\">Da trga \u0107e pro\u0161etati do Centralnog spomen-obilje\u017eja. Okupljanje je najavljeno za 20 \u010dasova, a kako se navodi u pozivu pod nazivom \u201eOpro\u0161taj od generala\u201c, cilj je zajedni\u010dki odati po\u010dast preminulom generalu.<\/p>\n\n\n\n<p class=\"wp-block-paragraph\">\u201eDragi sugra\u0111ani, pozivamo vas da u utorak, 01.09.2026. godine, do\u0111ete na Trg Krajine i da svi zajedno, pomen-\u0161etnjom do Centralnog spomen-obilje\u017eja, odamo po\u010dast \u010dovjeku koji je u najte\u017ee i najbolnije vrijeme stao na \u010delo svoga naroda, navedeno je u pozivu.<\/p>\n\n\n\n<p class=\"wp-block-paragraph\">Poseban poziv upu\u0107en je ljudima koji su tokom rata bili pod njegovom komandom. Pomen-\u0161etnja trebalo bi da krene sa Trga Krajine u 20 \u010dasova, a poziv zavr\u0161ava porukom:\u201eBanjaluka vje\u010dno pamti svog heroja!\u201c<\/p>\n\n\n\n<p class=\"wp-block-paragraph\"><\/p>\n","protected":false},"excerpt":{"rendered":"<p>Banjalu\u010dani se preko dru\u0161tvenih mre\u017ea okupljaju kako bi u utorak, 1. septembra, na Trgu Krajine odali posljednju po\u010dast<\/p>\n","protected":false},"author":1,"featured_media":1498,"comment_status":"open","ping_status":"open","sticky":false,"template":"","format":"standard","meta":{"footnotes":""},"categories":[34],"tags":[55,62,61,40,60],"class_list":["post-1497","post","type-post","status-publish","format-standard","has-post-thumbnail","hentry","category-banjaluka","tag-banja-luka","tag-heroj","tag-oprostaj","tag-ratko-mladic","tag-trg-krajine"],"yoast_head":"<!-- This site is optimized with the Yoast SEO plugin v28.3 - https:\/\/yoast.com\/product\/yoast-seo-wordpress\/ -->\n<title>OPRO\u0160TAJ OD GENERALA MLADI\u0106A : Vidimo se u utorak u 20:00 na Trgu Krajine - Direktno<\/title>\n<meta name=\"robots\" content=\"index, follow, max-snippet:-1, max-image-preview:large, max-video-preview:-1\" \/>\n<link rel=\"canonical\" href=\"https:\/\/direktno.info\/index.php\/2026\/08\/30\/oprostaj-od-generala-mladica-vidimo-se-u-utorak-u-2000-na-trgu-krajine\/\" \/>\n<meta property=\"og:locale\" content=\"hr_HR\" \/>\n<meta property=\"og:type\" content=\"article\" \/>\n<meta property=\"og:title\" content=\"OPRO\u0160TAJ OD GENERALA MLADI\u0106A : Vidimo se u utorak u 20:00 na Trgu Krajine - Direktno\" \/>\n<meta property=\"og:description\" content=\"Banjalu\u010dani se preko dru\u0161tvenih mre\u017ea okupljaju kako bi u utorak, 1. septembra, na Trgu Krajine odali posljednju po\u010dast\" \/>\n<meta property=\"og:url\" content=\"https:\/\/direktno.info\/index.php\/2026\/08\/30\/oprostaj-od-generala-mladica-vidimo-se-u-utorak-u-2000-na-trgu-krajine\/\" \/>\n<meta property=\"og:site_name\" content=\"Direktno\" \/>\n<meta property=\"article:publisher\" content=\"https:\/\/www.facebook.com\/share\/1Jy4gXyc5u\/\" \/>\n<meta property=\"article:published_time\" content=\"2026-08-30T22:01:57+00:00\" \/>\n<meta property=\"article:modified_time\" content=\"2026-08-30T22:01:58+00:00\" \/>\n<meta property=\"og:image\" content=\"http:\/\/direktno.info\/wp-content\/uploads\/2026\/08\/FB_IMG_1788126881621.jpg\" \/>\n\t<meta property=\"og:image:width\" content=\"900\" \/>\n\t<meta property=\"og:image:height\" content=\"1212\" \/>\n\t<meta property=\"og:image:type\" content=\"image\/jpeg\" \/>\n<meta name=\"author\" content=\"novinar0603\" \/>\n<meta name=\"twitter:card\" content=\"summary_large_image\" \/>\n<meta name=\"twitter:label1\" content=\"Napisao\/la\" \/>\n\t<meta name=\"twitter:data1\" content=\"novinar0603\" \/>\n\t<meta name=\"twitter:label2\" content=\"Procijenjeno vrijeme \u010ditanja\" \/>\n\t<meta name=\"twitter:data2\" content=\"1 minuta\" \/>\n<script type=\"application\/ld+json\" class=\"yoast-schema-graph\">{\"@context\":\"https:\\\/\\\/schema.org\",\"@graph\":[{\"@type\":\"Article\",\"@id\":\"https:\\\/\\\/direktno.info\\\/index.php\\\/2026\\\/08\\\/30\\\/oprostaj-od-generala-mladica-vidimo-se-u-utorak-u-2000-na-trgu-krajine\\\/#article\",\"isPartOf\":{\"@id\":\"https:\\\/\\\/direktno.info\\\/index.php\\\/2026\\\/08\\\/30\\\/oprostaj-od-generala-mladica-vidimo-se-u-utorak-u-2000-na-trgu-krajine\\\/\"},\"author\":{\"name\":\"novinar0603\",\"@id\":\"https:\\\/\\\/direktno.info\\\/#\\\/schema\\\/person\\\/05fbdaecab81c27dec7cc131a9b37be1\"},\"headline\":\"OPRO\u0160TAJ OD GENERALA MLADI\u0106A : Vidimo se u utorak u 20:00 na Trgu Krajine\",\"datePublished\":\"2026-08-30T22:01:57+00:00\",\"dateModified\":\"2026-08-30T22:01:58+00:00\",\"mainEntityOfPage\":{\"@id\":\"https:\\\/\\\/direktno.info\\\/index.php\\\/2026\\\/08\\\/30\\\/oprostaj-od-generala-mladica-vidimo-se-u-utorak-u-2000-na-trgu-krajine\\\/\"},\"wordCount\":166,\"commentCount\":0,\"publisher\":{\"@id\":\"https:\\\/\\\/direktno.info\\\/#organization\"},\"image\":{\"@id\":\"https:\\\/\\\/direktno.info\\\/index.php\\\/2026\\\/08\\\/30\\\/oprostaj-od-generala-mladica-vidimo-se-u-utorak-u-2000-na-trgu-krajine\\\/#primaryimage\"},\"thumbnailUrl\":\"https:\\\/\\\/direktno.info\\\/wp-content\\\/uploads\\\/2026\\\/08\\\/FB_IMG_1788126881621.jpg\",\"keywords\":[\"Banja Luka\",\"Heroj\",\"Opro\u0161taj\",\"Ratko Mladi\u0107\",\"Trg Krajine\"],\"articleSection\":[\"Banjaluka\"],\"inLanguage\":\"hr\",\"potentialAction\":[{\"@type\":\"CommentAction\",\"name\":\"Comment\",\"target\":[\"https:\\\/\\\/direktno.info\\\/index.php\\\/2026\\\/08\\\/30\\\/oprostaj-od-generala-mladica-vidimo-se-u-utorak-u-2000-na-trgu-krajine\\\/#respond\"]}]},{\"@type\":\"WebPage\",\"@id\":\"https:\\\/\\\/direktno.info\\\/index.php\\\/2026\\\/08\\\/30\\\/oprostaj-od-generala-mladica-vidimo-se-u-utorak-u-2000-na-trgu-krajine\\\/\",\"url\":\"https:\\\/\\\/direktno.info\\\/index.php\\\/2026\\\/08\\\/30\\\/oprostaj-od-generala-mladica-vidimo-se-u-utorak-u-2000-na-trgu-krajine\\\/\",\"name\":\"OPRO\u0160TAJ OD GENERALA MLADI\u0106A : Vidimo se u utorak u 20:00 na Trgu Krajine - Direktno\",\"isPartOf\":{\"@id\":\"https:\\\/\\\/direktno.info\\\/#website\"},\"primaryImageOfPage\":{\"@id\":\"https:\\\/\\\/direktno.info\\\/index.php\\\/2026\\\/08\\\/30\\\/oprostaj-od-generala-mladica-vidimo-se-u-utorak-u-2000-na-trgu-krajine\\\/#primaryimage\"},\"image\":{\"@id\":\"https:\\\/\\\/direktno.info\\\/index.php\\\/2026\\\/08\\\/30\\\/oprostaj-od-generala-mladica-vidimo-se-u-utorak-u-2000-na-trgu-krajine\\\/#primaryimage\"},\"thumbnailUrl\":\"https:\\\/\\\/direktno.info\\\/wp-content\\\/uploads\\\/2026\\\/08\\\/FB_IMG_1788126881621.jpg\",\"datePublished\":\"2026-08-30T22:01:57+00:00\",\"dateModified\":\"2026-08-30T22:01:58+00:00\",\"breadcrumb\":{\"@id\":\"https:\\\/\\\/direktno.info\\\/index.php\\\/2026\\\/08\\\/30\\\/oprostaj-od-generala-mladica-vidimo-se-u-utorak-u-2000-na-trgu-krajine\\\/#breadcrumb\"},\"inLanguage\":\"hr\",\"potentialAction\":[{\"@type\":\"ReadAction\",\"target\":[\"https:\\\/\\\/direktno.info\\\/index.php\\\/2026\\\/08\\\/30\\\/oprostaj-od-generala-mladica-vidimo-se-u-utorak-u-2000-na-trgu-krajine\\\/\"]}]},{\"@type\":\"ImageObject\",\"inLanguage\":\"hr\",\"@id\":\"https:\\\/\\\/direktno.info\\\/index.php\\\/2026\\\/08\\\/30\\\/oprostaj-od-generala-mladica-vidimo-se-u-utorak-u-2000-na-trgu-krajine\\\/#primaryimage\",\"url\":\"https:\\\/\\\/direktno.info\\\/wp-content\\\/uploads\\\/2026\\\/08\\\/FB_IMG_1788126881621.jpg\",\"contentUrl\":\"https:\\\/\\\/direktno.info\\\/wp-content\\\/uploads\\\/2026\\\/08\\\/FB_IMG_1788126881621.jpg\",\"width\":900,\"height\":1212},{\"@type\":\"BreadcrumbList\",\"@id\":\"https:\\\/\\\/direktno.info\\\/index.php\\\/2026\\\/08\\\/30\\\/oprostaj-od-generala-mladica-vidimo-se-u-utorak-u-2000-na-trgu-krajine\\\/#breadcrumb\",\"itemListElement\":[{\"@type\":\"ListItem\",\"position\":1,\"name\":\"Po\u010detna stranica\",\"item\":\"https:\\\/\\\/direktno.info\\\/\"},{\"@type\":\"ListItem\",\"position\":2,\"name\":\"OPRO\u0160TAJ OD GENERALA MLADI\u0106A : Vidimo se u utorak u 20:00 na Trgu Krajine\"}]},{\"@type\":\"WebSite\",\"@id\":\"https:\\\/\\\/direktno.info\\\/#website\",\"url\":\"https:\\\/\\\/direktno.info\\\/\",\"name\":\"Direktno\",\"description\":\"\",\"publisher\":{\"@id\":\"https:\\\/\\\/direktno.info\\\/#organization\"},\"potentialAction\":[{\"@type\":\"SearchAction\",\"target\":{\"@type\":\"EntryPoint\",\"urlTemplate\":\"https:\\\/\\\/direktno.info\\\/?s={search_term_string}\"},\"query-input\":{\"@type\":\"PropertyValueSpecification\",\"valueRequired\":true,\"valueName\":\"search_term_string\"}}],\"inLanguage\":\"hr\"},{\"@type\":\"Organization\",\"@id\":\"https:\\\/\\\/direktno.info\\\/#organization\",\"name\":\"Direktno\",\"url\":\"https:\\\/\\\/direktno.info\\\/\",\"logo\":{\"@type\":\"ImageObject\",\"inLanguage\":\"hr\",\"@id\":\"https:\\\/\\\/direktno.info\\\/#\\\/schema\\\/logo\\\/image\\\/\",\"url\":\"https:\\\/\\\/direktno.info\\\/wp-content\\\/uploads\\\/2026\\\/08\\\/direktno_logo_white.png\",\"contentUrl\":\"https:\\\/\\\/direktno.info\\\/wp-content\\\/uploads\\\/2026\\\/08\\\/direktno_logo_white.png\",\"width\":1600,\"height\":340,\"caption\":\"Direktno\"},\"image\":{\"@id\":\"https:\\\/\\\/direktno.info\\\/#\\\/schema\\\/logo\\\/image\\\/\"},\"sameAs\":[\"https:\\\/\\\/www.facebook.com\\\/share\\\/1Jy4gXyc5u\\\/\"]},{\"@type\":\"Person\",\"@id\":\"https:\\\/\\\/direktno.info\\\/#\\\/schema\\\/person\\\/05fbdaecab81c27dec7cc131a9b37be1\",\"name\":\"novinar0603\",\"image\":{\"@type\":\"ImageObject\",\"inLanguage\":\"hr\",\"@id\":\"https:\\\/\\\/secure.gravatar.com\\\/avatar\\\/ede9d7f54b6164109c0b03742da40f108052ff362d7f85a6850f3cb67bd3d495?s=96&d=mm&r=g\",\"url\":\"https:\\\/\\\/secure.gravatar.com\\\/avatar\\\/ede9d7f54b6164109c0b03742da40f108052ff362d7f85a6850f3cb67bd3d495?s=96&d=mm&r=g\",\"contentUrl\":\"https:\\\/\\\/secure.gravatar.com\\\/avatar\\\/ede9d7f54b6164109c0b03742da40f108052ff362d7f85a6850f3cb67bd3d495?s=96&d=mm&r=g\",\"caption\":\"novinar0603\"},\"sameAs\":[\"http:\\\/\\\/direktno.info\"],\"url\":\"https:\\\/\\\/direktno.info\\\/index.php\\\/author\\\/novinar0603\\\/\"}]}<\/script>\n<!-- \/ Yoast SEO plugin. -->","yoast_head_json":{"title":"OPRO\u0160TAJ OD GENERALA MLADI\u0106A : Vidimo se u utorak u 20:00 na Trgu Krajine - Direktno","robots":{"index":"index","follow":"follow","max-snippet":"max-snippet:-1","max-image-preview":"max-image-preview:large","max-video-preview":"max-video-preview:-1"},"canonical":"https:\/\/direktno.info\/index.php\/2026\/08\/30\/oprostaj-od-generala-mladica-vidimo-se-u-utorak-u-2000-na-trgu-krajine\/","og_locale":"hr_HR","og_type":"article","og_title":"OPRO\u0160TAJ OD GENERALA MLADI\u0106A : Vidimo se u utorak u 20:00 na Trgu Krajine - Direktno","og_description":"Banjalu\u010dani se preko dru\u0161tvenih mre\u017ea okupljaju kako bi u utorak, 1. septembra, na Trgu Krajine odali posljednju po\u010dast","og_url":"https:\/\/direktno.info\/index.php\/2026\/08\/30\/oprostaj-od-generala-mladica-vidimo-se-u-utorak-u-2000-na-trgu-krajine\/","og_site_name":"Direktno","article_publisher":"https:\/\/www.facebook.com\/share\/1Jy4gXyc5u\/","article_published_time":"2026-08-30T22:01:57+00:00","article_modified_time":"2026-08-30T22:01:58+00:00","og_image":[{"width":900,"height":1212,"url":"http:\/\/direktno.info\/wp-content\/uploads\/2026\/08\/FB_IMG_1788126881621.jpg","type":"image\/jpeg"}],"author":"novinar0603","twitter_card":"summary_large_image","twitter_misc":{"Napisao\/la":"novinar0603","Procijenjeno vrijeme \u010ditanja":"1 minuta"},"schema":{"@context":"https:\/\/schema.org","@graph":[{"@type":"Article","@id":"https:\/\/direktno.info\/index.php\/2026\/08\/30\/oprostaj-od-generala-mladica-vidimo-se-u-utorak-u-2000-na-trgu-krajine\/#article","isPartOf":{"@id":"https:\/\/direktno.info\/index.php\/2026\/08\/30\/oprostaj-od-generala-mladica-vidimo-se-u-utorak-u-2000-na-trgu-krajine\/"},"author":{"name":"novinar0603","@id":"https:\/\/direktno.info\/#\/schema\/person\/05fbdaecab81c27dec7cc131a9b37be1"},"headline":"OPRO\u0160TAJ OD GENERALA MLADI\u0106A : Vidimo se u utorak u 20:00 na Trgu Krajine","datePublished":"2026-08-30T22:01:57+00:00","dateModified":"2026-08-30T22:01:58+00:00","mainEntityOfPage":{"@id":"https:\/\/direktno.info\/index.php\/2026\/08\/30\/oprostaj-od-generala-mladica-vidimo-se-u-utorak-u-2000-na-trgu-krajine\/"},"wordCount":166,"commentCount":0,"publisher":{"@id":"https:\/\/direktno.info\/#organization"},"image":{"@id":"https:\/\/direktno.info\/index.php\/2026\/08\/30\/oprostaj-od-generala-mladica-vidimo-se-u-utorak-u-2000-na-trgu-krajine\/#primaryimage"},"thumbnailUrl":"https:\/\/direktno.info\/wp-content\/uploads\/2026\/08\/FB_IMG_1788126881621.jpg","keywords":["Banja Luka","Heroj","Opro\u0161taj","Ratko Mladi\u0107","Trg Krajine"],"articleSection":["Banjaluka"],"inLanguage":"hr","potentialAction":[{"@type":"CommentAction","name":"Comment","target":["https:\/\/direktno.info\/index.php\/2026\/08\/30\/oprostaj-od-generala-mladica-vidimo-se-u-utorak-u-2000-na-trgu-krajine\/#respond"]}]},{"@type":"WebPage","@id":"https:\/\/direktno.info\/index.php\/2026\/08\/30\/oprostaj-od-generala-mladica-vidimo-se-u-utorak-u-2000-na-trgu-krajine\/","url":"https:\/\/direktno.info\/index.php\/2026\/08\/30\/oprostaj-od-generala-mladica-vidimo-se-u-utorak-u-2000-na-trgu-krajine\/","name":"OPRO\u0160TAJ OD GENERALA MLADI\u0106A : Vidimo se u utorak u 20:00 na Trgu Krajine - Direktno","isPartOf":{"@id":"https:\/\/direktno.info\/#website"},"primaryImageOfPage":{"@id":"https:\/\/direktno.info\/index.php\/2026\/08\/30\/oprostaj-od-generala-mladica-vidimo-se-u-utorak-u-2000-na-trgu-krajine\/#primaryimage"},"image":{"@id":"https:\/\/direktno.info\/index.php\/2026\/08\/30\/oprostaj-od-generala-mladica-vidimo-se-u-utorak-u-2000-na-trgu-krajine\/#primaryimage"},"thumbnailUrl":"https:\/\/direktno.info\/wp-content\/uploads\/2026\/08\/FB_IMG_1788126881621.jpg","datePublished":"2026-08-30T22:01:57+00:00","dateModified":"2026-08-30T22:01:58+00:00","breadcrumb":{"@id":"https:\/\/direktno.info\/index.php\/2026\/08\/30\/oprostaj-od-generala-mladica-vidimo-se-u-utorak-u-2000-na-trgu-krajine\/#breadcrumb"},"inLanguage":"hr","potentialAction":[{"@type":"ReadAction","target":["https:\/\/direktno.info\/index.php\/2026\/08\/30\/oprostaj-od-generala-mladica-vidimo-se-u-utorak-u-2000-na-trgu-krajine\/"]}]},{"@type":"ImageObject","inLanguage":"hr","@id":"https:\/\/direktno.info\/index.php\/2026\/08\/30\/oprostaj-od-generala-mladica-vidimo-se-u-utorak-u-2000-na-trgu-krajine\/#primaryimage","url":"https:\/\/direktno.info\/wp-content\/uploads\/2026\/08\/FB_IMG_1788126881621.jpg","contentUrl":"https:\/\/direktno.info\/wp-content\/uploads\/2026\/08\/FB_IMG_1788126881621.jpg","width":900,"height":1212},{"@type":"BreadcrumbList","@id":"https:\/\/direktno.info\/index.php\/2026\/08\/30\/oprostaj-od-generala-mladica-vidimo-se-u-utorak-u-2000-na-trgu-krajine\/#breadcrumb","itemListElement":[{"@type":"ListItem","position":1,"name":"Po\u010detna stranica","item":"https:\/\/direktno.info\/"},{"@type":"ListItem","position":2,"name":"OPRO\u0160TAJ OD GENERALA MLADI\u0106A : Vidimo se u utorak u 20:00 na Trgu Krajine"}]},{"@type":"WebSite","@id":"https:\/\/direktno.info\/#website","url":"https:\/\/direktno.info\/","name":"Direktno","description":"","publisher":{"@id":"https:\/\/direktno.info\/#organization"},"potentialAction":[{"@type":"SearchAction","target":{"@type":"EntryPoint","urlTemplate":"https:\/\/direktno.info\/?s={search_term_string}"},"query-input":{"@type":"PropertyValueSpecification","valueRequired":true,"valueName":"search_term_string"}}],"inLanguage":"hr"},{"@type":"Organization","@id":"https:\/\/direktno.info\/#organization","name":"Direktno","url":"https:\/\/direktno.info\/","logo":{"@type":"ImageObject","inLanguage":"hr","@id":"https:\/\/direktno.info\/#\/schema\/logo\/image\/","url":"https:\/\/direktno.info\/wp-content\/uploads\/2026\/08\/direktno_logo_white.png","contentUrl":"https:\/\/direktno.info\/wp-content\/uploads\/2026\/08\/direktno_logo_white.png","width":1600,"height":340,"caption":"Direktno"},"image":{"@id":"https:\/\/direktno.info\/#\/schema\/logo\/image\/"},"sameAs":["https:\/\/www.facebook.com\/share\/1Jy4gXyc5u\/"]},{"@type":"Person","@id":"https:\/\/direktno.info\/#\/schema\/person\/05fbdaecab81c27dec7cc131a9b37be1","name":"novinar0603","image":{"@type":"ImageObject","inLanguage":"hr","@id":"https:\/\/secure.gravatar.com\/avatar\/ede9d7f54b6164109c0b03742da40f108052ff362d7f85a6850f3cb67bd3d495?s=96&d=mm&r=g","url":"https:\/\/secure.gravatar.com\/avatar\/ede9d7f54b6164109c0b03742da40f108052ff362d7f85a6850f3cb67bd3d495?s=96&d=mm&r=g","contentUrl":"https:\/\/secure.gravatar.com\/avatar\/ede9d7f54b6164109c0b03742da40f108052ff362d7f85a6850f3cb67bd3d495?s=96&d=mm&r=g","caption":"novinar0603"},"sameAs":["http:\/\/direktno.info"],"url":"https:\/\/direktno.info\/index.php\/author\/novinar0603\/"}]}},"_links":{"self":[{"href":"https:\/\/direktno.info\/index.php\/wp-json\/wp\/v2\/posts\/1497","targetHints":{"allow":["GET"]}}],"collection":[{"href":"https:\/\/direktno.info\/index.php\/wp-json\/wp\/v2\/posts"}],"about":[{"href":"https:\/\/direktno.info\/index.php\/wp-json\/wp\/v2\/types\/post"}],"author":[{"embeddable":true,"href":"https:\/\/direktno.info\/index.php\/wp-json\/wp\/v2\/users\/1"}],"replies":[{"embeddable":true,"href":"https:\/\/direktno.info\/index.php\/wp-json\/wp\/v2\/comments?post=1497"}],"version-history":[{"count":1,"href":"https:\/\/direktno.info\/index.php\/wp-json\/wp\/v2\/posts\/1497\/revisions"}],"predecessor-version":[{"id":1499,"href":"https:\/\/direktno.info\/index.php\/wp-json\/wp\/v2\/posts\/1497\/revisions\/1499"}],"wp:featuredmedia":[{"embeddable":true,"href":"https:\/\/direktno.info\/index.php\/wp-json\/wp\/v2\/media\/1498"}],"wp:attachment":[{"href":"https:\/\/direktno.info\/index.php\/wp-json\/wp\/v2\/media?parent=1497"}],"wp:term":[{"taxonomy":"category","embeddable":true,"href":"https:\/\/direktno.info\/index.php\/wp-json\/wp\/v2\/categories?post=1497"},{"taxonomy":"post_tag","embeddable":true,"href":"https:\/\/direktno.info\/index.php\/wp-json\/wp\/v2\/tags?post=1497"}],"curies":[{"name":"wp","href":"https:\/\/api.w.org\/{rel}","templated":true}]}}