{"id":1489,"date":"2026-08-30T21:36:48","date_gmt":"2026-08-30T21:36:48","guid":{"rendered":"https:\/\/direktno.info\/?p=1489"},"modified":"2026-08-30T21:36:49","modified_gmt":"2026-08-30T21:36:49","slug":"sikterusa-za-salkica-fata-orlovic-o-nagodbama-koje-je-u-njeno-ime-pokusao-ramiz-salkic-video","status":"publish","type":"post","link":"https:\/\/direktno.info\/index.php\/2026\/08\/30\/sikterusa-za-salkica-fata-orlovic-o-nagodbama-koje-je-u-njeno-ime-pokusao-ramiz-salkic-video\/","title":{"rendered":"SIKTERU\u0160A ZA SALKI\u0106A! Fata Orlovi\u0107 o nagodbama koje je u njeno ime poku\u0161ao Ramiz Salki\u0107 (VIDEO)"},"content":{"rendered":"\n<p class=\"wp-block-paragraph\">Aktuelni kandidat Stranke demokratske akcije (SDA) za predsjednika \/ potpredsjednika Republike Srpske iz reda bo\u0161nja\u010dkog naroda Ramiz Salki\u0107 poku\u0161avao je da trguje zemljom Fate Orlovi\u0107.<\/p>\n\n\n\n<p class=\"wp-block-paragraph\">Fata Orlovi\u0107 je povratnica u Republiku Srpsku. Ta\u010dnije, Konjevi\u0107 polje. \u0160ta god mislio o Fati &#8211; jasno je da ta \u017eena ne da svoje. I ne odustaje. Fata Orlovi\u0107 se vratila u Republiku Srpsku 1996. godine. I u svom dvori\u0161tu prona\u0161la Srpsku pravoslavnu crkvu. Orlovi\u0107 je otpo\u010detka insistirala na jednom. Da njoj kao Bo\u0161njakinji i muslimanki ne smeta crkva, ve\u0107 \u0161to joj je uzurpirano dvori\u0161te.<\/p>\n\n\n\n<figure class=\"wp-block-video\"><video height=\"356\" style=\"aspect-ratio: 426 \/ 356;\" width=\"426\" controls src=\"https:\/\/direktno.info\/wp-content\/uploads\/2026\/08\/69265.mp4\"><\/video><\/figure>\n\n\n\n<p class=\"wp-block-paragraph\"> To jeste pravo na li\u010dnu imovinu. I tra\u017eila je nazad &#8211; svoje.Ovo je bila pri\u010da koja je vi\u0161e od 20 godina digla na noge sve u Republici Srpskoj i BiH. O slu\u010daju Orlovi\u0107 je zasjedalo Me\u0111ureligijsko vije\u0107e BiH. <\/p>\n\n\n\n<p class=\"wp-block-paragraph\">O slu\u010daju se po preuzimanju vlasti 2005. oglasio i Milorad Dodik koji je sa predstavnicima SPC zaklju\u010dio da \u0107e se crkva izmjestiti.O Fati Orlovi\u0107 je snimljen i film. Na \u010djju premijeru nije do\u0161ao tada\u0161nji potpredsjednik Republike Srpske iz reda bo\u0161nja\u010dkog naroda &#8211; Ramiz Salki\u0107.<\/p>\n\n\n\n<p class=\"wp-block-paragraph\">Naime, Salki\u0107 je poku\u0161ao da trguje imovinom Fate Orlovi\u0107 koja je stav \u010dvrsto dr\u017eala od 1996. Njen princip nije bio ni politi\u010dki ni vjerski ve\u0107 &#8220;Moja avlija je moja avlija&#8221;.U videu koji je u prilogu, Fata Orlovi\u0107 opisuje kako joj je do\u0161ao Salki\u0107 da trguje njenom zemljom i kako nije popio ni kafu &#8211; SIKTERU\u0160U.<\/p>\n\n\n\n<p class=\"wp-block-paragraph\"><\/p>\n","protected":false},"excerpt":{"rendered":"<p>Aktuelni kandidat Stranke demokratske akcije (SDA) za predsjednika \/ potpredsjednika Republike Srpske iz reda bo\u0161nja\u010dkog naroda Ramiz Salki\u0107<\/p>\n","protected":false},"author":1,"featured_media":1491,"comment_status":"open","ping_status":"open","sticky":false,"template":"","format":"standard","meta":{"footnotes":""},"categories":[33],"tags":[52,53,51,54],"class_list":["post-1489","post","type-post","status-publish","format-standard","has-post-thumbnail","hentry","category-gubitnik-dana-politika","tag-fata-orlovic","tag-konjevic-polje","tag-ramiz-salkic","tag-sda"],"yoast_head":"<!-- This site is optimized with the Yoast SEO plugin v28.3 - https:\/\/yoast.com\/product\/yoast-seo-wordpress\/ -->\n<title>SIKTERU\u0160A ZA SALKI\u0106A! Fata Orlovi\u0107 o nagodbama koje je u njeno ime poku\u0161ao Ramiz Salki\u0107 (VIDEO) - Direktno<\/title>\n<meta name=\"robots\" content=\"index, follow, max-snippet:-1, max-image-preview:large, max-video-preview:-1\" \/>\n<link rel=\"canonical\" href=\"https:\/\/direktno.info\/index.php\/2026\/08\/30\/sikterusa-za-salkica-fata-orlovic-o-nagodbama-koje-je-u-njeno-ime-pokusao-ramiz-salkic-video\/\" \/>\n<meta property=\"og:locale\" content=\"hr_HR\" \/>\n<meta property=\"og:type\" content=\"article\" \/>\n<meta property=\"og:title\" content=\"SIKTERU\u0160A ZA SALKI\u0106A! Fata Orlovi\u0107 o nagodbama koje je u njeno ime poku\u0161ao Ramiz Salki\u0107 (VIDEO) - Direktno\" \/>\n<meta property=\"og:description\" content=\"Aktuelni kandidat Stranke demokratske akcije (SDA) za predsjednika \/ potpredsjednika Republike Srpske iz reda bo\u0161nja\u010dkog naroda Ramiz Salki\u0107\" \/>\n<meta property=\"og:url\" content=\"https:\/\/direktno.info\/index.php\/2026\/08\/30\/sikterusa-za-salkica-fata-orlovic-o-nagodbama-koje-je-u-njeno-ime-pokusao-ramiz-salkic-video\/\" \/>\n<meta property=\"og:site_name\" content=\"Direktno\" \/>\n<meta property=\"article:publisher\" content=\"https:\/\/www.facebook.com\/share\/1Jy4gXyc5u\/\" \/>\n<meta property=\"article:published_time\" content=\"2026-08-30T21:36:48+00:00\" \/>\n<meta property=\"article:modified_time\" content=\"2026-08-30T21:36:49+00:00\" \/>\n<meta property=\"og:image\" content=\"http:\/\/direktno.info\/wp-content\/uploads\/2026\/08\/1080c1147c31af85d1fad9127949892a-medium.webp\" \/>\n\t<meta property=\"og:image:width\" content=\"800\" \/>\n\t<meta property=\"og:image:height\" content=\"528\" \/>\n\t<meta property=\"og:image:type\" content=\"image\/webp\" \/>\n<meta name=\"author\" content=\"novinar0603\" \/>\n<meta name=\"twitter:card\" content=\"summary_large_image\" \/>\n<meta name=\"twitter:label1\" content=\"Napisao\/la\" \/>\n\t<meta name=\"twitter:data1\" content=\"novinar0603\" \/>\n\t<meta name=\"twitter:label2\" content=\"Procijenjeno vrijeme \u010ditanja\" \/>\n\t<meta name=\"twitter:data2\" content=\"2 minute\" \/>\n<script type=\"application\/ld+json\" class=\"yoast-schema-graph\">{\"@context\":\"https:\\\/\\\/schema.org\",\"@graph\":[{\"@type\":\"Article\",\"@id\":\"https:\\\/\\\/direktno.info\\\/index.php\\\/2026\\\/08\\\/30\\\/sikterusa-za-salkica-fata-orlovic-o-nagodbama-koje-je-u-njeno-ime-pokusao-ramiz-salkic-video\\\/#article\",\"isPartOf\":{\"@id\":\"https:\\\/\\\/direktno.info\\\/index.php\\\/2026\\\/08\\\/30\\\/sikterusa-za-salkica-fata-orlovic-o-nagodbama-koje-je-u-njeno-ime-pokusao-ramiz-salkic-video\\\/\"},\"author\":{\"name\":\"novinar0603\",\"@id\":\"https:\\\/\\\/direktno.info\\\/#\\\/schema\\\/person\\\/05fbdaecab81c27dec7cc131a9b37be1\"},\"headline\":\"SIKTERU\u0160A ZA SALKI\u0106A! Fata Orlovi\u0107 o nagodbama koje je u njeno ime poku\u0161ao Ramiz Salki\u0107 (VIDEO)\",\"datePublished\":\"2026-08-30T21:36:48+00:00\",\"dateModified\":\"2026-08-30T21:36:49+00:00\",\"mainEntityOfPage\":{\"@id\":\"https:\\\/\\\/direktno.info\\\/index.php\\\/2026\\\/08\\\/30\\\/sikterusa-za-salkica-fata-orlovic-o-nagodbama-koje-je-u-njeno-ime-pokusao-ramiz-salkic-video\\\/\"},\"wordCount\":271,\"commentCount\":0,\"publisher\":{\"@id\":\"https:\\\/\\\/direktno.info\\\/#organization\"},\"image\":{\"@id\":\"https:\\\/\\\/direktno.info\\\/index.php\\\/2026\\\/08\\\/30\\\/sikterusa-za-salkica-fata-orlovic-o-nagodbama-koje-je-u-njeno-ime-pokusao-ramiz-salkic-video\\\/#primaryimage\"},\"thumbnailUrl\":\"https:\\\/\\\/direktno.info\\\/wp-content\\\/uploads\\\/2026\\\/08\\\/1080c1147c31af85d1fad9127949892a-medium.webp\",\"keywords\":[\"Fata Orlovi\u0107\",\"Konjevi\u0107 Polje\",\"Ramiz salki\u0107\",\"Sda\"],\"articleSection\":[\"Gubitnik dana\"],\"inLanguage\":\"hr\",\"potentialAction\":[{\"@type\":\"CommentAction\",\"name\":\"Comment\",\"target\":[\"https:\\\/\\\/direktno.info\\\/index.php\\\/2026\\\/08\\\/30\\\/sikterusa-za-salkica-fata-orlovic-o-nagodbama-koje-je-u-njeno-ime-pokusao-ramiz-salkic-video\\\/#respond\"]}]},{\"@type\":\"WebPage\",\"@id\":\"https:\\\/\\\/direktno.info\\\/index.php\\\/2026\\\/08\\\/30\\\/sikterusa-za-salkica-fata-orlovic-o-nagodbama-koje-je-u-njeno-ime-pokusao-ramiz-salkic-video\\\/\",\"url\":\"https:\\\/\\\/direktno.info\\\/index.php\\\/2026\\\/08\\\/30\\\/sikterusa-za-salkica-fata-orlovic-o-nagodbama-koje-je-u-njeno-ime-pokusao-ramiz-salkic-video\\\/\",\"name\":\"SIKTERU\u0160A ZA SALKI\u0106A! Fata Orlovi\u0107 o nagodbama koje je u njeno ime poku\u0161ao Ramiz Salki\u0107 (VIDEO) - Direktno\",\"isPartOf\":{\"@id\":\"https:\\\/\\\/direktno.info\\\/#website\"},\"primaryImageOfPage\":{\"@id\":\"https:\\\/\\\/direktno.info\\\/index.php\\\/2026\\\/08\\\/30\\\/sikterusa-za-salkica-fata-orlovic-o-nagodbama-koje-je-u-njeno-ime-pokusao-ramiz-salkic-video\\\/#primaryimage\"},\"image\":{\"@id\":\"https:\\\/\\\/direktno.info\\\/index.php\\\/2026\\\/08\\\/30\\\/sikterusa-za-salkica-fata-orlovic-o-nagodbama-koje-je-u-njeno-ime-pokusao-ramiz-salkic-video\\\/#primaryimage\"},\"thumbnailUrl\":\"https:\\\/\\\/direktno.info\\\/wp-content\\\/uploads\\\/2026\\\/08\\\/1080c1147c31af85d1fad9127949892a-medium.webp\",\"datePublished\":\"2026-08-30T21:36:48+00:00\",\"dateModified\":\"2026-08-30T21:36:49+00:00\",\"breadcrumb\":{\"@id\":\"https:\\\/\\\/direktno.info\\\/index.php\\\/2026\\\/08\\\/30\\\/sikterusa-za-salkica-fata-orlovic-o-nagodbama-koje-je-u-njeno-ime-pokusao-ramiz-salkic-video\\\/#breadcrumb\"},\"inLanguage\":\"hr\",\"potentialAction\":[{\"@type\":\"ReadAction\",\"target\":[\"https:\\\/\\\/direktno.info\\\/index.php\\\/2026\\\/08\\\/30\\\/sikterusa-za-salkica-fata-orlovic-o-nagodbama-koje-je-u-njeno-ime-pokusao-ramiz-salkic-video\\\/\"]}]},{\"@type\":\"ImageObject\",\"inLanguage\":\"hr\",\"@id\":\"https:\\\/\\\/direktno.info\\\/index.php\\\/2026\\\/08\\\/30\\\/sikterusa-za-salkica-fata-orlovic-o-nagodbama-koje-je-u-njeno-ime-pokusao-ramiz-salkic-video\\\/#primaryimage\",\"url\":\"https:\\\/\\\/direktno.info\\\/wp-content\\\/uploads\\\/2026\\\/08\\\/1080c1147c31af85d1fad9127949892a-medium.webp\",\"contentUrl\":\"https:\\\/\\\/direktno.info\\\/wp-content\\\/uploads\\\/2026\\\/08\\\/1080c1147c31af85d1fad9127949892a-medium.webp\",\"width\":800,\"height\":528},{\"@type\":\"BreadcrumbList\",\"@id\":\"https:\\\/\\\/direktno.info\\\/index.php\\\/2026\\\/08\\\/30\\\/sikterusa-za-salkica-fata-orlovic-o-nagodbama-koje-je-u-njeno-ime-pokusao-ramiz-salkic-video\\\/#breadcrumb\",\"itemListElement\":[{\"@type\":\"ListItem\",\"position\":1,\"name\":\"Po\u010detna stranica\",\"item\":\"https:\\\/\\\/direktno.info\\\/\"},{\"@type\":\"ListItem\",\"position\":2,\"name\":\"SIKTERU\u0160A ZA SALKI\u0106A! Fata Orlovi\u0107 o nagodbama koje je u njeno ime poku\u0161ao Ramiz Salki\u0107 (VIDEO)\"}]},{\"@type\":\"WebSite\",\"@id\":\"https:\\\/\\\/direktno.info\\\/#website\",\"url\":\"https:\\\/\\\/direktno.info\\\/\",\"name\":\"Direktno\",\"description\":\"\",\"publisher\":{\"@id\":\"https:\\\/\\\/direktno.info\\\/#organization\"},\"potentialAction\":[{\"@type\":\"SearchAction\",\"target\":{\"@type\":\"EntryPoint\",\"urlTemplate\":\"https:\\\/\\\/direktno.info\\\/?s={search_term_string}\"},\"query-input\":{\"@type\":\"PropertyValueSpecification\",\"valueRequired\":true,\"valueName\":\"search_term_string\"}}],\"inLanguage\":\"hr\"},{\"@type\":\"Organization\",\"@id\":\"https:\\\/\\\/direktno.info\\\/#organization\",\"name\":\"Direktno\",\"url\":\"https:\\\/\\\/direktno.info\\\/\",\"logo\":{\"@type\":\"ImageObject\",\"inLanguage\":\"hr\",\"@id\":\"https:\\\/\\\/direktno.info\\\/#\\\/schema\\\/logo\\\/image\\\/\",\"url\":\"https:\\\/\\\/direktno.info\\\/wp-content\\\/uploads\\\/2026\\\/08\\\/direktno_logo_white.png\",\"contentUrl\":\"https:\\\/\\\/direktno.info\\\/wp-content\\\/uploads\\\/2026\\\/08\\\/direktno_logo_white.png\",\"width\":1600,\"height\":340,\"caption\":\"Direktno\"},\"image\":{\"@id\":\"https:\\\/\\\/direktno.info\\\/#\\\/schema\\\/logo\\\/image\\\/\"},\"sameAs\":[\"https:\\\/\\\/www.facebook.com\\\/share\\\/1Jy4gXyc5u\\\/\"]},{\"@type\":\"Person\",\"@id\":\"https:\\\/\\\/direktno.info\\\/#\\\/schema\\\/person\\\/05fbdaecab81c27dec7cc131a9b37be1\",\"name\":\"novinar0603\",\"image\":{\"@type\":\"ImageObject\",\"inLanguage\":\"hr\",\"@id\":\"https:\\\/\\\/secure.gravatar.com\\\/avatar\\\/ede9d7f54b6164109c0b03742da40f108052ff362d7f85a6850f3cb67bd3d495?s=96&d=mm&r=g\",\"url\":\"https:\\\/\\\/secure.gravatar.com\\\/avatar\\\/ede9d7f54b6164109c0b03742da40f108052ff362d7f85a6850f3cb67bd3d495?s=96&d=mm&r=g\",\"contentUrl\":\"https:\\\/\\\/secure.gravatar.com\\\/avatar\\\/ede9d7f54b6164109c0b03742da40f108052ff362d7f85a6850f3cb67bd3d495?s=96&d=mm&r=g\",\"caption\":\"novinar0603\"},\"sameAs\":[\"http:\\\/\\\/direktno.info\"],\"url\":\"https:\\\/\\\/direktno.info\\\/index.php\\\/author\\\/novinar0603\\\/\"}]}<\/script>\n<!-- \/ Yoast SEO plugin. -->","yoast_head_json":{"title":"SIKTERU\u0160A ZA SALKI\u0106A! Fata Orlovi\u0107 o nagodbama koje je u njeno ime poku\u0161ao Ramiz Salki\u0107 (VIDEO) - Direktno","robots":{"index":"index","follow":"follow","max-snippet":"max-snippet:-1","max-image-preview":"max-image-preview:large","max-video-preview":"max-video-preview:-1"},"canonical":"https:\/\/direktno.info\/index.php\/2026\/08\/30\/sikterusa-za-salkica-fata-orlovic-o-nagodbama-koje-je-u-njeno-ime-pokusao-ramiz-salkic-video\/","og_locale":"hr_HR","og_type":"article","og_title":"SIKTERU\u0160A ZA SALKI\u0106A! Fata Orlovi\u0107 o nagodbama koje je u njeno ime poku\u0161ao Ramiz Salki\u0107 (VIDEO) - Direktno","og_description":"Aktuelni kandidat Stranke demokratske akcije (SDA) za predsjednika \/ potpredsjednika Republike Srpske iz reda bo\u0161nja\u010dkog naroda Ramiz Salki\u0107","og_url":"https:\/\/direktno.info\/index.php\/2026\/08\/30\/sikterusa-za-salkica-fata-orlovic-o-nagodbama-koje-je-u-njeno-ime-pokusao-ramiz-salkic-video\/","og_site_name":"Direktno","article_publisher":"https:\/\/www.facebook.com\/share\/1Jy4gXyc5u\/","article_published_time":"2026-08-30T21:36:48+00:00","article_modified_time":"2026-08-30T21:36:49+00:00","og_image":[{"width":800,"height":528,"url":"http:\/\/direktno.info\/wp-content\/uploads\/2026\/08\/1080c1147c31af85d1fad9127949892a-medium.webp","type":"image\/webp"}],"author":"novinar0603","twitter_card":"summary_large_image","twitter_misc":{"Napisao\/la":"novinar0603","Procijenjeno vrijeme \u010ditanja":"2 minute"},"schema":{"@context":"https:\/\/schema.org","@graph":[{"@type":"Article","@id":"https:\/\/direktno.info\/index.php\/2026\/08\/30\/sikterusa-za-salkica-fata-orlovic-o-nagodbama-koje-je-u-njeno-ime-pokusao-ramiz-salkic-video\/#article","isPartOf":{"@id":"https:\/\/direktno.info\/index.php\/2026\/08\/30\/sikterusa-za-salkica-fata-orlovic-o-nagodbama-koje-je-u-njeno-ime-pokusao-ramiz-salkic-video\/"},"author":{"name":"novinar0603","@id":"https:\/\/direktno.info\/#\/schema\/person\/05fbdaecab81c27dec7cc131a9b37be1"},"headline":"SIKTERU\u0160A ZA SALKI\u0106A! Fata Orlovi\u0107 o nagodbama koje je u njeno ime poku\u0161ao Ramiz Salki\u0107 (VIDEO)","datePublished":"2026-08-30T21:36:48+00:00","dateModified":"2026-08-30T21:36:49+00:00","mainEntityOfPage":{"@id":"https:\/\/direktno.info\/index.php\/2026\/08\/30\/sikterusa-za-salkica-fata-orlovic-o-nagodbama-koje-je-u-njeno-ime-pokusao-ramiz-salkic-video\/"},"wordCount":271,"commentCount":0,"publisher":{"@id":"https:\/\/direktno.info\/#organization"},"image":{"@id":"https:\/\/direktno.info\/index.php\/2026\/08\/30\/sikterusa-za-salkica-fata-orlovic-o-nagodbama-koje-je-u-njeno-ime-pokusao-ramiz-salkic-video\/#primaryimage"},"thumbnailUrl":"https:\/\/direktno.info\/wp-content\/uploads\/2026\/08\/1080c1147c31af85d1fad9127949892a-medium.webp","keywords":["Fata Orlovi\u0107","Konjevi\u0107 Polje","Ramiz salki\u0107","Sda"],"articleSection":["Gubitnik dana"],"inLanguage":"hr","potentialAction":[{"@type":"CommentAction","name":"Comment","target":["https:\/\/direktno.info\/index.php\/2026\/08\/30\/sikterusa-za-salkica-fata-orlovic-o-nagodbama-koje-je-u-njeno-ime-pokusao-ramiz-salkic-video\/#respond"]}]},{"@type":"WebPage","@id":"https:\/\/direktno.info\/index.php\/2026\/08\/30\/sikterusa-za-salkica-fata-orlovic-o-nagodbama-koje-je-u-njeno-ime-pokusao-ramiz-salkic-video\/","url":"https:\/\/direktno.info\/index.php\/2026\/08\/30\/sikterusa-za-salkica-fata-orlovic-o-nagodbama-koje-je-u-njeno-ime-pokusao-ramiz-salkic-video\/","name":"SIKTERU\u0160A ZA SALKI\u0106A! Fata Orlovi\u0107 o nagodbama koje je u njeno ime poku\u0161ao Ramiz Salki\u0107 (VIDEO) - Direktno","isPartOf":{"@id":"https:\/\/direktno.info\/#website"},"primaryImageOfPage":{"@id":"https:\/\/direktno.info\/index.php\/2026\/08\/30\/sikterusa-za-salkica-fata-orlovic-o-nagodbama-koje-je-u-njeno-ime-pokusao-ramiz-salkic-video\/#primaryimage"},"image":{"@id":"https:\/\/direktno.info\/index.php\/2026\/08\/30\/sikterusa-za-salkica-fata-orlovic-o-nagodbama-koje-je-u-njeno-ime-pokusao-ramiz-salkic-video\/#primaryimage"},"thumbnailUrl":"https:\/\/direktno.info\/wp-content\/uploads\/2026\/08\/1080c1147c31af85d1fad9127949892a-medium.webp","datePublished":"2026-08-30T21:36:48+00:00","dateModified":"2026-08-30T21:36:49+00:00","breadcrumb":{"@id":"https:\/\/direktno.info\/index.php\/2026\/08\/30\/sikterusa-za-salkica-fata-orlovic-o-nagodbama-koje-je-u-njeno-ime-pokusao-ramiz-salkic-video\/#breadcrumb"},"inLanguage":"hr","potentialAction":[{"@type":"ReadAction","target":["https:\/\/direktno.info\/index.php\/2026\/08\/30\/sikterusa-za-salkica-fata-orlovic-o-nagodbama-koje-je-u-njeno-ime-pokusao-ramiz-salkic-video\/"]}]},{"@type":"ImageObject","inLanguage":"hr","@id":"https:\/\/direktno.info\/index.php\/2026\/08\/30\/sikterusa-za-salkica-fata-orlovic-o-nagodbama-koje-je-u-njeno-ime-pokusao-ramiz-salkic-video\/#primaryimage","url":"https:\/\/direktno.info\/wp-content\/uploads\/2026\/08\/1080c1147c31af85d1fad9127949892a-medium.webp","contentUrl":"https:\/\/direktno.info\/wp-content\/uploads\/2026\/08\/1080c1147c31af85d1fad9127949892a-medium.webp","width":800,"height":528},{"@type":"BreadcrumbList","@id":"https:\/\/direktno.info\/index.php\/2026\/08\/30\/sikterusa-za-salkica-fata-orlovic-o-nagodbama-koje-je-u-njeno-ime-pokusao-ramiz-salkic-video\/#breadcrumb","itemListElement":[{"@type":"ListItem","position":1,"name":"Po\u010detna stranica","item":"https:\/\/direktno.info\/"},{"@type":"ListItem","position":2,"name":"SIKTERU\u0160A ZA SALKI\u0106A! Fata Orlovi\u0107 o nagodbama koje je u njeno ime poku\u0161ao Ramiz Salki\u0107 (VIDEO)"}]},{"@type":"WebSite","@id":"https:\/\/direktno.info\/#website","url":"https:\/\/direktno.info\/","name":"Direktno","description":"","publisher":{"@id":"https:\/\/direktno.info\/#organization"},"potentialAction":[{"@type":"SearchAction","target":{"@type":"EntryPoint","urlTemplate":"https:\/\/direktno.info\/?s={search_term_string}"},"query-input":{"@type":"PropertyValueSpecification","valueRequired":true,"valueName":"search_term_string"}}],"inLanguage":"hr"},{"@type":"Organization","@id":"https:\/\/direktno.info\/#organization","name":"Direktno","url":"https:\/\/direktno.info\/","logo":{"@type":"ImageObject","inLanguage":"hr","@id":"https:\/\/direktno.info\/#\/schema\/logo\/image\/","url":"https:\/\/direktno.info\/wp-content\/uploads\/2026\/08\/direktno_logo_white.png","contentUrl":"https:\/\/direktno.info\/wp-content\/uploads\/2026\/08\/direktno_logo_white.png","width":1600,"height":340,"caption":"Direktno"},"image":{"@id":"https:\/\/direktno.info\/#\/schema\/logo\/image\/"},"sameAs":["https:\/\/www.facebook.com\/share\/1Jy4gXyc5u\/"]},{"@type":"Person","@id":"https:\/\/direktno.info\/#\/schema\/person\/05fbdaecab81c27dec7cc131a9b37be1","name":"novinar0603","image":{"@type":"ImageObject","inLanguage":"hr","@id":"https:\/\/secure.gravatar.com\/avatar\/ede9d7f54b6164109c0b03742da40f108052ff362d7f85a6850f3cb67bd3d495?s=96&d=mm&r=g","url":"https:\/\/secure.gravatar.com\/avatar\/ede9d7f54b6164109c0b03742da40f108052ff362d7f85a6850f3cb67bd3d495?s=96&d=mm&r=g","contentUrl":"https:\/\/secure.gravatar.com\/avatar\/ede9d7f54b6164109c0b03742da40f108052ff362d7f85a6850f3cb67bd3d495?s=96&d=mm&r=g","caption":"novinar0603"},"sameAs":["http:\/\/direktno.info"],"url":"https:\/\/direktno.info\/index.php\/author\/novinar0603\/"}]}},"_links":{"self":[{"href":"https:\/\/direktno.info\/index.php\/wp-json\/wp\/v2\/posts\/1489","targetHints":{"allow":["GET"]}}],"collection":[{"href":"https:\/\/direktno.info\/index.php\/wp-json\/wp\/v2\/posts"}],"about":[{"href":"https:\/\/direktno.info\/index.php\/wp-json\/wp\/v2\/types\/post"}],"author":[{"embeddable":true,"href":"https:\/\/direktno.info\/index.php\/wp-json\/wp\/v2\/users\/1"}],"replies":[{"embeddable":true,"href":"https:\/\/direktno.info\/index.php\/wp-json\/wp\/v2\/comments?post=1489"}],"version-history":[{"count":1,"href":"https:\/\/direktno.info\/index.php\/wp-json\/wp\/v2\/posts\/1489\/revisions"}],"predecessor-version":[{"id":1492,"href":"https:\/\/direktno.info\/index.php\/wp-json\/wp\/v2\/posts\/1489\/revisions\/1492"}],"wp:featuredmedia":[{"embeddable":true,"href":"https:\/\/direktno.info\/index.php\/wp-json\/wp\/v2\/media\/1491"}],"wp:attachment":[{"href":"https:\/\/direktno.info\/index.php\/wp-json\/wp\/v2\/media?parent=1489"}],"wp:term":[{"taxonomy":"category","embeddable":true,"href":"https:\/\/direktno.info\/index.php\/wp-json\/wp\/v2\/categories?post=1489"},{"taxonomy":"post_tag","embeddable":true,"href":"https:\/\/direktno.info\/index.php\/wp-json\/wp\/v2\/tags?post=1489"}],"curies":[{"name":"wp","href":"https:\/\/api.w.org\/{rel}","templated":true}]}}