{"id":1486,"date":"2026-08-30T21:31:55","date_gmt":"2026-08-30T21:31:55","guid":{"rendered":"https:\/\/direktno.info\/?p=1486"},"modified":"2026-08-30T21:31:56","modified_gmt":"2026-08-30T21:31:56","slug":"nesic-dajic-trivic-stevandic-ko-je-sebi-osigurao-mandat-na-osnovu-kompenzacije","status":"publish","type":"post","link":"https:\/\/direktno.info\/index.php\/2026\/08\/30\/nesic-dajic-trivic-stevandic-ko-je-sebi-osigurao-mandat-na-osnovu-kompenzacije\/","title":{"rendered":"NE\u0160I\u0106, \u0110AJI\u0106, TRIVI\u0106, STEVANDI\u0106&#8230; Ko je sebi osigurao mandat na osnovu kompenzacije?"},"content":{"rendered":"\n<p class=\"wp-block-paragraph\"><strong>Na kompenzacionim listama za op\u0161te izbore 2024. godine nalaze se dobro poznata imena iz najja\u010dih partija u Republici Srpskoj.<\/strong><\/p>\n\n\n\n<p class=\"wp-block-paragraph\"><\/p>\n\n\n\n<p class=\"wp-block-paragraph\">Sr\u0111an Mazalica, trenutni \u0161ef kluba poslanika SNSD-a u Narodnoj skup\u0161tini Republike Srpske, nosilac je kompenzacije iz izborne jedinice 3. <\/p>\n\n\n\n<p class=\"wp-block-paragraph\">Vlado \u0110aji\u0107, predsednik stranke Volja naroda, tako\u0111e nosi kompenzaciju svoje politi\u010dke partije, a k\u0107erka biv\u0161eg predsednika Radovana Karad\u017ei\u0107a, Sonja Jovi\u0107evi\u0107 Karad\u017ei\u0107, nosi kompenzaciju SDS-a.<\/p>\n\n\n\n<p class=\"wp-block-paragraph\">\u200bZaga Grahovac, dosada\u0161nji poslanik Pokreta za pravdu i red Neboj\u0161e Vukanovi\u0107a, tako\u0111e je nosilac kompenzacione liste.\u200bNeke politi\u010dke partije odlu\u010dile su da na vrh kompenzacije, koji fakti\u010dki garantuje ulazak u Narodnu skup\u0161tinu, stave predsednike svojih stranaka.\u200b<\/p>\n\n\n\n<p class=\"wp-block-paragraph\">Tako Narodni front predvodi na kompenzaciji <strong>Jelena Trivi\u0107<\/strong>, Ujedinjenu Srpsku doktor <strong>Nenad Stevandi\u0107<\/strong>, Volju naroda doktor <strong>Vlado \u0110aji\u0107<\/strong>, a Socijalisti\u010dku partiju Srpske <strong>Goran Selak<\/strong>, aktuelni ministar pravde.\u200b<\/p>\n\n\n\n<p class=\"wp-block-paragraph\">Koalicionu listu SP, NDP i DEMOS nosi <strong>Nedeljko \u010cubrilovi\u0107<\/strong>.\u200bU Parlamentarnoj skup\u0161tini Bosne i Hercegovine mogli bismo da gledamo ista imena koja smo gledali do sada jer je na listi SNSD-a <strong>Sanja Vuli\u0107, Bojan Koji\u0107, Milan Petkovi\u0107<\/strong> predvodi listu Ujedinjene Srpske, a novoosnovanu politi\u010dku partiju Volja naroda dr Vlado \u0110aji\u0107 \u2013 profesor doktor <strong>Vitomir<\/strong> <strong>Popovi\u0107<\/strong>.\u200b<\/p>\n\n\n\n<p class=\"wp-block-paragraph\"><strong>Igor Radoji\u010di\u0107<\/strong>, biv\u0161i gradona\u010delnik Banjaluke, a sada &#8220;podrepak&#8221; Pokreta Sigurna Srpska <strong>Dra\u0161ka Stanivukovi\u0107a<\/strong>, nosilac je kompenzacije tako\u0111e za Parlament Bosne i Hercegovine, a na \u010delu kompenzacione liste DNS-a je predsednik ove politi\u010dke partije <strong>Nenad Ne\u0161i\u0107<\/strong>.<\/p>\n\n\n\n<p class=\"wp-block-paragraph\"><\/p>\n","protected":false},"excerpt":{"rendered":"<p>Na kompenzacionim listama za op\u0161te izbore 2024. godine nalaze se dobro poznata imena iz najja\u010dih partija u Republici<\/p>\n","protected":false},"author":1,"featured_media":1487,"comment_status":"open","ping_status":"open","sticky":false,"template":"","format":"standard","meta":{"footnotes":""},"categories":[28],"tags":[49,50,44,48,47,46,45],"class_list":["post-1486","post","type-post","status-publish","format-standard","has-post-thumbnail","hentry","category-politika","tag-drasko-stanivukovic","tag-igor-radojicic","tag-jelena-trivic","tag-nedeljko-cubrilovic","tag-nenad-nesic","tag-nenad-stevandic","tag-vlado-dajic"],"yoast_head":"<!-- This site is optimized with the Yoast SEO plugin v28.3 - https:\/\/yoast.com\/product\/yoast-seo-wordpress\/ -->\n<title>NE\u0160I\u0106, \u0110AJI\u0106, TRIVI\u0106, STEVANDI\u0106... Ko je sebi osigurao mandat na osnovu kompenzacije? - Direktno<\/title>\n<meta name=\"robots\" content=\"index, follow, max-snippet:-1, max-image-preview:large, max-video-preview:-1\" \/>\n<link rel=\"canonical\" href=\"https:\/\/direktno.info\/index.php\/2026\/08\/30\/nesic-dajic-trivic-stevandic-ko-je-sebi-osigurao-mandat-na-osnovu-kompenzacije\/\" \/>\n<meta property=\"og:locale\" content=\"hr_HR\" \/>\n<meta property=\"og:type\" content=\"article\" \/>\n<meta property=\"og:title\" content=\"NE\u0160I\u0106, \u0110AJI\u0106, TRIVI\u0106, STEVANDI\u0106... Ko je sebi osigurao mandat na osnovu kompenzacije? - Direktno\" \/>\n<meta property=\"og:description\" content=\"Na kompenzacionim listama za op\u0161te izbore 2024. godine nalaze se dobro poznata imena iz najja\u010dih partija u Republici\" \/>\n<meta property=\"og:url\" content=\"https:\/\/direktno.info\/index.php\/2026\/08\/30\/nesic-dajic-trivic-stevandic-ko-je-sebi-osigurao-mandat-na-osnovu-kompenzacije\/\" \/>\n<meta property=\"og:site_name\" content=\"Direktno\" \/>\n<meta property=\"article:publisher\" content=\"https:\/\/www.facebook.com\/share\/1Jy4gXyc5u\/\" \/>\n<meta property=\"article:published_time\" content=\"2026-08-30T21:31:55+00:00\" \/>\n<meta property=\"article:modified_time\" content=\"2026-08-30T21:31:56+00:00\" \/>\n<meta property=\"og:image\" content=\"http:\/\/direktno.info\/wp-content\/uploads\/2026\/08\/20231024_1.jpg\" \/>\n\t<meta property=\"og:image:width\" content=\"800\" \/>\n\t<meta property=\"og:image:height\" content=\"500\" \/>\n\t<meta property=\"og:image:type\" content=\"image\/jpeg\" \/>\n<meta name=\"author\" content=\"novinar0603\" \/>\n<meta name=\"twitter:card\" content=\"summary_large_image\" \/>\n<meta name=\"twitter:label1\" content=\"Napisao\/la\" \/>\n\t<meta name=\"twitter:data1\" content=\"novinar0603\" \/>\n\t<meta name=\"twitter:label2\" content=\"Procijenjeno vrijeme \u010ditanja\" \/>\n\t<meta name=\"twitter:data2\" content=\"2 minute\" \/>\n<script type=\"application\/ld+json\" class=\"yoast-schema-graph\">{\"@context\":\"https:\\\/\\\/schema.org\",\"@graph\":[{\"@type\":\"Article\",\"@id\":\"https:\\\/\\\/direktno.info\\\/index.php\\\/2026\\\/08\\\/30\\\/nesic-dajic-trivic-stevandic-ko-je-sebi-osigurao-mandat-na-osnovu-kompenzacije\\\/#article\",\"isPartOf\":{\"@id\":\"https:\\\/\\\/direktno.info\\\/index.php\\\/2026\\\/08\\\/30\\\/nesic-dajic-trivic-stevandic-ko-je-sebi-osigurao-mandat-na-osnovu-kompenzacije\\\/\"},\"author\":{\"name\":\"novinar0603\",\"@id\":\"https:\\\/\\\/direktno.info\\\/#\\\/schema\\\/person\\\/05fbdaecab81c27dec7cc131a9b37be1\"},\"headline\":\"NE\u0160I\u0106, \u0110AJI\u0106, TRIVI\u0106, STEVANDI\u0106&#8230; Ko je sebi osigurao mandat na osnovu kompenzacije?\",\"datePublished\":\"2026-08-30T21:31:55+00:00\",\"dateModified\":\"2026-08-30T21:31:56+00:00\",\"mainEntityOfPage\":{\"@id\":\"https:\\\/\\\/direktno.info\\\/index.php\\\/2026\\\/08\\\/30\\\/nesic-dajic-trivic-stevandic-ko-je-sebi-osigurao-mandat-na-osnovu-kompenzacije\\\/\"},\"wordCount\":256,\"commentCount\":0,\"publisher\":{\"@id\":\"https:\\\/\\\/direktno.info\\\/#organization\"},\"image\":{\"@id\":\"https:\\\/\\\/direktno.info\\\/index.php\\\/2026\\\/08\\\/30\\\/nesic-dajic-trivic-stevandic-ko-je-sebi-osigurao-mandat-na-osnovu-kompenzacije\\\/#primaryimage\"},\"thumbnailUrl\":\"https:\\\/\\\/direktno.info\\\/wp-content\\\/uploads\\\/2026\\\/08\\\/20231024_1.jpg\",\"keywords\":[\"Dra\u0161ko Stanivukovi\u0107\",\"Igor Radoji\u010di\u0107\",\"Jelena Trivi\u0107\",\"Nedeljko \u010cubrilovi\u0107\",\"Nenad Ne\u0161i\u0107\",\"Nenad stevandi\u0107\",\"Vlado \u0111aji\u0107\"],\"articleSection\":[\"Politika\"],\"inLanguage\":\"hr\",\"potentialAction\":[{\"@type\":\"CommentAction\",\"name\":\"Comment\",\"target\":[\"https:\\\/\\\/direktno.info\\\/index.php\\\/2026\\\/08\\\/30\\\/nesic-dajic-trivic-stevandic-ko-je-sebi-osigurao-mandat-na-osnovu-kompenzacije\\\/#respond\"]}]},{\"@type\":\"WebPage\",\"@id\":\"https:\\\/\\\/direktno.info\\\/index.php\\\/2026\\\/08\\\/30\\\/nesic-dajic-trivic-stevandic-ko-je-sebi-osigurao-mandat-na-osnovu-kompenzacije\\\/\",\"url\":\"https:\\\/\\\/direktno.info\\\/index.php\\\/2026\\\/08\\\/30\\\/nesic-dajic-trivic-stevandic-ko-je-sebi-osigurao-mandat-na-osnovu-kompenzacije\\\/\",\"name\":\"NE\u0160I\u0106, \u0110AJI\u0106, TRIVI\u0106, STEVANDI\u0106... Ko je sebi osigurao mandat na osnovu kompenzacije? - Direktno\",\"isPartOf\":{\"@id\":\"https:\\\/\\\/direktno.info\\\/#website\"},\"primaryImageOfPage\":{\"@id\":\"https:\\\/\\\/direktno.info\\\/index.php\\\/2026\\\/08\\\/30\\\/nesic-dajic-trivic-stevandic-ko-je-sebi-osigurao-mandat-na-osnovu-kompenzacije\\\/#primaryimage\"},\"image\":{\"@id\":\"https:\\\/\\\/direktno.info\\\/index.php\\\/2026\\\/08\\\/30\\\/nesic-dajic-trivic-stevandic-ko-je-sebi-osigurao-mandat-na-osnovu-kompenzacije\\\/#primaryimage\"},\"thumbnailUrl\":\"https:\\\/\\\/direktno.info\\\/wp-content\\\/uploads\\\/2026\\\/08\\\/20231024_1.jpg\",\"datePublished\":\"2026-08-30T21:31:55+00:00\",\"dateModified\":\"2026-08-30T21:31:56+00:00\",\"breadcrumb\":{\"@id\":\"https:\\\/\\\/direktno.info\\\/index.php\\\/2026\\\/08\\\/30\\\/nesic-dajic-trivic-stevandic-ko-je-sebi-osigurao-mandat-na-osnovu-kompenzacije\\\/#breadcrumb\"},\"inLanguage\":\"hr\",\"potentialAction\":[{\"@type\":\"ReadAction\",\"target\":[\"https:\\\/\\\/direktno.info\\\/index.php\\\/2026\\\/08\\\/30\\\/nesic-dajic-trivic-stevandic-ko-je-sebi-osigurao-mandat-na-osnovu-kompenzacije\\\/\"]}]},{\"@type\":\"ImageObject\",\"inLanguage\":\"hr\",\"@id\":\"https:\\\/\\\/direktno.info\\\/index.php\\\/2026\\\/08\\\/30\\\/nesic-dajic-trivic-stevandic-ko-je-sebi-osigurao-mandat-na-osnovu-kompenzacije\\\/#primaryimage\",\"url\":\"https:\\\/\\\/direktno.info\\\/wp-content\\\/uploads\\\/2026\\\/08\\\/20231024_1.jpg\",\"contentUrl\":\"https:\\\/\\\/direktno.info\\\/wp-content\\\/uploads\\\/2026\\\/08\\\/20231024_1.jpg\",\"width\":800,\"height\":500},{\"@type\":\"BreadcrumbList\",\"@id\":\"https:\\\/\\\/direktno.info\\\/index.php\\\/2026\\\/08\\\/30\\\/nesic-dajic-trivic-stevandic-ko-je-sebi-osigurao-mandat-na-osnovu-kompenzacije\\\/#breadcrumb\",\"itemListElement\":[{\"@type\":\"ListItem\",\"position\":1,\"name\":\"Po\u010detna stranica\",\"item\":\"https:\\\/\\\/direktno.info\\\/\"},{\"@type\":\"ListItem\",\"position\":2,\"name\":\"NE\u0160I\u0106, \u0110AJI\u0106, TRIVI\u0106, STEVANDI\u0106&#8230; Ko je sebi osigurao mandat na osnovu kompenzacije?\"}]},{\"@type\":\"WebSite\",\"@id\":\"https:\\\/\\\/direktno.info\\\/#website\",\"url\":\"https:\\\/\\\/direktno.info\\\/\",\"name\":\"Direktno\",\"description\":\"\",\"publisher\":{\"@id\":\"https:\\\/\\\/direktno.info\\\/#organization\"},\"potentialAction\":[{\"@type\":\"SearchAction\",\"target\":{\"@type\":\"EntryPoint\",\"urlTemplate\":\"https:\\\/\\\/direktno.info\\\/?s={search_term_string}\"},\"query-input\":{\"@type\":\"PropertyValueSpecification\",\"valueRequired\":true,\"valueName\":\"search_term_string\"}}],\"inLanguage\":\"hr\"},{\"@type\":\"Organization\",\"@id\":\"https:\\\/\\\/direktno.info\\\/#organization\",\"name\":\"Direktno\",\"url\":\"https:\\\/\\\/direktno.info\\\/\",\"logo\":{\"@type\":\"ImageObject\",\"inLanguage\":\"hr\",\"@id\":\"https:\\\/\\\/direktno.info\\\/#\\\/schema\\\/logo\\\/image\\\/\",\"url\":\"https:\\\/\\\/direktno.info\\\/wp-content\\\/uploads\\\/2026\\\/08\\\/direktno_logo_white.png\",\"contentUrl\":\"https:\\\/\\\/direktno.info\\\/wp-content\\\/uploads\\\/2026\\\/08\\\/direktno_logo_white.png\",\"width\":1600,\"height\":340,\"caption\":\"Direktno\"},\"image\":{\"@id\":\"https:\\\/\\\/direktno.info\\\/#\\\/schema\\\/logo\\\/image\\\/\"},\"sameAs\":[\"https:\\\/\\\/www.facebook.com\\\/share\\\/1Jy4gXyc5u\\\/\"]},{\"@type\":\"Person\",\"@id\":\"https:\\\/\\\/direktno.info\\\/#\\\/schema\\\/person\\\/05fbdaecab81c27dec7cc131a9b37be1\",\"name\":\"novinar0603\",\"image\":{\"@type\":\"ImageObject\",\"inLanguage\":\"hr\",\"@id\":\"https:\\\/\\\/secure.gravatar.com\\\/avatar\\\/ede9d7f54b6164109c0b03742da40f108052ff362d7f85a6850f3cb67bd3d495?s=96&d=mm&r=g\",\"url\":\"https:\\\/\\\/secure.gravatar.com\\\/avatar\\\/ede9d7f54b6164109c0b03742da40f108052ff362d7f85a6850f3cb67bd3d495?s=96&d=mm&r=g\",\"contentUrl\":\"https:\\\/\\\/secure.gravatar.com\\\/avatar\\\/ede9d7f54b6164109c0b03742da40f108052ff362d7f85a6850f3cb67bd3d495?s=96&d=mm&r=g\",\"caption\":\"novinar0603\"},\"sameAs\":[\"http:\\\/\\\/direktno.info\"],\"url\":\"https:\\\/\\\/direktno.info\\\/index.php\\\/author\\\/novinar0603\\\/\"}]}<\/script>\n<!-- \/ Yoast SEO plugin. -->","yoast_head_json":{"title":"NE\u0160I\u0106, \u0110AJI\u0106, TRIVI\u0106, STEVANDI\u0106... Ko je sebi osigurao mandat na osnovu kompenzacije? - Direktno","robots":{"index":"index","follow":"follow","max-snippet":"max-snippet:-1","max-image-preview":"max-image-preview:large","max-video-preview":"max-video-preview:-1"},"canonical":"https:\/\/direktno.info\/index.php\/2026\/08\/30\/nesic-dajic-trivic-stevandic-ko-je-sebi-osigurao-mandat-na-osnovu-kompenzacije\/","og_locale":"hr_HR","og_type":"article","og_title":"NE\u0160I\u0106, \u0110AJI\u0106, TRIVI\u0106, STEVANDI\u0106... Ko je sebi osigurao mandat na osnovu kompenzacije? - Direktno","og_description":"Na kompenzacionim listama za op\u0161te izbore 2024. godine nalaze se dobro poznata imena iz najja\u010dih partija u Republici","og_url":"https:\/\/direktno.info\/index.php\/2026\/08\/30\/nesic-dajic-trivic-stevandic-ko-je-sebi-osigurao-mandat-na-osnovu-kompenzacije\/","og_site_name":"Direktno","article_publisher":"https:\/\/www.facebook.com\/share\/1Jy4gXyc5u\/","article_published_time":"2026-08-30T21:31:55+00:00","article_modified_time":"2026-08-30T21:31:56+00:00","og_image":[{"width":800,"height":500,"url":"http:\/\/direktno.info\/wp-content\/uploads\/2026\/08\/20231024_1.jpg","type":"image\/jpeg"}],"author":"novinar0603","twitter_card":"summary_large_image","twitter_misc":{"Napisao\/la":"novinar0603","Procijenjeno vrijeme \u010ditanja":"2 minute"},"schema":{"@context":"https:\/\/schema.org","@graph":[{"@type":"Article","@id":"https:\/\/direktno.info\/index.php\/2026\/08\/30\/nesic-dajic-trivic-stevandic-ko-je-sebi-osigurao-mandat-na-osnovu-kompenzacije\/#article","isPartOf":{"@id":"https:\/\/direktno.info\/index.php\/2026\/08\/30\/nesic-dajic-trivic-stevandic-ko-je-sebi-osigurao-mandat-na-osnovu-kompenzacije\/"},"author":{"name":"novinar0603","@id":"https:\/\/direktno.info\/#\/schema\/person\/05fbdaecab81c27dec7cc131a9b37be1"},"headline":"NE\u0160I\u0106, \u0110AJI\u0106, TRIVI\u0106, STEVANDI\u0106&#8230; Ko je sebi osigurao mandat na osnovu kompenzacije?","datePublished":"2026-08-30T21:31:55+00:00","dateModified":"2026-08-30T21:31:56+00:00","mainEntityOfPage":{"@id":"https:\/\/direktno.info\/index.php\/2026\/08\/30\/nesic-dajic-trivic-stevandic-ko-je-sebi-osigurao-mandat-na-osnovu-kompenzacije\/"},"wordCount":256,"commentCount":0,"publisher":{"@id":"https:\/\/direktno.info\/#organization"},"image":{"@id":"https:\/\/direktno.info\/index.php\/2026\/08\/30\/nesic-dajic-trivic-stevandic-ko-je-sebi-osigurao-mandat-na-osnovu-kompenzacije\/#primaryimage"},"thumbnailUrl":"https:\/\/direktno.info\/wp-content\/uploads\/2026\/08\/20231024_1.jpg","keywords":["Dra\u0161ko Stanivukovi\u0107","Igor Radoji\u010di\u0107","Jelena Trivi\u0107","Nedeljko \u010cubrilovi\u0107","Nenad Ne\u0161i\u0107","Nenad stevandi\u0107","Vlado \u0111aji\u0107"],"articleSection":["Politika"],"inLanguage":"hr","potentialAction":[{"@type":"CommentAction","name":"Comment","target":["https:\/\/direktno.info\/index.php\/2026\/08\/30\/nesic-dajic-trivic-stevandic-ko-je-sebi-osigurao-mandat-na-osnovu-kompenzacije\/#respond"]}]},{"@type":"WebPage","@id":"https:\/\/direktno.info\/index.php\/2026\/08\/30\/nesic-dajic-trivic-stevandic-ko-je-sebi-osigurao-mandat-na-osnovu-kompenzacije\/","url":"https:\/\/direktno.info\/index.php\/2026\/08\/30\/nesic-dajic-trivic-stevandic-ko-je-sebi-osigurao-mandat-na-osnovu-kompenzacije\/","name":"NE\u0160I\u0106, \u0110AJI\u0106, TRIVI\u0106, STEVANDI\u0106... Ko je sebi osigurao mandat na osnovu kompenzacije? - Direktno","isPartOf":{"@id":"https:\/\/direktno.info\/#website"},"primaryImageOfPage":{"@id":"https:\/\/direktno.info\/index.php\/2026\/08\/30\/nesic-dajic-trivic-stevandic-ko-je-sebi-osigurao-mandat-na-osnovu-kompenzacije\/#primaryimage"},"image":{"@id":"https:\/\/direktno.info\/index.php\/2026\/08\/30\/nesic-dajic-trivic-stevandic-ko-je-sebi-osigurao-mandat-na-osnovu-kompenzacije\/#primaryimage"},"thumbnailUrl":"https:\/\/direktno.info\/wp-content\/uploads\/2026\/08\/20231024_1.jpg","datePublished":"2026-08-30T21:31:55+00:00","dateModified":"2026-08-30T21:31:56+00:00","breadcrumb":{"@id":"https:\/\/direktno.info\/index.php\/2026\/08\/30\/nesic-dajic-trivic-stevandic-ko-je-sebi-osigurao-mandat-na-osnovu-kompenzacije\/#breadcrumb"},"inLanguage":"hr","potentialAction":[{"@type":"ReadAction","target":["https:\/\/direktno.info\/index.php\/2026\/08\/30\/nesic-dajic-trivic-stevandic-ko-je-sebi-osigurao-mandat-na-osnovu-kompenzacije\/"]}]},{"@type":"ImageObject","inLanguage":"hr","@id":"https:\/\/direktno.info\/index.php\/2026\/08\/30\/nesic-dajic-trivic-stevandic-ko-je-sebi-osigurao-mandat-na-osnovu-kompenzacije\/#primaryimage","url":"https:\/\/direktno.info\/wp-content\/uploads\/2026\/08\/20231024_1.jpg","contentUrl":"https:\/\/direktno.info\/wp-content\/uploads\/2026\/08\/20231024_1.jpg","width":800,"height":500},{"@type":"BreadcrumbList","@id":"https:\/\/direktno.info\/index.php\/2026\/08\/30\/nesic-dajic-trivic-stevandic-ko-je-sebi-osigurao-mandat-na-osnovu-kompenzacije\/#breadcrumb","itemListElement":[{"@type":"ListItem","position":1,"name":"Po\u010detna stranica","item":"https:\/\/direktno.info\/"},{"@type":"ListItem","position":2,"name":"NE\u0160I\u0106, \u0110AJI\u0106, TRIVI\u0106, STEVANDI\u0106&#8230; Ko je sebi osigurao mandat na osnovu kompenzacije?"}]},{"@type":"WebSite","@id":"https:\/\/direktno.info\/#website","url":"https:\/\/direktno.info\/","name":"Direktno","description":"","publisher":{"@id":"https:\/\/direktno.info\/#organization"},"potentialAction":[{"@type":"SearchAction","target":{"@type":"EntryPoint","urlTemplate":"https:\/\/direktno.info\/?s={search_term_string}"},"query-input":{"@type":"PropertyValueSpecification","valueRequired":true,"valueName":"search_term_string"}}],"inLanguage":"hr"},{"@type":"Organization","@id":"https:\/\/direktno.info\/#organization","name":"Direktno","url":"https:\/\/direktno.info\/","logo":{"@type":"ImageObject","inLanguage":"hr","@id":"https:\/\/direktno.info\/#\/schema\/logo\/image\/","url":"https:\/\/direktno.info\/wp-content\/uploads\/2026\/08\/direktno_logo_white.png","contentUrl":"https:\/\/direktno.info\/wp-content\/uploads\/2026\/08\/direktno_logo_white.png","width":1600,"height":340,"caption":"Direktno"},"image":{"@id":"https:\/\/direktno.info\/#\/schema\/logo\/image\/"},"sameAs":["https:\/\/www.facebook.com\/share\/1Jy4gXyc5u\/"]},{"@type":"Person","@id":"https:\/\/direktno.info\/#\/schema\/person\/05fbdaecab81c27dec7cc131a9b37be1","name":"novinar0603","image":{"@type":"ImageObject","inLanguage":"hr","@id":"https:\/\/secure.gravatar.com\/avatar\/ede9d7f54b6164109c0b03742da40f108052ff362d7f85a6850f3cb67bd3d495?s=96&d=mm&r=g","url":"https:\/\/secure.gravatar.com\/avatar\/ede9d7f54b6164109c0b03742da40f108052ff362d7f85a6850f3cb67bd3d495?s=96&d=mm&r=g","contentUrl":"https:\/\/secure.gravatar.com\/avatar\/ede9d7f54b6164109c0b03742da40f108052ff362d7f85a6850f3cb67bd3d495?s=96&d=mm&r=g","caption":"novinar0603"},"sameAs":["http:\/\/direktno.info"],"url":"https:\/\/direktno.info\/index.php\/author\/novinar0603\/"}]}},"_links":{"self":[{"href":"https:\/\/direktno.info\/index.php\/wp-json\/wp\/v2\/posts\/1486","targetHints":{"allow":["GET"]}}],"collection":[{"href":"https:\/\/direktno.info\/index.php\/wp-json\/wp\/v2\/posts"}],"about":[{"href":"https:\/\/direktno.info\/index.php\/wp-json\/wp\/v2\/types\/post"}],"author":[{"embeddable":true,"href":"https:\/\/direktno.info\/index.php\/wp-json\/wp\/v2\/users\/1"}],"replies":[{"embeddable":true,"href":"https:\/\/direktno.info\/index.php\/wp-json\/wp\/v2\/comments?post=1486"}],"version-history":[{"count":1,"href":"https:\/\/direktno.info\/index.php\/wp-json\/wp\/v2\/posts\/1486\/revisions"}],"predecessor-version":[{"id":1488,"href":"https:\/\/direktno.info\/index.php\/wp-json\/wp\/v2\/posts\/1486\/revisions\/1488"}],"wp:featuredmedia":[{"embeddable":true,"href":"https:\/\/direktno.info\/index.php\/wp-json\/wp\/v2\/media\/1487"}],"wp:attachment":[{"href":"https:\/\/direktno.info\/index.php\/wp-json\/wp\/v2\/media?parent=1486"}],"wp:term":[{"taxonomy":"category","embeddable":true,"href":"https:\/\/direktno.info\/index.php\/wp-json\/wp\/v2\/categories?post=1486"},{"taxonomy":"post_tag","embeddable":true,"href":"https:\/\/direktno.info\/index.php\/wp-json\/wp\/v2\/tags?post=1486"}],"curies":[{"name":"wp","href":"https:\/\/api.w.org\/{rel}","templated":true}]}}