{"id":1482,"date":"2026-08-30T21:23:46","date_gmt":"2026-08-30T21:23:46","guid":{"rendered":"https:\/\/direktno.info\/?p=1482"},"modified":"2026-08-30T21:23:47","modified_gmt":"2026-08-30T21:23:47","slug":"12-kandidata-za-predsjednika-srpske-od-begica-do-minica","status":"publish","type":"post","link":"https:\/\/direktno.info\/index.php\/2026\/08\/30\/12-kandidata-za-predsjednika-srpske-od-begica-do-minica\/","title":{"rendered":"12 KANDIDATA ZA PREDSJEDNIKA SRPSKE : Od Begi\u0107a do Mini\u0107a"},"content":{"rendered":"\n<p class=\"wp-block-paragraph\">Od Begi\u0107a do Save Mini\u0107a. <\/p>\n\n\n\n<p class=\"wp-block-paragraph\">Eto tako bi se ukratko mogla opisati lista kandidata za predsjednika Republike Srpske na izborima zakazanim za 4. oktobar ove godine.Osim Save Mini\u0107a koji je kandidat SNSD-a, Branka Blanu\u0161e kandidata SDS-a, \u0106amila Durakovi\u0107a koji je nezavisni kandidat, Ramiza Salki\u0107a iz Stranke demokratske akcije i Ivana Begi\u0107a iz SDP-a, ostala imena su manje-vi\u0161e totalno nepoznata iako su godinama u politici.<\/p>\n\n\n\n<figure class=\"wp-block-image size-full\"><img loading=\"lazy\" decoding=\"async\" width=\"800\" height=\"558\" src=\"https:\/\/direktno.info\/wp-content\/uploads\/2026\/08\/69263.webp\" alt=\"\" class=\"wp-image-1483\" srcset=\"https:\/\/direktno.info\/wp-content\/uploads\/2026\/08\/69263.webp 800w, https:\/\/direktno.info\/wp-content\/uploads\/2026\/08\/69263-300x209.webp 300w, https:\/\/direktno.info\/wp-content\/uploads\/2026\/08\/69263-767x535.webp 767w\" sizes=\"auto, (max-width: 800px) 100vw, 800px\" \/><\/figure>\n\n\n\n<p class=\"wp-block-paragraph\">Na listi se nalaze i Bogdan Jovanovi\u0107 iz Stranke za \u017eivot, Begija Smaji\u0107 iz Stranke za BiH, Jusuf Arifagi\u0107 \u010dlan rukovodstva Platforme za progres, Igor Baluk\u010di\u0107 iz HDZ-a 1990, Franjo Juki\u0107 iz HDZ-a BiH, nezavisni kandidat Marko Jorgi\u0107, te Ivo Kamenja\u0161evi\u0107 iz Hrvatske selja\u010dke stranke.<\/p>\n\n\n\n<p class=\"wp-block-paragraph\"><\/p>\n","protected":false},"excerpt":{"rendered":"<p>Od Begi\u0107a do Save Mini\u0107a. Eto tako bi se ukratko mogla opisati lista kandidata za predsjednika Republike Srpske<\/p>\n","protected":false},"author":1,"featured_media":1484,"comment_status":"open","ping_status":"open","sticky":false,"template":"","format":"standard","meta":{"footnotes":""},"categories":[28],"tags":[],"class_list":["post-1482","post","type-post","status-publish","format-standard","has-post-thumbnail","hentry","category-politika"],"yoast_head":"<!-- This site is optimized with the Yoast SEO plugin v28.3 - https:\/\/yoast.com\/product\/yoast-seo-wordpress\/ -->\n<title>12 KANDIDATA ZA PREDSJEDNIKA SRPSKE : Od Begi\u0107a do Mini\u0107a - Direktno<\/title>\n<meta name=\"robots\" content=\"index, follow, max-snippet:-1, max-image-preview:large, max-video-preview:-1\" \/>\n<link rel=\"canonical\" href=\"https:\/\/direktno.info\/index.php\/2026\/08\/30\/12-kandidata-za-predsjednika-srpske-od-begica-do-minica\/\" \/>\n<meta property=\"og:locale\" content=\"hr_HR\" \/>\n<meta property=\"og:type\" content=\"article\" \/>\n<meta property=\"og:title\" content=\"12 KANDIDATA ZA PREDSJEDNIKA SRPSKE : Od Begi\u0107a do Mini\u0107a - Direktno\" \/>\n<meta property=\"og:description\" content=\"Od Begi\u0107a do Save Mini\u0107a. Eto tako bi se ukratko mogla opisati lista kandidata za predsjednika Republike Srpske\" \/>\n<meta property=\"og:url\" content=\"https:\/\/direktno.info\/index.php\/2026\/08\/30\/12-kandidata-za-predsjednika-srpske-od-begica-do-minica\/\" \/>\n<meta property=\"og:site_name\" content=\"Direktno\" \/>\n<meta property=\"article:publisher\" content=\"https:\/\/www.facebook.com\/share\/1Jy4gXyc5u\/\" \/>\n<meta property=\"article:published_time\" content=\"2026-08-30T21:23:46+00:00\" \/>\n<meta property=\"article:modified_time\" content=\"2026-08-30T21:23:47+00:00\" \/>\n<meta property=\"og:image\" content=\"http:\/\/direktno.info\/wp-content\/uploads\/2026\/08\/d361f6bdd5a4490b94fb7d0fadf2211b-medium.webp\" \/>\n\t<meta property=\"og:image:width\" content=\"800\" \/>\n\t<meta property=\"og:image:height\" content=\"490\" \/>\n\t<meta property=\"og:image:type\" content=\"image\/webp\" \/>\n<meta name=\"author\" content=\"novinar0603\" \/>\n<meta name=\"twitter:card\" content=\"summary_large_image\" \/>\n<meta name=\"twitter:label1\" content=\"Napisao\/la\" \/>\n\t<meta name=\"twitter:data1\" content=\"novinar0603\" \/>\n\t<meta name=\"twitter:label2\" content=\"Procijenjeno vrijeme \u010ditanja\" \/>\n\t<meta name=\"twitter:data2\" content=\"1 minuta\" \/>\n<script type=\"application\/ld+json\" class=\"yoast-schema-graph\">{\"@context\":\"https:\\\/\\\/schema.org\",\"@graph\":[{\"@type\":\"Article\",\"@id\":\"https:\\\/\\\/direktno.info\\\/index.php\\\/2026\\\/08\\\/30\\\/12-kandidata-za-predsjednika-srpske-od-begica-do-minica\\\/#article\",\"isPartOf\":{\"@id\":\"https:\\\/\\\/direktno.info\\\/index.php\\\/2026\\\/08\\\/30\\\/12-kandidata-za-predsjednika-srpske-od-begica-do-minica\\\/\"},\"author\":{\"name\":\"novinar0603\",\"@id\":\"https:\\\/\\\/direktno.info\\\/#\\\/schema\\\/person\\\/05fbdaecab81c27dec7cc131a9b37be1\"},\"headline\":\"12 KANDIDATA ZA PREDSJEDNIKA SRPSKE : Od Begi\u0107a do Mini\u0107a\",\"datePublished\":\"2026-08-30T21:23:46+00:00\",\"dateModified\":\"2026-08-30T21:23:47+00:00\",\"mainEntityOfPage\":{\"@id\":\"https:\\\/\\\/direktno.info\\\/index.php\\\/2026\\\/08\\\/30\\\/12-kandidata-za-predsjednika-srpske-od-begica-do-minica\\\/\"},\"wordCount\":129,\"commentCount\":0,\"publisher\":{\"@id\":\"https:\\\/\\\/direktno.info\\\/#organization\"},\"image\":{\"@id\":\"https:\\\/\\\/direktno.info\\\/index.php\\\/2026\\\/08\\\/30\\\/12-kandidata-za-predsjednika-srpske-od-begica-do-minica\\\/#primaryimage\"},\"thumbnailUrl\":\"https:\\\/\\\/direktno.info\\\/wp-content\\\/uploads\\\/2026\\\/08\\\/d361f6bdd5a4490b94fb7d0fadf2211b-medium.webp\",\"articleSection\":[\"Politika\"],\"inLanguage\":\"hr\",\"potentialAction\":[{\"@type\":\"CommentAction\",\"name\":\"Comment\",\"target\":[\"https:\\\/\\\/direktno.info\\\/index.php\\\/2026\\\/08\\\/30\\\/12-kandidata-za-predsjednika-srpske-od-begica-do-minica\\\/#respond\"]}]},{\"@type\":\"WebPage\",\"@id\":\"https:\\\/\\\/direktno.info\\\/index.php\\\/2026\\\/08\\\/30\\\/12-kandidata-za-predsjednika-srpske-od-begica-do-minica\\\/\",\"url\":\"https:\\\/\\\/direktno.info\\\/index.php\\\/2026\\\/08\\\/30\\\/12-kandidata-za-predsjednika-srpske-od-begica-do-minica\\\/\",\"name\":\"12 KANDIDATA ZA PREDSJEDNIKA SRPSKE : Od Begi\u0107a do Mini\u0107a - Direktno\",\"isPartOf\":{\"@id\":\"https:\\\/\\\/direktno.info\\\/#website\"},\"primaryImageOfPage\":{\"@id\":\"https:\\\/\\\/direktno.info\\\/index.php\\\/2026\\\/08\\\/30\\\/12-kandidata-za-predsjednika-srpske-od-begica-do-minica\\\/#primaryimage\"},\"image\":{\"@id\":\"https:\\\/\\\/direktno.info\\\/index.php\\\/2026\\\/08\\\/30\\\/12-kandidata-za-predsjednika-srpske-od-begica-do-minica\\\/#primaryimage\"},\"thumbnailUrl\":\"https:\\\/\\\/direktno.info\\\/wp-content\\\/uploads\\\/2026\\\/08\\\/d361f6bdd5a4490b94fb7d0fadf2211b-medium.webp\",\"datePublished\":\"2026-08-30T21:23:46+00:00\",\"dateModified\":\"2026-08-30T21:23:47+00:00\",\"breadcrumb\":{\"@id\":\"https:\\\/\\\/direktno.info\\\/index.php\\\/2026\\\/08\\\/30\\\/12-kandidata-za-predsjednika-srpske-od-begica-do-minica\\\/#breadcrumb\"},\"inLanguage\":\"hr\",\"potentialAction\":[{\"@type\":\"ReadAction\",\"target\":[\"https:\\\/\\\/direktno.info\\\/index.php\\\/2026\\\/08\\\/30\\\/12-kandidata-za-predsjednika-srpske-od-begica-do-minica\\\/\"]}]},{\"@type\":\"ImageObject\",\"inLanguage\":\"hr\",\"@id\":\"https:\\\/\\\/direktno.info\\\/index.php\\\/2026\\\/08\\\/30\\\/12-kandidata-za-predsjednika-srpske-od-begica-do-minica\\\/#primaryimage\",\"url\":\"https:\\\/\\\/direktno.info\\\/wp-content\\\/uploads\\\/2026\\\/08\\\/d361f6bdd5a4490b94fb7d0fadf2211b-medium.webp\",\"contentUrl\":\"https:\\\/\\\/direktno.info\\\/wp-content\\\/uploads\\\/2026\\\/08\\\/d361f6bdd5a4490b94fb7d0fadf2211b-medium.webp\",\"width\":800,\"height\":490},{\"@type\":\"BreadcrumbList\",\"@id\":\"https:\\\/\\\/direktno.info\\\/index.php\\\/2026\\\/08\\\/30\\\/12-kandidata-za-predsjednika-srpske-od-begica-do-minica\\\/#breadcrumb\",\"itemListElement\":[{\"@type\":\"ListItem\",\"position\":1,\"name\":\"Po\u010detna stranica\",\"item\":\"https:\\\/\\\/direktno.info\\\/\"},{\"@type\":\"ListItem\",\"position\":2,\"name\":\"12 KANDIDATA ZA PREDSJEDNIKA SRPSKE : Od Begi\u0107a do Mini\u0107a\"}]},{\"@type\":\"WebSite\",\"@id\":\"https:\\\/\\\/direktno.info\\\/#website\",\"url\":\"https:\\\/\\\/direktno.info\\\/\",\"name\":\"Direktno\",\"description\":\"\",\"publisher\":{\"@id\":\"https:\\\/\\\/direktno.info\\\/#organization\"},\"potentialAction\":[{\"@type\":\"SearchAction\",\"target\":{\"@type\":\"EntryPoint\",\"urlTemplate\":\"https:\\\/\\\/direktno.info\\\/?s={search_term_string}\"},\"query-input\":{\"@type\":\"PropertyValueSpecification\",\"valueRequired\":true,\"valueName\":\"search_term_string\"}}],\"inLanguage\":\"hr\"},{\"@type\":\"Organization\",\"@id\":\"https:\\\/\\\/direktno.info\\\/#organization\",\"name\":\"Direktno\",\"url\":\"https:\\\/\\\/direktno.info\\\/\",\"logo\":{\"@type\":\"ImageObject\",\"inLanguage\":\"hr\",\"@id\":\"https:\\\/\\\/direktno.info\\\/#\\\/schema\\\/logo\\\/image\\\/\",\"url\":\"https:\\\/\\\/direktno.info\\\/wp-content\\\/uploads\\\/2026\\\/08\\\/direktno_logo_white.png\",\"contentUrl\":\"https:\\\/\\\/direktno.info\\\/wp-content\\\/uploads\\\/2026\\\/08\\\/direktno_logo_white.png\",\"width\":1600,\"height\":340,\"caption\":\"Direktno\"},\"image\":{\"@id\":\"https:\\\/\\\/direktno.info\\\/#\\\/schema\\\/logo\\\/image\\\/\"},\"sameAs\":[\"https:\\\/\\\/www.facebook.com\\\/share\\\/1Jy4gXyc5u\\\/\"]},{\"@type\":\"Person\",\"@id\":\"https:\\\/\\\/direktno.info\\\/#\\\/schema\\\/person\\\/05fbdaecab81c27dec7cc131a9b37be1\",\"name\":\"novinar0603\",\"image\":{\"@type\":\"ImageObject\",\"inLanguage\":\"hr\",\"@id\":\"https:\\\/\\\/secure.gravatar.com\\\/avatar\\\/ede9d7f54b6164109c0b03742da40f108052ff362d7f85a6850f3cb67bd3d495?s=96&d=mm&r=g\",\"url\":\"https:\\\/\\\/secure.gravatar.com\\\/avatar\\\/ede9d7f54b6164109c0b03742da40f108052ff362d7f85a6850f3cb67bd3d495?s=96&d=mm&r=g\",\"contentUrl\":\"https:\\\/\\\/secure.gravatar.com\\\/avatar\\\/ede9d7f54b6164109c0b03742da40f108052ff362d7f85a6850f3cb67bd3d495?s=96&d=mm&r=g\",\"caption\":\"novinar0603\"},\"sameAs\":[\"http:\\\/\\\/direktno.info\"],\"url\":\"https:\\\/\\\/direktno.info\\\/index.php\\\/author\\\/novinar0603\\\/\"}]}<\/script>\n<!-- \/ Yoast SEO plugin. -->","yoast_head_json":{"title":"12 KANDIDATA ZA PREDSJEDNIKA SRPSKE : Od Begi\u0107a do Mini\u0107a - Direktno","robots":{"index":"index","follow":"follow","max-snippet":"max-snippet:-1","max-image-preview":"max-image-preview:large","max-video-preview":"max-video-preview:-1"},"canonical":"https:\/\/direktno.info\/index.php\/2026\/08\/30\/12-kandidata-za-predsjednika-srpske-od-begica-do-minica\/","og_locale":"hr_HR","og_type":"article","og_title":"12 KANDIDATA ZA PREDSJEDNIKA SRPSKE : Od Begi\u0107a do Mini\u0107a - Direktno","og_description":"Od Begi\u0107a do Save Mini\u0107a. Eto tako bi se ukratko mogla opisati lista kandidata za predsjednika Republike Srpske","og_url":"https:\/\/direktno.info\/index.php\/2026\/08\/30\/12-kandidata-za-predsjednika-srpske-od-begica-do-minica\/","og_site_name":"Direktno","article_publisher":"https:\/\/www.facebook.com\/share\/1Jy4gXyc5u\/","article_published_time":"2026-08-30T21:23:46+00:00","article_modified_time":"2026-08-30T21:23:47+00:00","og_image":[{"width":800,"height":490,"url":"http:\/\/direktno.info\/wp-content\/uploads\/2026\/08\/d361f6bdd5a4490b94fb7d0fadf2211b-medium.webp","type":"image\/webp"}],"author":"novinar0603","twitter_card":"summary_large_image","twitter_misc":{"Napisao\/la":"novinar0603","Procijenjeno vrijeme \u010ditanja":"1 minuta"},"schema":{"@context":"https:\/\/schema.org","@graph":[{"@type":"Article","@id":"https:\/\/direktno.info\/index.php\/2026\/08\/30\/12-kandidata-za-predsjednika-srpske-od-begica-do-minica\/#article","isPartOf":{"@id":"https:\/\/direktno.info\/index.php\/2026\/08\/30\/12-kandidata-za-predsjednika-srpske-od-begica-do-minica\/"},"author":{"name":"novinar0603","@id":"https:\/\/direktno.info\/#\/schema\/person\/05fbdaecab81c27dec7cc131a9b37be1"},"headline":"12 KANDIDATA ZA PREDSJEDNIKA SRPSKE : Od Begi\u0107a do Mini\u0107a","datePublished":"2026-08-30T21:23:46+00:00","dateModified":"2026-08-30T21:23:47+00:00","mainEntityOfPage":{"@id":"https:\/\/direktno.info\/index.php\/2026\/08\/30\/12-kandidata-za-predsjednika-srpske-od-begica-do-minica\/"},"wordCount":129,"commentCount":0,"publisher":{"@id":"https:\/\/direktno.info\/#organization"},"image":{"@id":"https:\/\/direktno.info\/index.php\/2026\/08\/30\/12-kandidata-za-predsjednika-srpske-od-begica-do-minica\/#primaryimage"},"thumbnailUrl":"https:\/\/direktno.info\/wp-content\/uploads\/2026\/08\/d361f6bdd5a4490b94fb7d0fadf2211b-medium.webp","articleSection":["Politika"],"inLanguage":"hr","potentialAction":[{"@type":"CommentAction","name":"Comment","target":["https:\/\/direktno.info\/index.php\/2026\/08\/30\/12-kandidata-za-predsjednika-srpske-od-begica-do-minica\/#respond"]}]},{"@type":"WebPage","@id":"https:\/\/direktno.info\/index.php\/2026\/08\/30\/12-kandidata-za-predsjednika-srpske-od-begica-do-minica\/","url":"https:\/\/direktno.info\/index.php\/2026\/08\/30\/12-kandidata-za-predsjednika-srpske-od-begica-do-minica\/","name":"12 KANDIDATA ZA PREDSJEDNIKA SRPSKE : Od Begi\u0107a do Mini\u0107a - Direktno","isPartOf":{"@id":"https:\/\/direktno.info\/#website"},"primaryImageOfPage":{"@id":"https:\/\/direktno.info\/index.php\/2026\/08\/30\/12-kandidata-za-predsjednika-srpske-od-begica-do-minica\/#primaryimage"},"image":{"@id":"https:\/\/direktno.info\/index.php\/2026\/08\/30\/12-kandidata-za-predsjednika-srpske-od-begica-do-minica\/#primaryimage"},"thumbnailUrl":"https:\/\/direktno.info\/wp-content\/uploads\/2026\/08\/d361f6bdd5a4490b94fb7d0fadf2211b-medium.webp","datePublished":"2026-08-30T21:23:46+00:00","dateModified":"2026-08-30T21:23:47+00:00","breadcrumb":{"@id":"https:\/\/direktno.info\/index.php\/2026\/08\/30\/12-kandidata-za-predsjednika-srpske-od-begica-do-minica\/#breadcrumb"},"inLanguage":"hr","potentialAction":[{"@type":"ReadAction","target":["https:\/\/direktno.info\/index.php\/2026\/08\/30\/12-kandidata-za-predsjednika-srpske-od-begica-do-minica\/"]}]},{"@type":"ImageObject","inLanguage":"hr","@id":"https:\/\/direktno.info\/index.php\/2026\/08\/30\/12-kandidata-za-predsjednika-srpske-od-begica-do-minica\/#primaryimage","url":"https:\/\/direktno.info\/wp-content\/uploads\/2026\/08\/d361f6bdd5a4490b94fb7d0fadf2211b-medium.webp","contentUrl":"https:\/\/direktno.info\/wp-content\/uploads\/2026\/08\/d361f6bdd5a4490b94fb7d0fadf2211b-medium.webp","width":800,"height":490},{"@type":"BreadcrumbList","@id":"https:\/\/direktno.info\/index.php\/2026\/08\/30\/12-kandidata-za-predsjednika-srpske-od-begica-do-minica\/#breadcrumb","itemListElement":[{"@type":"ListItem","position":1,"name":"Po\u010detna stranica","item":"https:\/\/direktno.info\/"},{"@type":"ListItem","position":2,"name":"12 KANDIDATA ZA PREDSJEDNIKA SRPSKE : Od Begi\u0107a do Mini\u0107a"}]},{"@type":"WebSite","@id":"https:\/\/direktno.info\/#website","url":"https:\/\/direktno.info\/","name":"Direktno","description":"","publisher":{"@id":"https:\/\/direktno.info\/#organization"},"potentialAction":[{"@type":"SearchAction","target":{"@type":"EntryPoint","urlTemplate":"https:\/\/direktno.info\/?s={search_term_string}"},"query-input":{"@type":"PropertyValueSpecification","valueRequired":true,"valueName":"search_term_string"}}],"inLanguage":"hr"},{"@type":"Organization","@id":"https:\/\/direktno.info\/#organization","name":"Direktno","url":"https:\/\/direktno.info\/","logo":{"@type":"ImageObject","inLanguage":"hr","@id":"https:\/\/direktno.info\/#\/schema\/logo\/image\/","url":"https:\/\/direktno.info\/wp-content\/uploads\/2026\/08\/direktno_logo_white.png","contentUrl":"https:\/\/direktno.info\/wp-content\/uploads\/2026\/08\/direktno_logo_white.png","width":1600,"height":340,"caption":"Direktno"},"image":{"@id":"https:\/\/direktno.info\/#\/schema\/logo\/image\/"},"sameAs":["https:\/\/www.facebook.com\/share\/1Jy4gXyc5u\/"]},{"@type":"Person","@id":"https:\/\/direktno.info\/#\/schema\/person\/05fbdaecab81c27dec7cc131a9b37be1","name":"novinar0603","image":{"@type":"ImageObject","inLanguage":"hr","@id":"https:\/\/secure.gravatar.com\/avatar\/ede9d7f54b6164109c0b03742da40f108052ff362d7f85a6850f3cb67bd3d495?s=96&d=mm&r=g","url":"https:\/\/secure.gravatar.com\/avatar\/ede9d7f54b6164109c0b03742da40f108052ff362d7f85a6850f3cb67bd3d495?s=96&d=mm&r=g","contentUrl":"https:\/\/secure.gravatar.com\/avatar\/ede9d7f54b6164109c0b03742da40f108052ff362d7f85a6850f3cb67bd3d495?s=96&d=mm&r=g","caption":"novinar0603"},"sameAs":["http:\/\/direktno.info"],"url":"https:\/\/direktno.info\/index.php\/author\/novinar0603\/"}]}},"_links":{"self":[{"href":"https:\/\/direktno.info\/index.php\/wp-json\/wp\/v2\/posts\/1482","targetHints":{"allow":["GET"]}}],"collection":[{"href":"https:\/\/direktno.info\/index.php\/wp-json\/wp\/v2\/posts"}],"about":[{"href":"https:\/\/direktno.info\/index.php\/wp-json\/wp\/v2\/types\/post"}],"author":[{"embeddable":true,"href":"https:\/\/direktno.info\/index.php\/wp-json\/wp\/v2\/users\/1"}],"replies":[{"embeddable":true,"href":"https:\/\/direktno.info\/index.php\/wp-json\/wp\/v2\/comments?post=1482"}],"version-history":[{"count":1,"href":"https:\/\/direktno.info\/index.php\/wp-json\/wp\/v2\/posts\/1482\/revisions"}],"predecessor-version":[{"id":1485,"href":"https:\/\/direktno.info\/index.php\/wp-json\/wp\/v2\/posts\/1482\/revisions\/1485"}],"wp:featuredmedia":[{"embeddable":true,"href":"https:\/\/direktno.info\/index.php\/wp-json\/wp\/v2\/media\/1484"}],"wp:attachment":[{"href":"https:\/\/direktno.info\/index.php\/wp-json\/wp\/v2\/media?parent=1482"}],"wp:term":[{"taxonomy":"category","embeddable":true,"href":"https:\/\/direktno.info\/index.php\/wp-json\/wp\/v2\/categories?post=1482"},{"taxonomy":"post_tag","embeddable":true,"href":"https:\/\/direktno.info\/index.php\/wp-json\/wp\/v2\/tags?post=1482"}],"curies":[{"name":"wp","href":"https:\/\/api.w.org\/{rel}","templated":true}]}}